{"id":58778,"date":"2026-04-07T08:11:39","date_gmt":"2026-04-07T08:11:39","guid":{"rendered":"https:\/\/www.volkswagen.es\/comunicacion\/?p=58778"},"modified":"2026-04-07T14:19:35","modified_gmt":"2026-04-07T14:19:35","slug":"volkswagen-navarra-supera-el-objetivo-de-mejora-medioambiental-de-la-marca-volkswagen-para-el-periodo-2010-2025","status":"publish","type":"post","link":"https:\/\/www.volkswagen.es\/comunicacion\/volkswagen-navarra-supera-el-objetivo-de-mejora-medioambiental-de-la-marca-volkswagen-para-el-periodo-2010-2025\/","title":{"rendered":"Volkswagen Navarra supera el objetivo de mejora medioambiental de la marca Volkswagen para el periodo 2010-2025"},"content":{"rendered":"<p><strong>Volkswagen Navarra ha superado en un 11 % el objetivo de mejora medioambiental del 29,1 % que la marca Volkswagen le adjudic\u00f3 para el periodo 2010-2025<\/strong><\/p>\n<p>La marca Volkswagen examina anualmente, en cada una de las quince f\u00e1bricas de todo el mundo que integran la estrategia ambiental Think Blue. Factory., el consumo de energ\u00eda y el de agua, las emisiones de CO2, las de disolventes y la gesti\u00f3n de residuos para, de esta manera, medir el impacto ambiental en la producci\u00f3n de cada veh\u00edculo. Volkswagen Navarra no s\u00f3lo ha superado el list\u00f3n marcado, sino que, adem\u00e1s, se ha situado en los primeros puestos de cada uno de esos cinco indicadores.<\/p>\n<p>Como datos m\u00e1s relevantes, cabe destacar la reducci\u00f3n del 90 % en los residuos destinados a la eliminaci\u00f3n en vertedero, y la permanencia durante los \u00faltimos quince a\u00f1os en el primer puesto en cuanto al menor consumo de agua por coche fabricado.<\/p>\n<p>Cuando en el a\u00f1o 2010 la marca Volkswagen puso en marcha la estrategia Think Blue. Factory., su objetivo era reducir el impacto ambiental de la producci\u00f3n un 45 % por cada coche fabricado hasta 2025. Volkswagen Navarra ya ten\u00eda unos valores de eficacia medioambiental muy notables al inicio de la campa\u00f1a, raz\u00f3n por la cual el objetivo general para todas las f\u00e1bricas de la marca Volkswagen se adapt\u00f3 hasta dejarlo en un 29,1% para la factor\u00eda de Pamplona.<\/p>\n<p><strong>Producci\u00f3n eficiente de coches eficientes<\/strong><\/p>\n<p>Ana Moreno, responsable del \u00e1rea de Medio Ambiente de Volkswagen Navarra, resalta el compromiso de toda la plantilla: \u201cPara Volkswagen Navarra fabricar coches significa mucho m\u00e1s que producir veh\u00edculos cada vez m\u00e1s eficientes. Tenemos el convencimiento de que los coches eficientes deben proceder, tambi\u00e9n, de una producci\u00f3n eficiente. As\u00ed, todos los proyectos de inversi\u00f3n de Volkswagen Navarra pasan por una revisi\u00f3n ambiental para garantizar que se implementan las mejores tecnolog\u00edas disponibles en el mercado en este \u00e1mbito\u201d.<\/p>\n<p>Moreno destaca el hecho de que todas las \u00e1reas de la f\u00e1brica tienen de uno a tres coordinadores de medio ambiente, hasta alcanzar un equipo de treinta y dos trabajadores, que \u201cact\u00faan como interlocutores de sus compa\u00f1eros y velan por que la protecci\u00f3n ambiental sea m\u00e1xima\u201d.<\/p>\n<p>A partir de 2026, la marca Volkswagen inicia una nueva estrategia, denominada Zero Impact Factory, con un objetivo a\u00fan m\u00e1s ambicioso: alcanzar un impacto ambiental neutro en 2050.<\/p>\n","protected":false},"excerpt":{"rendered":"Sobrepasa en un 11% la meta de la reducci\u00f3n del impacto medioambiental del 29,1% en el proceso de fabricaci\u00f3n de cada veh\u00edculo","protected":false},"author":13,"featured_media":58780,"comment_status":"open","ping_status":"open","sticky":false,"template":"","format":"standard","meta":{"_acf_changed":false,"ep_exclude_from_search":false,"footnotes":""},"categories":[303],"tags":[],"class_list":["post-58778","post","type-post","status-publish","format-standard","has-post-thumbnail","hentry","category-vw-navarra"],"acf":[],"_links":{"self":[{"href":"https:\/\/www.volkswagen.es\/comunicacion\/wp-json\/wp\/v2\/posts\/58778","targetHints":{"allow":["GET"]}}],"collection":[{"href":"https:\/\/www.volkswagen.es\/comunicacion\/wp-json\/wp\/v2\/posts"}],"about":[{"href":"https:\/\/www.volkswagen.es\/comunicacion\/wp-json\/wp\/v2\/types\/post"}],"author":[{"embeddable":true,"href":"https:\/\/www.volkswagen.es\/comunicacion\/wp-json\/wp\/v2\/users\/13"}],"replies":[{"embeddable":true,"href":"https:\/\/www.volkswagen.es\/comunicacion\/wp-json\/wp\/v2\/comments?post=58778"}],"version-history":[{"count":3,"href":"https:\/\/www.volkswagen.es\/comunicacion\/wp-json\/wp\/v2\/posts\/58778\/revisions"}],"predecessor-version":[{"id":58784,"href":"https:\/\/www.volkswagen.es\/comunicacion\/wp-json\/wp\/v2\/posts\/58778\/revisions\/58784"}],"wp:featuredmedia":[{"embeddable":true,"href":"https:\/\/www.volkswagen.es\/comunicacion\/wp-json\/wp\/v2\/media\/58780"}],"wp:attachment":[{"href":"https:\/\/www.volkswagen.es\/comunicacion\/wp-json\/wp\/v2\/media?parent=58778"}],"wp:term":[{"taxonomy":"category","embeddable":true,"href":"https:\/\/www.volkswagen.es\/comunicacion\/wp-json\/wp\/v2\/categories?post=58778"},{"taxonomy":"post_tag","embeddable":true,"href":"https:\/\/www.volkswagen.es\/comunicacion\/wp-json\/wp\/v2\/tags?post=58778"}],"curies":[{"name":"wp","href":"https:\/\/api.w.org\/{rel}","templated":true}]}}