{"id":58675,"date":"2026-01-21T14:57:22","date_gmt":"2026-01-21T14:57:22","guid":{"rendered":"https:\/\/www.volkswagen.es\/comunicacion\/?p=58675"},"modified":"2026-01-21T14:58:52","modified_gmt":"2026-01-21T14:58:52","slug":"el-nuevo-modelo-de-direccion-entre-marcas-para-el-brand-group-core-fortalece-las-bases-para-ofrecer-productos-mas-competitivos-y-una-mayor-eficiencia","status":"publish","type":"post","link":"https:\/\/www.volkswagen.es\/comunicacion\/el-nuevo-modelo-de-direccion-entre-marcas-para-el-brand-group-core-fortalece-las-bases-para-ofrecer-productos-mas-competitivos-y-una-mayor-eficiencia\/","title":{"rendered":"El nuevo modelo de direcci\u00f3n entre marcas para el Brand Group Core fortalece las bases para ofrecer productos m\u00e1s competitivos y una mayor eficiencia"},"content":{"rendered":"<p><em>\u00abNuestro modelo de direcci\u00f3n sin\u00e9rgica es el siguiente paso en nuestra cooperaci\u00f3n. La nueva direcci\u00f3n del Brand Group Core aporta mayor rapidez y direcci\u00f3n para obtener un resultado \u00f3ptimo entre marcas. Por eso nos centramos en la eficiencia de la gesti\u00f3n y en acelerar los procesos para obtener productos m\u00e1s competitivos. La nueva gobernanza reduce los costes y las estructuras &#8211; al tiempo que aumenta nuestro nivel de eficiencia. Esta reorganizaci\u00f3n es un paso importante para la viabilidad futura del n\u00facleo del Brand Group Core\u201d.<\/em><\/p>\n<p><strong>Thomas Sch\u00e4fer, miembro del Comit\u00e9 Ejecutivo del Grupo Volkswagen, CEO de Volkswagen Turismos y director del Brand Group Core<\/strong><\/p>\n<p>El Brand Group Core (BGC), la unidad organizativa del Grupo Volkswagen que comprende las marcas de gran volumen Volkswagen Turismos, \u0160koda, SEAT&amp;CUPRA y Volkswagen Veh\u00edculos Comerciales, da un paso m\u00e1s en su exitosa cooperaci\u00f3n. A partir de este mes de enero, un modelo de direcci\u00f3n global sienta las bases para una organizaci\u00f3n m\u00e1s eficiente y competitiva.<\/p>\n<p>Como m\u00e1ximo \u00f3rgano de gesti\u00f3n del BGC, el reci\u00e9n creado Comit\u00e9 Ejecutivo del Brand Group Core tomar\u00e1 en adelante las decisiones que afecten a todas las marcas.<\/p>\n<p>El objetivo general es racionalizar los procesos, las estructuras y las v\u00edas de toma de decisiones. Una mayor priorizaci\u00f3n de las decisiones en inter\u00e9s del grupo de marcas conducir\u00e1 a un mayor nivel de eficiencia dentro del BGC. En adelante, las funciones de Producci\u00f3n (P), Desarrollo T\u00e9cnico (TE) y Compras (B) ser\u00e1n gestionadas a nivel transversal por el Comit\u00e9 Ejecutivo del Brand Group Core.<\/p>\n<p><strong>Nuevo modelo de direcci\u00f3n<\/strong><\/p>\n<p>En general, el nuevo modelo de direcci\u00f3n del Brand Group Core racionalizar\u00e1 los \u00f3rganos ejecutivos de las marcas de gran volumen: en una primera fase, el n\u00famero total de miembros de los comit\u00e9s ejecutivos de las cuatro marcas de gran volumen que componen el BGC se reducir\u00e1 en aproximadamente un tercio para el verano de 2026. A medio plazo, la reorganizaci\u00f3n prevista racionalizar\u00e1 sucesivamente las estructuras de gesti\u00f3n dentro del Brand Group Core.<\/p>\n<p><img decoding=\"async\" class=\"aligncenter wp-image-58678 \" src=\"https:\/\/vw-wp-multisite.s3.eu-west-1.amazonaws.com\/wp-content\/uploads\/sites\/4\/2026\/01\/21144830\/Imagen1.png\" alt=\"\" width=\"619\" height=\"348\" srcset=\"https:\/\/vw-wp-multisite.s3.eu-west-1.amazonaws.com\/wp-content\/uploads\/sites\/4\/2026\/01\/21144830\/Imagen1.png 578w, https:\/\/vw-wp-multisite.s3.eu-west-1.amazonaws.com\/wp-content\/uploads\/sites\/4\/2026\/01\/21144830\/Imagen1-455x256.png 455w, https:\/\/vw-wp-multisite.s3.eu-west-1.amazonaws.com\/wp-content\/uploads\/sites\/4\/2026\/01\/21144830\/Imagen1-205x115.png 205w, https:\/\/vw-wp-multisite.s3.eu-west-1.amazonaws.com\/wp-content\/uploads\/sites\/4\/2026\/01\/21144830\/Imagen1-75x42.png 75w\" sizes=\"(max-width: 619px) 100vw, 619px\" \/><\/p>\n<p>&nbsp;<\/p>\n<p><strong>Uso constante de sinergias y efectos de escalado<\/strong><\/p>\n<p>El nuevo modelo de gesti\u00f3n aprovechar\u00e1 a\u00fan m\u00e1s las sinergias y los efectos de escalado existentes &#8211; generando as\u00ed beneficios de costes entre marcas.<\/p>\n<p>La implementaci\u00f3n de actividades operativas dentro del Brand Group Core ser\u00e1 m\u00e1s r\u00e1pida, mientras que el enfoque a nivel de grupo se centrar\u00e1 en \u00e1reas estrat\u00e9gicas, como el software y las bater\u00edas. En el futuro, la responsabilidad se distribuir\u00e1 de forma m\u00e1s equitativa \u2013 se desplegar\u00e1n competencias regionales y especializadas donde generen mayores beneficios para toda la organizaci\u00f3n.<\/p>\n<p><strong>Ejemplo: Futura gobernanza de la producci\u00f3n<\/strong><\/p>\n<p>Solo en Producci\u00f3n (P), la reorganizaci\u00f3n aprobada del modelo de direcci\u00f3n desbloquea un potencial acumulado de ahorro de mil millones de euros hasta 2030.<\/p>\n<p>El nuevo modelo de gesti\u00f3n de la futura gobernanza de la producci\u00f3n forma parte del programa de rendimiento continuo de Volkswagen AG, al tiempo que aprovecha un potencial adicional. Se caracteriza por procesos m\u00e1s \u00e1giles en las m\u00e1s de 20 plantas de producci\u00f3n de BGC en todo el mundo, que en el futuro se organizar\u00e1n en cinco regiones de producci\u00f3n. En adelante, la direcci\u00f3n regional ser\u00e1 responsable de la planificaci\u00f3n, la direcci\u00f3n y la log\u00edstica entre marcas y pa\u00edses. Dentro de este sistema, las regiones ser\u00e1n m\u00e1s independientes, m\u00e1s eficientes y flexibles.<\/p>\n<p>El nuevo modelo de gesti\u00f3n se puso en marcha en la Pen\u00ednsula Ib\u00e9rica, donde las plantas de producci\u00f3n se han agrupado para formar un cl\u00faster entre marcas.<\/p>\n<p><strong>Pieza clave para los objetivos de rentabilidad a largo plazo<\/strong><\/p>\n<p>Las medidas aprobadas son una pieza clave para lograr un aumento sostenible de la rentabilidad de BGC. El nuevo modelo de gesti\u00f3n intermarcas, con responsabilidades claramente definidas y una r\u00e1pida toma de decisiones, impulsar\u00e1 la competitividad de toda la gama de modelos de las marcas del Brand Group Core.<\/p>\n<p>El principio es: una gesti\u00f3n empresarial s\u00f3lida y una marca individualizada, impulsadas por una potencia interna \u00e1gil y eficiente.<\/p>\n<p>El nuevo modelo de direcci\u00f3n comienza en enero de 2026 y su implementaci\u00f3n estar\u00e1 completamente finalizada para el verano de 2026.<\/p>\n","protected":false},"excerpt":{"rendered":"Se ha creado un nuevo Comit\u00e9 Ejecutivo para el Brand Group Core (BGC) con el fin de tomar decisiones transversales entre marcas en el futuro La reorganizaci\u00f3n agiliza los procesos, la toma de decisiones y","protected":false},"author":13,"featured_media":58678,"comment_status":"open","ping_status":"open","sticky":false,"template":"","format":"standard","meta":{"_acf_changed":false,"ep_exclude_from_search":false,"footnotes":""},"categories":[279],"tags":[],"class_list":["post-58675","post","type-post","status-publish","format-standard","has-post-thumbnail","hentry","category-corporativo"],"acf":[],"_links":{"self":[{"href":"https:\/\/www.volkswagen.es\/comunicacion\/wp-json\/wp\/v2\/posts\/58675","targetHints":{"allow":["GET"]}}],"collection":[{"href":"https:\/\/www.volkswagen.es\/comunicacion\/wp-json\/wp\/v2\/posts"}],"about":[{"href":"https:\/\/www.volkswagen.es\/comunicacion\/wp-json\/wp\/v2\/types\/post"}],"author":[{"embeddable":true,"href":"https:\/\/www.volkswagen.es\/comunicacion\/wp-json\/wp\/v2\/users\/13"}],"replies":[{"embeddable":true,"href":"https:\/\/www.volkswagen.es\/comunicacion\/wp-json\/wp\/v2\/comments?post=58675"}],"version-history":[{"count":6,"href":"https:\/\/www.volkswagen.es\/comunicacion\/wp-json\/wp\/v2\/posts\/58675\/revisions"}],"predecessor-version":[{"id":58683,"href":"https:\/\/www.volkswagen.es\/comunicacion\/wp-json\/wp\/v2\/posts\/58675\/revisions\/58683"}],"wp:featuredmedia":[{"embeddable":true,"href":"https:\/\/www.volkswagen.es\/comunicacion\/wp-json\/wp\/v2\/media\/58678"}],"wp:attachment":[{"href":"https:\/\/www.volkswagen.es\/comunicacion\/wp-json\/wp\/v2\/media?parent=58675"}],"wp:term":[{"taxonomy":"category","embeddable":true,"href":"https:\/\/www.volkswagen.es\/comunicacion\/wp-json\/wp\/v2\/categories?post=58675"},{"taxonomy":"post_tag","embeddable":true,"href":"https:\/\/www.volkswagen.es\/comunicacion\/wp-json\/wp\/v2\/tags?post=58675"}],"curies":[{"name":"wp","href":"https:\/\/api.w.org\/{rel}","templated":true}]}}