{"id":57939,"date":"2025-06-13T07:56:08","date_gmt":"2025-06-13T07:56:08","guid":{"rendered":"https:\/\/www.volkswagen.es\/comunicacion\/?p=57939"},"modified":"2025-06-13T10:10:16","modified_gmt":"2025-06-13T10:10:16","slug":"volkswagen-lanza-el-torneo-3x3-women-street-challenge-para-descubrir-a-las-futuras-estrellas-del-futbol","status":"publish","type":"post","link":"https:\/\/www.volkswagen.es\/comunicacion\/volkswagen-lanza-el-torneo-3x3-women-street-challenge-para-descubrir-a-las-futuras-estrellas-del-futbol\/","title":{"rendered":"Volkswagen lanza el torneo 3&#215;3 \u201cWomen Street Challenge\u201d para descubrir a las futuras estrellas del f\u00fatbol"},"content":{"rendered":"<p><strong>Volkswagen Espa\u00f1a anuncia el lanzamiento del \u201cWomen Street Challenge\u201d, un torneo urbano de f\u00fatbol femenino 3&#215;3 que busca fomentar el deporte entre j\u00f3venes y encontrar a las futuras estrellas de la pr\u00f3xima generaci\u00f3n. La marca ser\u00e1 patrocinadora de la <\/strong><strong>UEFA EURO Femenina 2025<\/strong><strong>, que se celebrar\u00e1 en Suiza del 2 al 27 de julio<\/strong><\/p>\n<p>El torneo, dirigido a chicas de entre 12 y 21 a\u00f1os, tendr\u00e1 lugar en Barcelona y Madrid durante el mes de junio, en pistas callejeras especialmente habilitadas para la ocasi\u00f3n.\u00a0 La cita ser\u00e1 el pr\u00f3ximo 21 de junio el Moll del Bosch i Alsina de Barcelona y el 28 de junio en la Plaza de Pablo Ruiz Picasso de Madrid.<\/p>\n<p>La competici\u00f3n se disputar\u00e1 en formato 3&#215;3 bajo la din\u00e1mica \u201creina de la pista\u201d: el equipo ganador de cada partido contin\u00faa en juego, acumulando victorias. Pueden inscribirse equipos de tres o cuatro jugadoras, divididos en dos categor\u00edas: Sub16 (12 a 15 a\u00f1os) y Sub21 (16 a 21 a\u00f1os). Cada grupo tendr\u00e1 su propio turno y premio para las campeonas.<\/p>\n<p>El equipo con m\u00e1s victorias en cada sede recibir\u00e1 un exclusivo premio: cada jugadora del equipo ganador disfrutar\u00e1 de un paquete de tres entradas con vuelos y alojamiento incluidos para disfrutar de la final de la UEFA EURO Femenina 2025 en Suiza el pr\u00f3ximo 27 de julio.<\/p>\n<p>Adem\u00e1s, el evento contar\u00e1 con una <em>fan zone<\/em> abierta al p\u00fablico, donde asistentes y acompa\u00f1antes podr\u00e1n participar en actividades interactivas, desaf\u00edos con bal\u00f3n y sorteos de premios, en un ambiente l\u00fadico y familiar con los modelos 100% el\u00e9ctricos de la familia ID. de Volkswagen como grandes protagonistas.<\/p>\n<p>Con esta iniciativa, Volkswagen reafirma su compromiso con el deporte femenino, el talento joven y la celebraci\u00f3n del f\u00fatbol en su forma m\u00e1s aut\u00e9ntica: en la calle, con pasi\u00f3n y compa\u00f1erismo.<\/p>\n<p>&nbsp;<\/p>\n<p><strong>M\u00e1s informaci\u00f3n y formulario de inscripci\u00f3n en <a href=\"http:\/\/volkswagen-newicons.com\">http:\/\/volkswagen-newicons.com<\/a><\/strong><\/p>\n","protected":false},"excerpt":{"rendered":"Se celebrar\u00e1 el 21 de junio en Barcelona y el 28 de junio en Madrid Busca a las nuevas reinas de la pista en dos categor\u00edas: de 12 a 15 y de 16 a 21","protected":false},"author":13,"featured_media":57941,"comment_status":"open","ping_status":"open","sticky":false,"template":"","format":"standard","meta":{"_acf_changed":false,"ep_exclude_from_search":false,"footnotes":""},"categories":[287],"tags":[],"class_list":["post-57939","post","type-post","status-publish","format-standard","has-post-thumbnail","hentry","category-acciones-de-marketing"],"acf":[],"_links":{"self":[{"href":"https:\/\/www.volkswagen.es\/comunicacion\/wp-json\/wp\/v2\/posts\/57939","targetHints":{"allow":["GET"]}}],"collection":[{"href":"https:\/\/www.volkswagen.es\/comunicacion\/wp-json\/wp\/v2\/posts"}],"about":[{"href":"https:\/\/www.volkswagen.es\/comunicacion\/wp-json\/wp\/v2\/types\/post"}],"author":[{"embeddable":true,"href":"https:\/\/www.volkswagen.es\/comunicacion\/wp-json\/wp\/v2\/users\/13"}],"replies":[{"embeddable":true,"href":"https:\/\/www.volkswagen.es\/comunicacion\/wp-json\/wp\/v2\/comments?post=57939"}],"version-history":[{"count":3,"href":"https:\/\/www.volkswagen.es\/comunicacion\/wp-json\/wp\/v2\/posts\/57939\/revisions"}],"predecessor-version":[{"id":58118,"href":"https:\/\/www.volkswagen.es\/comunicacion\/wp-json\/wp\/v2\/posts\/57939\/revisions\/58118"}],"wp:featuredmedia":[{"embeddable":true,"href":"https:\/\/www.volkswagen.es\/comunicacion\/wp-json\/wp\/v2\/media\/57941"}],"wp:attachment":[{"href":"https:\/\/www.volkswagen.es\/comunicacion\/wp-json\/wp\/v2\/media?parent=57939"}],"wp:term":[{"taxonomy":"category","embeddable":true,"href":"https:\/\/www.volkswagen.es\/comunicacion\/wp-json\/wp\/v2\/categories?post=57939"},{"taxonomy":"post_tag","embeddable":true,"href":"https:\/\/www.volkswagen.es\/comunicacion\/wp-json\/wp\/v2\/tags?post=57939"}],"curies":[{"name":"wp","href":"https:\/\/api.w.org\/{rel}","templated":true}]}}