{"id":57897,"date":"2025-05-21T15:56:39","date_gmt":"2025-05-21T15:56:39","guid":{"rendered":"https:\/\/www.volkswagen.es\/comunicacion\/?p=57897"},"modified":"2025-05-21T15:58:57","modified_gmt":"2025-05-21T15:58:57","slug":"iniciativa-pionera-volkswagen-ofrece-a-sus-clientes-de-la-gama-id-un-curso-personalizado-de-conduccion","status":"publish","type":"post","link":"https:\/\/www.volkswagen.es\/comunicacion\/iniciativa-pionera-volkswagen-ofrece-a-sus-clientes-de-la-gama-id-un-curso-personalizado-de-conduccion\/","title":{"rendered":"Iniciativa pionera: Volkswagen ofrece a sus clientes de la gama ID. un curso personalizado de conducci\u00f3n"},"content":{"rendered":"<p>Volkswagen impulsa una formaci\u00f3n pionera dirigida a los propietarios de veh\u00edculos el\u00e9ctricos de la gama ID., con el objetivo de ayudar a los conductores a sacar el m\u00e1ximo partido de sus coches el\u00e9ctricos y promover una conducci\u00f3n m\u00e1s segura y eficiente. La marca pone a disposici\u00f3n de sus clientes los cursos personalizados de la Escuela 1to1, dentro del programa Volkswagen Driving Experience. Una vez m\u00e1s, Volkswagen muestra su talante innovador con una iniciativa pionera. Ya en 2020, y coincidiendo con el lanzamiento del ID.3, Volkswagen se posicion\u00f3 como una de las primeras marcas en Espa\u00f1a en ofrecer un curso de conducci\u00f3n dise\u00f1ado espec\u00edficamente para veh\u00edculos el\u00e9ctricos.<\/p>\n<p>De esta forma, los clientes que opten por uno de los modelos de la gama ID. en Espa\u00f1a acceder\u00e1n a una clase de conducci\u00f3n personalizada de 90 minutos. El cliente puede elegir la fecha, hora y lugar de la sesi\u00f3n, que puede realizarse en su domicilio o en el concesionario m\u00e1s cercano. Durante la clase, un instructor de Volkswagen Driving Experience ofrecer\u00e1 una explicaci\u00f3n detallada del coche, instrucciones sobre carga (p\u00fablica y privada), planificaci\u00f3n de rutas y t\u00e9cnicas de conducci\u00f3n segura y eficiente. Para acceder a este curso, el cliente debe registrarse en el Club Volkswagen al momento de la entrega del veh\u00edculo.<\/p>\n<p>Albert Casamitjana, director de Marketing de Volkswagen, resalta el papel activo que deben asumir los fabricantes en la transici\u00f3n hacia la movilidad el\u00e9ctrica: \u00abLas marcas tenemos que asumir un papel activo en la divulgaci\u00f3n de las nuevas tecnolog\u00edas. No basta con ofrecer productos innovadores; debemos acompa\u00f1ar a nuestros clientes en todo el proceso, brind\u00e1ndoles formaci\u00f3n que les permita conocer todas las ventajas del coche el\u00e9ctrico para sacarle el m\u00e1ximo partido.\u00bb<\/p>\n<p><strong>Formaci\u00f3n tambi\u00e9n para los m\u00e1s j\u00f3venes<\/strong><\/p>\n<p>Volkswagen tambi\u00e9n apuesta por la formaci\u00f3n de los conductores j\u00f3venes a trav\u00e9s de la Escuela GTI Safety Drive, dirigida a quienes adquieran un Polo. Este programa busca mejorar las habilidades de los j\u00f3venes al volante, uno de los colectivos m\u00e1s vulnerables en carretera, seg\u00fan la Direcci\u00f3n General de Tr\u00e1fico.<\/p>\n<p>El curso se celebrar\u00e1 en octubre en Madrid y Barcelona, ofreciendo pr\u00e1cticas de conducci\u00f3n segura y deportiva con modelos como el Polo GTI y el Golf GTI. Los participantes aprender\u00e1n a enfrentarse situaciones complicadas en un entorno seguro. \u00a0Para acceder a esta experiencia, los nuevos propietarios del Polo deben registrarse en el Club Volkswagen.<\/p>\n<p>Casamitjana ha destacado el compromiso de la compa\u00f1\u00eda con la seguridad vial: \u00abVolkswagen Driving Experience es un proyecto estrat\u00e9gico para nosotros y nuestro compromiso con la seguridad vial es firme. Nuestra labor ha sido reconocida recientemente con los prestigiosos premios Ponle Freno, lo que refuerza nuestra determinaci\u00f3n para seguir formando conductores y reducir las cifras de siniestralidad en Espa\u00f1a\u00bb<\/p>\n<p>La Escuela de Conducci\u00f3n de Volkswagen cumpli\u00f3 el a\u00f1o pasado su vig\u00e9simo aniversario y, desde su creaci\u00f3n, ha formado a m\u00e1s de 40.000 conductores en Espa\u00f1a.<\/p>\n<p>&nbsp;<\/p>\n<p><a href=\"https:\/\/drivingexperience.volkswagen.es\/\">https:\/\/drivingexperience.volkswagen.es<\/a><\/p>\n<p>&nbsp;<\/p>\n<p>&nbsp;<\/p>\n<p>&nbsp;<\/p>\n","protected":false},"excerpt":{"rendered":"Adem\u00e1s, los clientes del Polo podr\u00e1n acceder a la Escuela GTI Safety Drive que se celebrar\u00e1 en octubre en Madrid y Barcelona Volkswagen fue la primera marca en Espa\u00f1a en crear una Escuela de Conducci\u00f3n","protected":false},"author":13,"featured_media":56227,"comment_status":"open","ping_status":"open","sticky":false,"template":"","format":"standard","meta":{"_acf_changed":false,"ep_exclude_from_search":false,"footnotes":""},"categories":[291],"tags":[],"class_list":["post-57897","post","type-post","status-publish","format-standard","has-post-thumbnail","hentry","category-cursos-en-circuito"],"acf":[],"_links":{"self":[{"href":"https:\/\/www.volkswagen.es\/comunicacion\/wp-json\/wp\/v2\/posts\/57897","targetHints":{"allow":["GET"]}}],"collection":[{"href":"https:\/\/www.volkswagen.es\/comunicacion\/wp-json\/wp\/v2\/posts"}],"about":[{"href":"https:\/\/www.volkswagen.es\/comunicacion\/wp-json\/wp\/v2\/types\/post"}],"author":[{"embeddable":true,"href":"https:\/\/www.volkswagen.es\/comunicacion\/wp-json\/wp\/v2\/users\/13"}],"replies":[{"embeddable":true,"href":"https:\/\/www.volkswagen.es\/comunicacion\/wp-json\/wp\/v2\/comments?post=57897"}],"version-history":[{"count":2,"href":"https:\/\/www.volkswagen.es\/comunicacion\/wp-json\/wp\/v2\/posts\/57897\/revisions"}],"predecessor-version":[{"id":57900,"href":"https:\/\/www.volkswagen.es\/comunicacion\/wp-json\/wp\/v2\/posts\/57897\/revisions\/57900"}],"wp:featuredmedia":[{"embeddable":true,"href":"https:\/\/www.volkswagen.es\/comunicacion\/wp-json\/wp\/v2\/media\/56227"}],"wp:attachment":[{"href":"https:\/\/www.volkswagen.es\/comunicacion\/wp-json\/wp\/v2\/media?parent=57897"}],"wp:term":[{"taxonomy":"category","embeddable":true,"href":"https:\/\/www.volkswagen.es\/comunicacion\/wp-json\/wp\/v2\/categories?post=57897"},{"taxonomy":"post_tag","embeddable":true,"href":"https:\/\/www.volkswagen.es\/comunicacion\/wp-json\/wp\/v2\/tags?post=57897"}],"curies":[{"name":"wp","href":"https:\/\/api.w.org\/{rel}","templated":true}]}}