{"id":57676,"date":"2025-03-13T09:59:57","date_gmt":"2025-03-13T09:59:57","guid":{"rendered":"https:\/\/www.volkswagen.es\/comunicacion\/?p=57676"},"modified":"2025-03-14T10:47:43","modified_gmt":"2025-03-14T10:47:43","slug":"brand-group-core-reports-solid-results-for-2024-in-a-challenging-environment","status":"publish","type":"post","link":"https:\/\/www.volkswagen.es\/comunicacion\/brand-group-core-reports-solid-results-for-2024-in-a-challenging-environment\/","title":{"rendered":"El grupo de marcas Core presenta resultados s\u00f3lidos en 2024 en un entorno desafiante"},"content":{"rendered":"<blockquote><p>\u201c<em>Nuestras marcas principales independientes nos hacen fuertes e innovadores como grupo de marcas. Juntos, no solo estamos mejorando, sino que tambi\u00e9n somos m\u00e1s eficientes en lo que respecta a temas futuros como los costes de las bater\u00edas, el tiempo de desarrollo y la calidad del software. Los s\u00f3lidos resultados financieros en el desafiante ejercicio de 2024 confirman que nuestra estrategia est\u00e1 funcionando. Y pronto pondremos toda nuestra energ\u00eda en la carretera con la familia de veh\u00edculos el\u00e9ctricos urbanos: demostraremos que es posible desarrollar y fabricar coches el\u00e9ctricos compactos de bajo coste en Europa, y dotarlos del carisma de tres marcas independientes, cada una con una presencia claramente diferenciada. Solo el grupo de marcas Core puede hacer eso\u00bb.<\/em><\/p>\n<p><strong>Thomas Sch\u00e4fer,<\/strong> <strong>miembro del Comit\u00e9 Ejecutivo del Grupo Volkswagen, CEO de Volkswagen Turismos y director del grupo de marcas Core<\/strong><\/p><\/blockquote>\n<h3><strong>Cifras clave (enero \u2013 diciembre 2024)<\/strong><\/h3>\n<p><strong>Las ventas de veh\u00edculos del grupo de marcas Core aumentaron a 4,96 millones (4,83 millones de veh\u00edculos en 2023):<\/strong><\/p>\n<p>Moderado crecimiento interanual del 2,8% en las ventas de veh\u00edculos: en general, las marcas principales aumentaron su cuota de mercado.<\/p>\n<p><strong>Los ingresos por ventas del grupo de marcas Core mejoraron ligeramente a 140 mil millones de euros (137.8 mil millones de euros en 2023):<\/strong><\/p>\n<p>En un entorno intensamente competitivo, se produjo un ligero aumento del 1,6% en los ingresos por ventas del grupo de marcas Core debido a un mix positivo y a un aumento de las ventas de veh\u00edculos de la marca Volkswagen<\/p>\n<p><strong>El resultado operativo del grupo de marcas Core se situ\u00f3 en 6.960 millones de euros (7.270 millones de euros en 2023) a pesar de los gastos derivados de las medidas de reestructuraci\u00f3n:<\/strong><\/p>\n<p>Adem\u00e1s de los mayores costes fijos, los gastos de las medidas de reestructuraci\u00f3n repercutieron en el resultado. Los efectos de volumen y mix, la optimizaci\u00f3n de los costes de material y la reversi\u00f3n de las provisiones relacionadas con el personal debido al convenio colectivo tuvieron un efecto positivo.<\/p>\n<p><strong>Margen operativo del grupo de marcas Core del 5,0% despu\u00e9s de la reestructuraci\u00f3n (5,3% en 2023):<\/strong><\/p>\n<p>Hubo una ligera disminuci\u00f3n del 0,3% en el margen operativo debido a los costes de reestructuraci\u00f3n y a la reversi\u00f3n de provisiones.<\/p>\n<p><strong>El cash flow neto cay\u00f3 0,9 mil millones de euros hasta los 4,68 mil millones de euros (5,63 mil millones de euros en 2023):<\/strong><\/p>\n<p>La disminuci\u00f3n del cash flow neto se debe al aumento de las existencias. Esto se atribuye a la aceleraci\u00f3n de numerosos modelos, as\u00ed como a mayores inversiones en la viabilidad futura del grupo de marcas.<\/p>\n<p><img decoding=\"async\" class=\"size-full wp-image-57678 aligncenter\" src=\"https:\/\/vw-wp-multisite.s3.eu-west-1.amazonaws.com\/wp-content\/uploads\/sites\/4\/2025\/03\/13094527\/BGC-RESULTS-1.jpg\" alt=\"\" width=\"1600\" height=\"900\" srcset=\"https:\/\/vw-wp-multisite.s3.eu-west-1.amazonaws.com\/wp-content\/uploads\/sites\/4\/2025\/03\/13094527\/BGC-RESULTS-1.jpg 1600w, https:\/\/vw-wp-multisite.s3.eu-west-1.amazonaws.com\/wp-content\/uploads\/sites\/4\/2025\/03\/13094527\/BGC-RESULTS-1-1024x576.jpg 1024w, https:\/\/vw-wp-multisite.s3.eu-west-1.amazonaws.com\/wp-content\/uploads\/sites\/4\/2025\/03\/13094527\/BGC-RESULTS-1-768x432.jpg 768w, https:\/\/vw-wp-multisite.s3.eu-west-1.amazonaws.com\/wp-content\/uploads\/sites\/4\/2025\/03\/13094527\/BGC-RESULTS-1-1536x864.jpg 1536w, https:\/\/vw-wp-multisite.s3.eu-west-1.amazonaws.com\/wp-content\/uploads\/sites\/4\/2025\/03\/13094527\/BGC-RESULTS-1-1422x800.jpg 1422w, https:\/\/vw-wp-multisite.s3.eu-west-1.amazonaws.com\/wp-content\/uploads\/sites\/4\/2025\/03\/13094527\/BGC-RESULTS-1-455x256.jpg 455w, https:\/\/vw-wp-multisite.s3.eu-west-1.amazonaws.com\/wp-content\/uploads\/sites\/4\/2025\/03\/13094527\/BGC-RESULTS-1-204x115.jpg 204w, https:\/\/vw-wp-multisite.s3.eu-west-1.amazonaws.com\/wp-content\/uploads\/sites\/4\/2025\/03\/13094527\/BGC-RESULTS-1-75x42.jpg 75w\" sizes=\"(max-width: 1600px) 100vw, 1600px\" \/><\/p>\n<blockquote><p>\u201c<em>A pesar de la intensa competencia con los desafiantes desarrollos globales, obtuvimos un s\u00f3lido resultado general para la marca Volkswagen en el a\u00f1o fiscal 2024. Las ventas de veh\u00edculos y los ingresos por ventas fueron superiores a los del a\u00f1o anterior. Sin embargo, los costes de las medidas de reestructuraci\u00f3n necesarias tuvieron un impacto significativo en nuestro rendimiento. En definitiva, el a\u00f1o marc\u00f3 un punto de inflexi\u00f3n para nosotros: ahora estamos trabajando de forma constante para que nuestra organizaci\u00f3n sea m\u00e1s rentable y lograr un \u00e9xito sostenible<\/em>.\u201d<\/p>\n<p><strong>David Powels, miembro del Comit\u00e9 Ejecutivo responsable de Finanzas de Volkswagen, y responsable de Finanzas del grupo de marcas Core<\/strong><\/p><\/blockquote>\n<h3><\/h3>\n<h3>Resumen<\/h3>\n<p>El grupo de marcas Core est\u00e1 formado por marcas individuales s\u00f3lidas, cada una de las cuales se centra en diferentes grupos de consumidores. En 2024, las marcas de volumen aumentaron su presencia en el mercado europeo en 0,9 puntos porcentuales hasta el 20,1% con el lanzamiento de nuevos modelos. El hecho de que el grupo de marcas haya sido capaz de aumentar tanto las ventas de veh\u00edculos como la cuota de mercado en Europa a pesar del entorno de mercado generalmente dif\u00edcil es testimonio del atractivo de la gama de modelos actual y de la exitosa coordinaci\u00f3n del posicionamiento entre las marcas principales individuales.<\/p>\n<p>La marca Volkswagen se mantuvo firme en un entorno de mercado desafiante en 2024 y demostr\u00f3 su fortaleza estrat\u00e9gica. La menor demanda, especialmente en lo que respecta a los veh\u00edculos el\u00e9ctricos a principios de a\u00f1o, dio lugar a mayores incentivos de compra. Numerosos modelos nuevos tuvieron un impacto negativo a corto plazo en la rentabilidad. Con su programa de rendimiento, Volkswagen optimiz\u00f3 la relaci\u00f3n precio-rendimiento, redujo los costes de los productos y ajust\u00f3 la estructura de los gastos generales. Por ejemplo, los costes de f\u00e1brica por veh\u00edculo en las plantas de la marca Volkswagen fueron un 3% inferiores a los del a\u00f1o anterior, en parte como resultado de la optimizaci\u00f3n de los turnos. Al mismo tiempo, la marca Volkswagen utiliz\u00f3 recursos financieros para reducir los costes de personal en la administraci\u00f3n con el fin de reforzar la eficiencia y la competitividad.<\/p>\n<h3>Perspectivas<\/h3>\n<p>El grupo de marcas Core se est\u00e1 uniendo cada vez m\u00e1s. En los pr\u00f3ximos a\u00f1os, el grupo de marcas se concentrar\u00e1 en aumentar a\u00fan m\u00e1s la eficiencia, as\u00ed como en ampliar constantemente la colaboraci\u00f3n entre marcas. En el futuro, la red de producci\u00f3n global del grupo de marcas, que cuenta con 22 ubicaciones, se organizar\u00e1 en cinco regiones de producci\u00f3n. Esto aprovechar\u00e1 las sinergias entre marcas y las ventajas de costes regionales con el fin de establecer una producci\u00f3n eficiente y orientada al futuro.<\/p>\n<p>El n\u00famero de grupos de pa\u00edses para el desarrollo t\u00e9cnico tambi\u00e9n se reducir\u00e1 en todas las marcas para poder responder a los requisitos espec\u00edficos del mercado y a los deseos de los clientes de forma m\u00e1s eficaz y eficiente en el futuro. Paralelamente, se acortar\u00e1n los tiempos de desarrollo de los nuevos veh\u00edculos para responder m\u00e1s r\u00e1pidamente a los cambios del mercado.<\/p>\n<p>El trabajo en la familia de coches urbanos el\u00e9ctricos est\u00e1 en pleno apogeo en todas las marcas. En el marco del proyecto liderado por Seat\/CUPRA, el grupo de marcas Core lanzar\u00e1 coches el\u00e9ctricos en la categor\u00eda de 25.000 euros a partir de 2026. Los cuatro modelos (dos de la marca Volkswagen y uno de CUPRA y otro de \u0160koda) se fabricar\u00e1n en las plantas espa\u00f1olas de Martorell y Pamplona. La familia de coches urbanos el\u00e9ctricos desbloquear\u00e1 un potencial de sinergia de 650 millones de euros en todo el ciclo de vida del producto.<\/p>\n<p>El programa \u201cZukunft Volkswagen\u201d, acordado a finales de diciembre de 2024, sent\u00f3 las bases para la competitividad de Volkswagen AG en Alemania. El programa combina estabilidad econ\u00f3mica y empleo sostenible. Allana el camino para que la marca Volkswagen, como pilar principal del grupo de marcas Core, se convierta en el principal fabricante mundial de volumen con liderazgo tecnol\u00f3gico para 2030.<\/p>\n<p>Por eso, el grupo de marcas Core se ha fijado como objetivo aumentar continuamente los beneficios en los pr\u00f3ximos a\u00f1os, respaldado por los efectos de los programas de rendimiento en curso en todas las marcas de gran volumen. Ya se est\u00e1n realizando intensos esfuerzos para aplicar las medidas que se han decidido y, de este modo, generar una v\u00eda para obtener un rendimiento de las ventas a medio plazo del 8 % para el grupo de marcas Core.<\/p>\n<h3><strong>Perspectiva de las marcas del grupo de marcas Core<\/strong><\/h3>\n<p><img decoding=\"async\" class=\"alignnone size-full wp-image-57688\" src=\"https:\/\/vw-wp-multisite.s3.eu-west-1.amazonaws.com\/wp-content\/uploads\/sites\/4\/2025\/03\/14093813\/Imagen1-2.png\" alt=\"\" width=\"959\" height=\"758\" srcset=\"https:\/\/vw-wp-multisite.s3.eu-west-1.amazonaws.com\/wp-content\/uploads\/sites\/4\/2025\/03\/14093813\/Imagen1-2.png 959w, https:\/\/vw-wp-multisite.s3.eu-west-1.amazonaws.com\/wp-content\/uploads\/sites\/4\/2025\/03\/14093813\/Imagen1-2-864x683.png 864w, https:\/\/vw-wp-multisite.s3.eu-west-1.amazonaws.com\/wp-content\/uploads\/sites\/4\/2025\/03\/14093813\/Imagen1-2-768x607.png 768w, https:\/\/vw-wp-multisite.s3.eu-west-1.amazonaws.com\/wp-content\/uploads\/sites\/4\/2025\/03\/14093813\/Imagen1-2-455x360.png 455w, https:\/\/vw-wp-multisite.s3.eu-west-1.amazonaws.com\/wp-content\/uploads\/sites\/4\/2025\/03\/14093813\/Imagen1-2-145x115.png 145w, https:\/\/vw-wp-multisite.s3.eu-west-1.amazonaws.com\/wp-content\/uploads\/sites\/4\/2025\/03\/14093813\/Imagen1-2-75x59.png 75w\" sizes=\"(max-width: 959px) 100vw, 959px\" \/> <img decoding=\"async\" class=\" wp-image-57689 aligncenter\" src=\"https:\/\/vw-wp-multisite.s3.eu-west-1.amazonaws.com\/wp-content\/uploads\/sites\/4\/2025\/03\/14093837\/Imagen2-1.png\" alt=\"\" width=\"892\" height=\"490\" srcset=\"https:\/\/vw-wp-multisite.s3.eu-west-1.amazonaws.com\/wp-content\/uploads\/sites\/4\/2025\/03\/14093837\/Imagen2-1.png 987w, https:\/\/vw-wp-multisite.s3.eu-west-1.amazonaws.com\/wp-content\/uploads\/sites\/4\/2025\/03\/14093837\/Imagen2-1-768x422.png 768w, https:\/\/vw-wp-multisite.s3.eu-west-1.amazonaws.com\/wp-content\/uploads\/sites\/4\/2025\/03\/14093837\/Imagen2-1-455x250.png 455w, https:\/\/vw-wp-multisite.s3.eu-west-1.amazonaws.com\/wp-content\/uploads\/sites\/4\/2025\/03\/14093837\/Imagen2-1-209x115.png 209w, https:\/\/vw-wp-multisite.s3.eu-west-1.amazonaws.com\/wp-content\/uploads\/sites\/4\/2025\/03\/14093837\/Imagen2-1-75x41.png 75w\" sizes=\"(max-width: 892px) 100vw, 892px\" \/> <img decoding=\"async\" class=\" wp-image-57690 aligncenter\" src=\"https:\/\/vw-wp-multisite.s3.eu-west-1.amazonaws.com\/wp-content\/uploads\/sites\/4\/2025\/03\/14093857\/Imagen3.png\" alt=\"\" width=\"831\" height=\"413\" srcset=\"https:\/\/vw-wp-multisite.s3.eu-west-1.amazonaws.com\/wp-content\/uploads\/sites\/4\/2025\/03\/14093857\/Imagen3.png 1005w, https:\/\/vw-wp-multisite.s3.eu-west-1.amazonaws.com\/wp-content\/uploads\/sites\/4\/2025\/03\/14093857\/Imagen3-768x381.png 768w, https:\/\/vw-wp-multisite.s3.eu-west-1.amazonaws.com\/wp-content\/uploads\/sites\/4\/2025\/03\/14093857\/Imagen3-455x226.png 455w, https:\/\/vw-wp-multisite.s3.eu-west-1.amazonaws.com\/wp-content\/uploads\/sites\/4\/2025\/03\/14093857\/Imagen3-232x115.png 232w, https:\/\/vw-wp-multisite.s3.eu-west-1.amazonaws.com\/wp-content\/uploads\/sites\/4\/2025\/03\/14093857\/Imagen3-75x37.png 75w\" sizes=\"(max-width: 831px) 100vw, 831px\" \/><\/p>\n<p>&nbsp;<\/p>\n<p>&nbsp;<\/p>\n","protected":false},"excerpt":{"rendered":"Las marcas Volkswagen, \u0160koda, SEAT\/Cupra y Volkswagen Veh\u00edculos Comerciales trabajaron en estrecha colaboraci\u00f3n durante el \u00faltimo ejercicio financiero. La optimizaci\u00f3n conjunta de los procesos reforz\u00f3 la capacidad de recuperaci\u00f3n del grupo de marcas Core. A","protected":false},"author":13,"featured_media":57699,"comment_status":"open","ping_status":"open","sticky":false,"template":"","format":"standard","meta":{"_acf_changed":false,"ep_exclude_from_search":false,"footnotes":""},"categories":[279],"tags":[],"class_list":["post-57676","post","type-post","status-publish","format-standard","has-post-thumbnail","hentry","category-corporativo"],"acf":[],"_links":{"self":[{"href":"https:\/\/www.volkswagen.es\/comunicacion\/wp-json\/wp\/v2\/posts\/57676","targetHints":{"allow":["GET"]}}],"collection":[{"href":"https:\/\/www.volkswagen.es\/comunicacion\/wp-json\/wp\/v2\/posts"}],"about":[{"href":"https:\/\/www.volkswagen.es\/comunicacion\/wp-json\/wp\/v2\/types\/post"}],"author":[{"embeddable":true,"href":"https:\/\/www.volkswagen.es\/comunicacion\/wp-json\/wp\/v2\/users\/13"}],"replies":[{"embeddable":true,"href":"https:\/\/www.volkswagen.es\/comunicacion\/wp-json\/wp\/v2\/comments?post=57676"}],"version-history":[{"count":6,"href":"https:\/\/www.volkswagen.es\/comunicacion\/wp-json\/wp\/v2\/posts\/57676\/revisions"}],"predecessor-version":[{"id":57701,"href":"https:\/\/www.volkswagen.es\/comunicacion\/wp-json\/wp\/v2\/posts\/57676\/revisions\/57701"}],"wp:featuredmedia":[{"embeddable":true,"href":"https:\/\/www.volkswagen.es\/comunicacion\/wp-json\/wp\/v2\/media\/57699"}],"wp:attachment":[{"href":"https:\/\/www.volkswagen.es\/comunicacion\/wp-json\/wp\/v2\/media?parent=57676"}],"wp:term":[{"taxonomy":"category","embeddable":true,"href":"https:\/\/www.volkswagen.es\/comunicacion\/wp-json\/wp\/v2\/categories?post=57676"},{"taxonomy":"post_tag","embeddable":true,"href":"https:\/\/www.volkswagen.es\/comunicacion\/wp-json\/wp\/v2\/tags?post=57676"}],"curies":[{"name":"wp","href":"https:\/\/api.w.org\/{rel}","templated":true}]}}