{"id":57492,"date":"2025-02-13T16:43:36","date_gmt":"2025-02-13T16:43:36","guid":{"rendered":"https:\/\/www.volkswagen.es\/comunicacion\/?p=57492"},"modified":"2025-02-14T10:37:16","modified_gmt":"2025-02-14T10:37:16","slug":"volkswagen-driving-experience-inaugura-una-nueva-temporada-en-el-hielo-de-laponia","status":"publish","type":"post","link":"https:\/\/www.volkswagen.es\/comunicacion\/volkswagen-driving-experience-inaugura-una-nueva-temporada-en-el-hielo-de-laponia\/","title":{"rendered":"Volkswagen Driving Experience inaugura una nueva temporada en el hielo de Laponia"},"content":{"rendered":"<p>Con m\u00e1s de 20 a\u00f1os de trayectoria, la escuela de conducci\u00f3n de Volkswagen abre su calendario 2025 con una experiencia inolvidable en pleno coraz\u00f3n de la Laponia sueca, en Arvidsjaur, a tan solo 100 kil\u00f3metros del C\u00edrculo Polar \u00c1rtico. Un exclusivo programa en el que se combina emoci\u00f3n y seguridad y un evento \u00fanico para los amantes de la conducci\u00f3n y la aventura<\/p>\n<p>Adem\u00e1s de perfeccionar sus habilidades al volante enfrent\u00e1ndose a condiciones desafiantes, los participantes tienen la oportunidad de conducir los veh\u00edculos m\u00e1s avanzados e innovadores de Volkswagen. Aprenden las t\u00e9cnicas m\u00e1s deportivas y pueden poner el coche al l\u00edmite en un entorno seguro y acompa\u00f1ados por monitores profesionales. Una pr\u00e1ctica muy \u00fatil si en el futuro deben enfrentarse a una situaci\u00f3n de riesgo en la vida real.<\/p>\n<p>La Escuela de Conducci\u00f3n de Volkswagen \u201ctiene como objetivo que los participantes vivan la emoci\u00f3n de conducir, pero tambi\u00e9n aprendan a estar mejor preparados y, sobre todo, a desenvolverse en situaciones dif\u00edciles de manera m\u00e1s segura\u201d se\u00f1ala Enrique Pifarr\u00e9, director general de Volkswagen Espa\u00f1a. Y es que, seg\u00fan afirma el directivo, \u201cla formaci\u00f3n en seguridad vial es la mejor manera de ayudar a la sociedad a conseguir una reducci\u00f3n dr\u00e1stica de la siniestralidad. Con este programa, Volkswagen muestra todo el potencial de la tecnolog\u00eda de sus veh\u00edculos, ayuda a los conductores a mejorar su t\u00e9cnica de conducci\u00f3n y les ofrece una experiencia \u00fanica\u201d.<\/p>\n<p>Este enfoque, que pone a los usuarios en el centro, no solo busca mejorar las habilidades al volante sino tambi\u00e9n hacer las carreteras m\u00e1s seguras para todos.<\/p>\n<p><strong>Lo \u00faltimo de Volkswagen en un lugar fuera de lo com\u00fan<\/strong><\/p>\n<p>Los participantes de la primera cita del calendario 2025 tienen la oportunidad de ponerse al volante de modelos que combinan emoci\u00f3n, seguridad y tecnolog\u00eda avanzada. En primer lugar, est\u00e1 el Golf R, con sus 333 CV de potencia y una aceleraci\u00f3n de 0 a 100 km\/h en 4,6 segundos, es la m\u00e1xima expresi\u00f3n de la deportividad de Volkswagen. Tambi\u00e9n pueden disfrutar del ID.3 GTX, un deportivo compacto y el\u00e9ctrico con la mec\u00e1nica m\u00e1s capaz de la gama y que ofrece una experiencia de conducci\u00f3n \u00fanica gracias a su propulsi\u00f3n trasera. Y por \u00faltimo el ID.7 Tourer GTX, un familiar el\u00e9ctrico de 340 CV, con hasta 583 km de autonom\u00eda y tracci\u00f3n total 4MOTION.<\/p>\n<p>Adem\u00e1s de la experiencia en pista, el programa incluye actividades \u00fanicas como cenas tradicionales suecas y la oportunidad de presenciar auroras boreales, sumergiendo a los asistentes en el encanto de las tradiciones locales.<\/p>\n<p><strong>Un viaje de formaci\u00f3n y emoci\u00f3n<\/strong><\/p>\n<p>Desde su creaci\u00f3n en 2003, Volkswagen Driving Experience ha sido mucho m\u00e1s que una escuela de conducci\u00f3n; se ha consolidado como uno de los referentes en seguridad vial m\u00e1s importantes en Espa\u00f1a. Originalmente concebida como un programa de formaci\u00f3n para la red comercial, la experiencia fue tan bien recibida que, r\u00e1pidamente, Volkswagen decidi\u00f3 abrirlo al p\u00fablico general, permitiendo que tanto clientes como no clientes de la marca experimentaran en primera persona el rendimiento de los veh\u00edculos y pudieran conocer de primera mano las \u00faltimas tecnolog\u00edas y sistemas de seguridad incorporados en los modelos m\u00e1s recientes.<\/p>\n<p>\u00abA lo largo de sus m\u00e1s de 20 a\u00f1os de existencia, el programa ha contado con un equipo de instructores altamente cualificados. La primera edici\u00f3n tuvo lugar en el Circuito de Jerez, donde se realizaron las primeras jornadas formativas para la red comercial. Hoy, m\u00e1s de 36.000 personas han vivido esta experiencia en algunos de los circuitos m\u00e1s emblem\u00e1ticos de Espa\u00f1a como Montmel\u00f3, Jarama, Los Arcos, Ascari y Cheste\u00bb, afirma Luis Moya, bicampe\u00f3n del mundo de Rallyes y embajador de Volkswagen.<\/p>\n<p><strong>Un programa innovador<\/strong><\/p>\n<p>El programa ha evolucionado con el tiempo ampliando su oferta de cursos y adapt\u00e1ndose a las necesidades de los conductores, ofreciendo una experiencia cada vez m\u00e1s personalizada. Los cursos est\u00e1n abiertos tanto para clientes de la marca como para aquellos que a\u00fan no lo son, uniendo la emoci\u00f3n de la conducci\u00f3n con el aprendizaje y la mejora continua. En 2014, el programa inaugur\u00f3 la Escuela R, con un curso dise\u00f1ado para los conductores que buscaban las sensaciones m\u00e1s deportivas, y en 2016 se puso en marcha la Escuela GTI, especialmente orientada a j\u00f3venes con menos de dos a\u00f1os de experiencia al volante.<\/p>\n<p>En 2020 Volkswagen dio un paso m\u00e1s con la Escuela ID, justo cuando llegaba al mercado el ID.3. Este curso, que se convirti\u00f3 en uno de los primeros de Espa\u00f1a en ofrecer formaci\u00f3n espec\u00edfica para veh\u00edculos el\u00e9ctricos, combina una parte te\u00f3rica, enfocada a que los participantes descubran las ventajas de la propulsi\u00f3n el\u00e9ctrica, y una parte pr\u00e1ctica, que les permite exprimir al m\u00e1ximo las capacidades de los coches el\u00e9ctricos.<\/p>\n<p>Un a\u00f1o m\u00e1s tarde, en 2021, se lanz\u00f3 la Escuela One to One, con un enfoque m\u00e1s personalizado. Son clases privadas con monitores profesionales, que permiten una formaci\u00f3n a medida, seg\u00fan las necesidades y el nivel del conductor.<\/p>\n<p>Y, por \u00faltimo, el a\u00f1o pasado se inaugur\u00f3 el curso de Conducci\u00f3n Nocturna. Realizado en el Circuito del Jarama, este curso se centr\u00f3 en la importancia de la visibilidad al volante durante la noche, ense\u00f1ando a los participantes a reaccionar ante situaciones como deslumbramientos o cambios bruscos de iluminaci\u00f3n.<\/p>\n<p><strong>2025: un a\u00f1o lleno de experiencias \u00fanicas<\/strong><\/p>\n<p>Con una agenda renovada llena de nuevos formatos y experiencias, el objetivo es ofrecer a los participantes la oportunidad de disfrutar de la emoci\u00f3n de conducir, respaldados por los m\u00e1s avanzados sistemas de asistencia al volante. Como es habitual el programa 2025 cuenta con la presencia de Luis Moya, uno de los copilotos de m\u00e1s \u00e9xito de la historia del Campeonato Mundial de Rallyes. Moya estar\u00e1 presente en cada una de las citas del calendario, compartiendo su experiencia y conocimientos con los participantes.<\/p>\n<p>Tras el paso por Suecia, la siguiente cita del calendario ser\u00e1 Andorra, donde Volkswagen ofrecer\u00e1 de la posibilidad de vivir una segunda aventura en nieve en el circuito permanente m\u00e1s alto del mundo situado a 2.400 metros de altitud, entre el 21 y el 23 de febrero. \u00a0Las entradas se pueden reservar en la web oficial <a href=\"https:\/\/drivingexperience.volkswagen.es\/\">https:\/\/drivingexperience.volkswagen.es\/<\/a><\/p>\n","protected":false},"excerpt":{"rendered":"La primera cita del calendario nos lleva a la localidad sueca de Arvidsjaur, con el Golf R, el ID.3 GTX y el ID.7 Tourer GTX como protagonistas M\u00e1s de 36.000 conductores han pasado por la","protected":false},"author":13,"featured_media":57490,"comment_status":"open","ping_status":"open","sticky":false,"template":"","format":"standard","meta":{"_acf_changed":false,"ep_exclude_from_search":false,"footnotes":""},"categories":[291,305],"tags":[],"class_list":["post-57492","post","type-post","status-publish","format-standard","has-post-thumbnail","hentry","category-cursos-en-circuito","category-r"],"acf":[],"_links":{"self":[{"href":"https:\/\/www.volkswagen.es\/comunicacion\/wp-json\/wp\/v2\/posts\/57492","targetHints":{"allow":["GET"]}}],"collection":[{"href":"https:\/\/www.volkswagen.es\/comunicacion\/wp-json\/wp\/v2\/posts"}],"about":[{"href":"https:\/\/www.volkswagen.es\/comunicacion\/wp-json\/wp\/v2\/types\/post"}],"author":[{"embeddable":true,"href":"https:\/\/www.volkswagen.es\/comunicacion\/wp-json\/wp\/v2\/users\/13"}],"replies":[{"embeddable":true,"href":"https:\/\/www.volkswagen.es\/comunicacion\/wp-json\/wp\/v2\/comments?post=57492"}],"version-history":[{"count":3,"href":"https:\/\/www.volkswagen.es\/comunicacion\/wp-json\/wp\/v2\/posts\/57492\/revisions"}],"predecessor-version":[{"id":57501,"href":"https:\/\/www.volkswagen.es\/comunicacion\/wp-json\/wp\/v2\/posts\/57492\/revisions\/57501"}],"wp:featuredmedia":[{"embeddable":true,"href":"https:\/\/www.volkswagen.es\/comunicacion\/wp-json\/wp\/v2\/media\/57490"}],"wp:attachment":[{"href":"https:\/\/www.volkswagen.es\/comunicacion\/wp-json\/wp\/v2\/media?parent=57492"}],"wp:term":[{"taxonomy":"category","embeddable":true,"href":"https:\/\/www.volkswagen.es\/comunicacion\/wp-json\/wp\/v2\/categories?post=57492"},{"taxonomy":"post_tag","embeddable":true,"href":"https:\/\/www.volkswagen.es\/comunicacion\/wp-json\/wp\/v2\/tags?post=57492"}],"curies":[{"name":"wp","href":"https:\/\/api.w.org\/{rel}","templated":true}]}}