{"id":57383,"date":"2024-12-02T13:48:24","date_gmt":"2024-12-02T13:48:24","guid":{"rendered":"https:\/\/www.volkswagen.es\/comunicacion\/?p=57383"},"modified":"2024-12-02T13:57:07","modified_gmt":"2024-12-02T13:57:07","slug":"nueva-version-de-acceso-volkswagen-id-3-pure-desde-21-300-euros","status":"publish","type":"post","link":"https:\/\/www.volkswagen.es\/comunicacion\/nueva-version-de-acceso-volkswagen-id-3-pure-desde-21-300-euros\/","title":{"rendered":"Nueva versi\u00f3n de acceso Volkswagen ID.3 Pure desde 21.300 euros"},"content":{"rendered":"<p><strong>Volkswagen da un paso decisivo en su estrategia de hacer la movilidad el\u00e9ctrica m\u00e1s accesible para todos. Con las nuevas tarifas de las versiones Pure y Pure M\u00e1s de los modelos ID.3, ID.4 e ID.5, la marca alemana ofrece veh\u00edculos el\u00e9ctricos con precios finales realmente atractivos combinados con un equipamiento destacado gracias a las ventajas de las campa\u00f1as de financiaci\u00f3n, deducciones fiscales y subvenciones actuales.<\/strong><\/p>\n<p>Volkswagen acerca m\u00e1s que nunca la movilidad el\u00e9ctrica para que sus clientes den un salto a esta tecnolog\u00eda. Ahora pueden conseguir un Volkswagen ID.3 Pure desde 21.300 euros incluyendo las campa\u00f1as de marca, financiaci\u00f3n y la subvenci\u00f3n del Plan Moves III. Esta versi\u00f3n cuenta con el propulsor de 125 kW (170 CV) y se asocia a la bater\u00eda de 52 kWh (capacidad neta), lo que le permite ofrecer una autonom\u00eda de hasta 388 km seg\u00fan el ciclo WLTP. El ID.3 Pure es capaz de cargar en corriente alterna a una potencia 7,2 kW (lo que le permite pasar del 10 al 80% en alrededor de 8 horas o en corriente continua a 145 kW (del 10 al 80% en alrededor de 20 minutos.<\/p>\n<p>El acabado Pure cuenta con un completo equipamiento de serie en el que destacan elementos como los faros delanteros y pilotos traseros con tecnolog\u00eda Led, sistema multimedia con pantalla t\u00e1ctil de 12,9\u2019\u2019, iluminaci\u00f3n ambiental con 10 colores a elegir, control de crucero adaptativo ACC, asistente de frenada de emergencia con detecci\u00f3n de peatones, aviso de mantenimiento de carril, conectividad inal\u00e1mbrica con Apple CarPlay y Android Auto, control por voz con el asistente IDA, acceso y arranque sin llave, sensores de aparcamiento delanteros y traseros o el cable de carga de tipo 2.<\/p>\n<p>El ID.3 Pure M\u00e1s incluye el siguiente equipamiento adicional por solo 2.380 euros m\u00e1s: Pintura metalizada, llantas de aleaci\u00f3n de 18\u201d \u201cEast Derry\u201d, lunas laterales traseras y luneta trasera oscurecidas, c\u00e1mara trasera, cargador inal\u00e1mbrico, dos tomas USB-C adicionales en la parte trasera, navegador Discover Pro, climatizador bizona, asientos delanteros y volante calefactables, Light Assist y alfombrillas con materiales reciclados.<\/p>\n<p>&nbsp;<\/p>\n<p><strong>Los ID.4 e ID.5 tambi\u00e9n se benefician de grandes promociones<\/strong><\/p>\n<p>En el caso de elegir el Volkwagen ID.4, la variante Pure tiene un precio de 30.800 euros aplicando las campa\u00f1as vigentes, bonificaci\u00f3n por financiar y el plan Moves III. A nivel mec\u00e1nico el ID.4 Pure ofrece el propulsor de 125 kW (170 CV) con la bater\u00eda de 55 kWh y una autonom\u00eda WLTP de hasta 363 km. Este SUV permite cargas en corriente alterna a una potencia de 11 kW, pasando del 10 al 80% en unas 4,5 horas; o en corriente continua a 115 kW (del 10 al 80% en solo 25 minutos).<\/p>\n<p>Como equipamiento de serie, el VOLKSWAGEN ID.4 Pure cuenta entre otros con grupos \u00f3pticos delanteros y traseros de Led, barras longitudinales, volante multifunci\u00f3n, Park Pilot, Lane Assist, control de crucero adaptativo ACC, reconocimiento de se\u00f1ales de tr\u00e1fico, Front Assist, acceso Keyless sin llave, selector de modos de conducci\u00f3n, climatizador, cable de carga de tipo 2 o conexi\u00f3n inal\u00e1mbrica de Apple CarPlay y Android Auto.<\/p>\n<p>Por 1.860 euros m\u00e1s se puede acceder al VOLKSWAGEN ID.4 Pure M\u00e1s que a\u00f1ade elementos como la pintura metalizada, llantas de 18\u2019\u2019 Falun, cristales traseros y luneta oscurecidas, Park Assist Plus, c\u00e1mara de visi\u00f3n trasera, sistema de apertura y arranque sin llave \u201cKeyless Access\u201d, carga en corriente continua hasta 145 kW, iluminaci\u00f3n ambiental hasta en 30 colores, asientos delanteros calefactados, sistema de navegaci\u00f3n Discover Pro o alarma antirrobo.<\/p>\n<p>Por \u00faltimo, el Volkswagen ID.5 Pure se puede adquirir en los concesionarios oficiales desde 33.400 euros aprovechando descuentos, campa\u00f1as de financiaci\u00f3n y ventajas del Moves III. Este modelo tambi\u00e9n emplea el propulsor de 125 kW (170 CV) con la bater\u00eda de 55 kWh para una autonom\u00eda total de 370 km. En lo que respecta a la carga, en corriente alterna llega hasta los 11 kW mientras que en corriente continua asciende a 145 kW de potencia.<\/p>\n<p>Como equipamiento destacable cuenta con llantas de 19\u2019\u2019, faros de Led, Park Pilot, asistente de aviso de mantenimiento de carril, control de crucero adaptativo \u00abACC\u00bb, control de tracci\u00f3n \u00abASR Sport\u00bb, climatizador, sistema de detecci\u00f3n del cansancio y de distracciones o preparaci\u00f3n del dispositivo de bloqueo de arranque por alcohol.<\/p>\n<p>La terminaci\u00f3n Pure M\u00e1s a\u00f1ade, por 2.020 euros, equipamiento adicional como las llantas Hamar de 19\u2019\u2019, paquete interior Style en negro o negro\/marr\u00f3n, Park Assist Plus, c\u00e1mara de visi\u00f3n trasera, navegador Discover Pro, alarma o sistema Keyless para acceso y arranque.<\/p>\n<p><img decoding=\"async\" class=\" wp-image-57389 aligncenter\" src=\"https:\/\/vw-wp-multisite.s3.eu-west-1.amazonaws.com\/wp-content\/uploads\/sites\/4\/2024\/12\/02134716\/cuadro-vw.png\" alt=\"\" width=\"631\" height=\"183\" srcset=\"https:\/\/vw-wp-multisite.s3.eu-west-1.amazonaws.com\/wp-content\/uploads\/sites\/4\/2024\/12\/02134716\/cuadro-vw.png 1108w, https:\/\/vw-wp-multisite.s3.eu-west-1.amazonaws.com\/wp-content\/uploads\/sites\/4\/2024\/12\/02134716\/cuadro-vw-1024x297.png 1024w, https:\/\/vw-wp-multisite.s3.eu-west-1.amazonaws.com\/wp-content\/uploads\/sites\/4\/2024\/12\/02134716\/cuadro-vw-768x222.png 768w, https:\/\/vw-wp-multisite.s3.eu-west-1.amazonaws.com\/wp-content\/uploads\/sites\/4\/2024\/12\/02134716\/cuadro-vw-455x132.png 455w, https:\/\/vw-wp-multisite.s3.eu-west-1.amazonaws.com\/wp-content\/uploads\/sites\/4\/2024\/12\/02134716\/cuadro-vw-305x88.png 305w, https:\/\/vw-wp-multisite.s3.eu-west-1.amazonaws.com\/wp-content\/uploads\/sites\/4\/2024\/12\/02134716\/cuadro-vw-75x22.png 75w\" sizes=\"(max-width: 631px) 100vw, 631px\" \/><\/p>\n","protected":false},"excerpt":{"rendered":"Nuevas versiones de acceso para la familia ID. de Volkswagen: ID.3 desde 21.300 euros, el ID.4 por 30.800 euros y el ID.5 a partir de 33.400 euros. Estos precios se asocian al acabado de acceso","protected":false},"author":13,"featured_media":57386,"comment_status":"open","ping_status":"open","sticky":false,"template":"","format":"standard","meta":{"_acf_changed":false,"ep_exclude_from_search":false,"footnotes":""},"categories":[202],"tags":[],"class_list":["post-57383","post","type-post","status-publish","format-standard","has-post-thumbnail","hentry","category-id-3"],"acf":[],"_links":{"self":[{"href":"https:\/\/www.volkswagen.es\/comunicacion\/wp-json\/wp\/v2\/posts\/57383","targetHints":{"allow":["GET"]}}],"collection":[{"href":"https:\/\/www.volkswagen.es\/comunicacion\/wp-json\/wp\/v2\/posts"}],"about":[{"href":"https:\/\/www.volkswagen.es\/comunicacion\/wp-json\/wp\/v2\/types\/post"}],"author":[{"embeddable":true,"href":"https:\/\/www.volkswagen.es\/comunicacion\/wp-json\/wp\/v2\/users\/13"}],"replies":[{"embeddable":true,"href":"https:\/\/www.volkswagen.es\/comunicacion\/wp-json\/wp\/v2\/comments?post=57383"}],"version-history":[{"count":2,"href":"https:\/\/www.volkswagen.es\/comunicacion\/wp-json\/wp\/v2\/posts\/57383\/revisions"}],"predecessor-version":[{"id":57391,"href":"https:\/\/www.volkswagen.es\/comunicacion\/wp-json\/wp\/v2\/posts\/57383\/revisions\/57391"}],"wp:featuredmedia":[{"embeddable":true,"href":"https:\/\/www.volkswagen.es\/comunicacion\/wp-json\/wp\/v2\/media\/57386"}],"wp:attachment":[{"href":"https:\/\/www.volkswagen.es\/comunicacion\/wp-json\/wp\/v2\/media?parent=57383"}],"wp:term":[{"taxonomy":"category","embeddable":true,"href":"https:\/\/www.volkswagen.es\/comunicacion\/wp-json\/wp\/v2\/categories?post=57383"},{"taxonomy":"post_tag","embeddable":true,"href":"https:\/\/www.volkswagen.es\/comunicacion\/wp-json\/wp\/v2\/tags?post=57383"}],"curies":[{"name":"wp","href":"https:\/\/api.w.org\/{rel}","templated":true}]}}