{"id":56889,"date":"2024-09-10T09:55:45","date_gmt":"2024-09-10T09:55:45","guid":{"rendered":"https:\/\/www.volkswagen.es\/comunicacion\/?p=56889"},"modified":"2024-09-12T11:18:53","modified_gmt":"2024-09-12T11:18:53","slug":"la-gran-golfada","status":"publish","type":"post","link":"https:\/\/www.volkswagen.es\/comunicacion\/la-gran-golfada\/","title":{"rendered":"La Gran Golfada"},"content":{"rendered":"<h4>Noticias relacionadas:<\/h4>\n<ul>\n<li>\n<p class=\"article-detail-title line-clamp\"><a href=\"https:\/\/www.volkswagen.es\/comunicacion\/la-autentica-historia-de-como-se-creo-el-golf-el-coche-europeo-mas-vendido-de-todos-los-tiempos\/\"><strong>La aut\u00e9ntica historia de c\u00f3mo se cre\u00f3 el Golf, el coche europeo m\u00e1s vendido de todos los tiempos<\/strong><\/a><\/p>\n<\/li>\n<li>\n<p class=\"article-detail-title line-clamp\"><a href=\"https:\/\/www.volkswagen.es\/comunicacion\/8-elementos-de-diseno-carismaticos-en-las-8-generaciones-del-golf\/\"><strong>8 elementos de dise\u00f1o carism\u00e1ticos en las 8 generaciones del Golf<\/strong><\/a><\/p>\n<\/li>\n<li>\n<p class=\"article-detail-title line-clamp\"><a href=\"https:\/\/www.volkswagen.es\/comunicacion\/la-historia-completa-del-golf-gti-el-primer-compacto-con-alma-de-gran-turismo-2\/\"><strong>La historia completa del Golf GTI, el primer compacto con alma de gran turismo<\/strong><\/a><\/p>\n<\/li>\n<li>\n<p class=\"card-title line-clamp-3\"><strong><a href=\"https:\/\/www.volkswagen.es\/comunicacion\/el-superventas-mundial-cumple-50-anos-volkswagen-inicio-la-produccion-del-primer-golf-el-29-de-marzo-de-1974\/\">El superventas mundial cumple 50 a\u00f1os: Volkswagen inici\u00f3 la producci\u00f3n del primer Golf el 29 de marzo de 1974<\/a><\/strong><\/p>\n<\/li>\n<\/ul>\n<p>&nbsp;<\/p>\n<p>Escuchas Golf y tu memoria autom\u00e1ticamente se dispara, aparecen an\u00e9cdotas, experiencias, sonrisas y emociones. Sabes que no es una simple marca de coche, es la suma de todas las historias disfrutadas desde que vi\u00f3 la luz en 1974. El Golf genera una conexi\u00f3n emocional, es un compa\u00f1ero de vida, testigo y part\u00edcipe de momentos inolvidables y un s\u00edmbolo de aspiraci\u00f3n y progreso. Un coche eterno, aunque todo cambie.<\/p>\n<p><strong>En Volkswagen celebramos los primeros 50 a\u00f1os del Golf, un coche cargado de leyenda y objeto de deseo. El 28 de septiembre nos vemos en La Gran Golfada, el evento para los que hab\u00e9is hecho de \u00e9l vuestro compa\u00f1ero de vida y donde tu entrada es tu Golf.<\/strong><\/p>\n<p><strong>Los datos de un icono<\/strong><\/p>\n<p>Todos tenemos una memoria compartida de historias vividas en un Golf. Ha sido el coche m\u00e1s vendido de todos los tiempos en Europa con 37 millones de unidades hasta el momento, o lo que es lo mismo 2.000 coches vendidos cada d\u00eda durante 50 a\u00f1os.<\/p>\n<p>Personalidades de todo el mundo est\u00e1n unidas por su pasi\u00f3n por el Golf, empresarios de \u00e9lite, artistas, deportistas, pr\u00edncipes y hasta un Papa que pudiendo tener cualquier coche, eligieron un Golf.<\/p>\n<p>Ha sido testigo de la historia: marc\u00f3 un hito tras la ca\u00edda del Muro de Berl\u00edn, siendo el coche m\u00e1s deseado por los alemanes orientales y s\u00edmbolo de la cultura occidental. Ha aparecido en m\u00e1s de 2.300 pel\u00edculas, desde el Ultimatum de Bourne a Jam\u00f3n, jam\u00f3n.<\/p>\n<p>Hoy sigue siendo objeto de deseo, ahora de la Generaci\u00f3n Z.<\/p>\n<p>Como ocurre con todos los iconos, se ha permitido algunas locuras, en 1983 vi\u00f3 la luz el See-Golf, un coche anfibio, o el divertido Golf Harlequ\u00edn de colores del que se fabricaron solo 264 unidades y es objeto de colecci\u00f3n. Tambi\u00e9n hubo ediciones limitadas de los Rolling Stones y Pink Floyd.<\/p>\n<p>\u00bfTe has preguntado por qu\u00e9 se llama Golf? Nada que ver con el deporte, es tradici\u00f3n en Volkswagen nombrar a sus coches con nombres de vientos y el suyo procede de la corriente del Golfo.<\/p>\n<p><strong>El dise\u00f1o de un icono<\/strong><\/p>\n<p>Han pasado 50 a\u00f1os desde que el primer Golf Caja 1 sali\u00f3 de la l\u00ednea de producci\u00f3n de Wolfsburg, en Alemania, en 1974 a un precio de 7.995 marcos, el equivalente a 4.000\u20ac. Naci\u00f3 para sustituir al famoso Beetle. Su dise\u00f1o, obra del italiano Giorgetto Giugiaro,<\/p>\n<p>fue una verdadera revoluci\u00f3n en el sector, marcando el inicio de una nueva era en el dise\u00f1o de la industria de la automoci\u00f3n por su motor delantero y cre\u00f3 una nueva clase, la del compacto deportivo. En este tiempo se han dise\u00f1ado 8 generaciones del Golf.<\/p>\n<p><strong>La Gran Golfada. Tu Golf. Tu gente. Un viaje. Un <\/strong><strong>festival.<\/strong><\/p>\n<p>Hay dos tipos de personas: el que tiene un Golf y el que siempre lo ha querido tener.<br \/>\nSea cual sea el grupo que perteneces, nos encontraremos el 28 de septiembre en el aer\u00f3dromo de Marug\u00e1n, en Segovia, para celebrar los primeros 50 a\u00f1os de esta leyenda imbatible. La cita para quienes hab\u00e9is hecho del Golf un compa\u00f1ero de vida.<\/p>\n<p><strong>Tu Golf es tu entrada.<\/strong> Trae el tuyo, p\u00eddelo prestado, hazte con uno. Ven s\u00f3lo, en pareja o con tus amigos \u2026 \u00a1pero no te quedes fuera! porque toda leyenda necesita gente que crea en ella\u200b.<\/p>\n<p>Ser\u00e1 un viaje a un destino en el que celebrar todas esas cosas que nunca pasan de moda, que son eternas y que jam\u00e1s dejar\u00e1n de gustarnos. Por eso todo lo que ocurra en el evento son experiencias que quedar\u00e1n grabadas en nuestras memorias y que resisten el paso del tiempo: una historia, la del primer beso, por ejemplo, un tatuaje, una sesi\u00f3n inolvidable.<\/p>\n<div  class=\"wp-video\"><!--[if lt IE 9]><script>document.createElement('video');<\/script><![endif]-->\n<video class=\"wp-video-shortcode\" id=\"video-56889-1\" width=\"1920\" height=\"1080\" preload=\"metadata\" controls=\"controls\"><source type=\"video\/mp4\" src=\"https:\/\/vw-wp-multisite.s3.eu-west-1.amazonaws.com\/wp-content\/uploads\/sites\/4\/2024\/09\/10100129\/La-Gran-Golfada.mp4?_=1\" \/><a href=\"https:\/\/vw-wp-multisite.s3.eu-west-1.amazonaws.com\/wp-content\/uploads\/sites\/4\/2024\/09\/10100129\/La-Gran-Golfada.mp4\">https:\/\/vw-wp-multisite.s3.eu-west-1.amazonaws.com\/wp-content\/uploads\/sites\/4\/2024\/09\/10100129\/La-Gran-Golfada.mp4<\/a><\/video><\/div>\n","protected":false},"excerpt":{"rendered":"El Volkswagen Golf lleva 50 a\u00f1os siendo un icono que ha trascendido generaciones, geograf\u00edas y culturas desde su lanzamiento en 1974 Celebramos los primeros 50 a\u00f1os de esta leyenda con La Gran Golfada, un incre\u00edble","protected":false},"author":13,"featured_media":56922,"comment_status":"open","ping_status":"open","sticky":false,"template":"","format":"standard","meta":{"_acf_changed":false,"ep_exclude_from_search":false,"footnotes":""},"categories":[215],"tags":[],"class_list":["post-56889","post","type-post","status-publish","format-standard","has-post-thumbnail","hentry","category-golf-golf"],"acf":[],"_links":{"self":[{"href":"https:\/\/www.volkswagen.es\/comunicacion\/wp-json\/wp\/v2\/posts\/56889","targetHints":{"allow":["GET"]}}],"collection":[{"href":"https:\/\/www.volkswagen.es\/comunicacion\/wp-json\/wp\/v2\/posts"}],"about":[{"href":"https:\/\/www.volkswagen.es\/comunicacion\/wp-json\/wp\/v2\/types\/post"}],"author":[{"embeddable":true,"href":"https:\/\/www.volkswagen.es\/comunicacion\/wp-json\/wp\/v2\/users\/13"}],"replies":[{"embeddable":true,"href":"https:\/\/www.volkswagen.es\/comunicacion\/wp-json\/wp\/v2\/comments?post=56889"}],"version-history":[{"count":6,"href":"https:\/\/www.volkswagen.es\/comunicacion\/wp-json\/wp\/v2\/posts\/56889\/revisions"}],"predecessor-version":[{"id":56919,"href":"https:\/\/www.volkswagen.es\/comunicacion\/wp-json\/wp\/v2\/posts\/56889\/revisions\/56919"}],"wp:featuredmedia":[{"embeddable":true,"href":"https:\/\/www.volkswagen.es\/comunicacion\/wp-json\/wp\/v2\/media\/56922"}],"wp:attachment":[{"href":"https:\/\/www.volkswagen.es\/comunicacion\/wp-json\/wp\/v2\/media?parent=56889"}],"wp:term":[{"taxonomy":"category","embeddable":true,"href":"https:\/\/www.volkswagen.es\/comunicacion\/wp-json\/wp\/v2\/categories?post=56889"},{"taxonomy":"post_tag","embeddable":true,"href":"https:\/\/www.volkswagen.es\/comunicacion\/wp-json\/wp\/v2\/tags?post=56889"}],"curies":[{"name":"wp","href":"https:\/\/api.w.org\/{rel}","templated":true}]}}