{"id":56136,"date":"2024-03-21T14:53:21","date_gmt":"2024-03-21T14:53:21","guid":{"rendered":"https:\/\/www.volkswagen.es\/comunicacion\/?p=56136"},"modified":"2024-03-21T14:59:00","modified_gmt":"2024-03-21T14:59:00","slug":"volkswagen-navarra-logra-un-beneficio-de-855-millones-de-euros-en-2023","status":"publish","type":"post","link":"https:\/\/www.volkswagen.es\/comunicacion\/volkswagen-navarra-logra-un-beneficio-de-855-millones-de-euros-en-2023\/","title":{"rendered":"Volkswagen Navarra logra un beneficio de 85,5 millones de euros en 2023"},"content":{"rendered":"<p><strong>Volkswagen Navarra logr\u00f3 un beneficio despu\u00e9s de impuestos de 85,5 millones de euros en 2023, un 2,2% menos que en el ejercicio anterior debido, en gran medida, al descenso del 5,1% en la producci\u00f3n anual de veh\u00edculos, que se situ\u00f3 en 273.273 unidades frente a las 288.088 del a\u00f1o 2022.<\/strong><\/p>\n<p>Pese a esa disminuci\u00f3n, el de 2023 es el segundo mejor resultado de la historia de la f\u00e1brica de Landaben, s\u00f3lo por detr\u00e1s de los 87,4 millones de beneficio logrados en 2022.<\/p>\n<p>Los ingresos totales ascendieron a 3.940,6 millones de euros, el 95% procedente de la venta de coches y el 5% restante de la de carrocer\u00edas, componentes y recambios.<\/p>\n<p>Las inversiones alcanzaron en 2023 los 75,2 millones de euros. De esta cifra, los trabajos relacionados con los dos futuros modelos el\u00e9ctricos, que se lanzar\u00e1n en 2026, supusieron 52,1 millones, cantidad en la que se incluyen 10 millones destinados a una nueva prensa, cuya inversi\u00f3n total alcanzar\u00e1 los 52,5 millones; el resto de actuaciones realizadas en la f\u00e1brica sumaron 21 millones de euros, a los que hay que a\u00f1adir 2,1 millones adicionales invertidos en trabajos relacionados con el redise\u00f1o y lanzamiento del nuevo T-Cross el 11 de diciembre del a\u00f1o pasado.<\/p>\n<p>El ligero descenso en la producci\u00f3n de 2023 con respecto a 2022 se debe, principalmente, a las obras de adecuaci\u00f3n de las instalaciones de Volkswagen Navarra para el lanzamiento de coches el\u00e9ctricos, y a la falta de piezas derivada de la escasez de semiconductores y de la inundaci\u00f3n de un proveedor en Eslovenia en el mes de septiembre.<br \/>\nDe los 273.273 coches fabricados en 2023, 118.956 fueron T-Cross, 82.256 Taigo y 66.755 Polo. Adem\u00e1s, desde el lanzamiento del nuevo T-Cross PA se produjeron 5.306 unidades de este veh\u00edculo.<\/p>\n<p>Por lo que a la motorizaci\u00f3n respecta, un 55% de los coches montaron el propulsor de 1.0 litros y 85 KW1, un 35% el 1.0 de 70KW y un 10% el 1.5 de 110 KW. El 57% de los clientes opt\u00f3 por el cambio autom\u00e1tico DSG frente al 55,3 del a\u00f1o anterior.<\/p>\n<p><strong>Cuarta f\u00e1brica por volumen productivo<\/strong><\/p>\n<p>Volkswagen Navarra finaliz\u00f3 el a\u00f1o 2023 como la cuarta f\u00e1brica mundial por volumen de producci\u00f3n de las diecisiete de la marca Volkswagen, tan s\u00f3lo por detr\u00e1s de Wolfsburg (Alemania), Puebla (M\u00e9xico) y Bratislava (Eslovaquia). En concreto, la factor\u00eda de Landaben produjo el pasado a\u00f1o un 10% de los coches ensamblados en las f\u00e1bricas de la marca Volkswagen en todo el mundo.<\/p>\n<p>Si ampliamos la comparativa a todas las f\u00e1bricas de producci\u00f3n de veh\u00edculos de todas las marcas del Consorcio a nivel mundial, incluyendo tambi\u00e9n China, la factor\u00eda de Landaben ocupar\u00eda el puesto und\u00e9cimo de 51, con un 3% del volumen total.<\/p>\n<p>&nbsp;<\/p>\n<p><strong>Resultado satisfactorio<\/strong><br \/>\nEl presidente de Volkswagen Navarra, Michael Hobusch, agradece a toda la plantilla \u201csu dedicaci\u00f3n y compromiso con la reducci\u00f3n de costes y la productividad\u201d, destaca \u201cla existencia de un plan de futuro muy consistente para hacer realidad la transformaci\u00f3n hacia la movilidad el\u00e9ctrica\u201d, y pone en valor \u201cel di\u00e1logo permanente con la parte social, materializado el pasado a\u00f1o en la firma del X Convenio Colectivo\u201d.<\/p>\n<p>Por su parte, el director financiero de Volkswagen Navarra, Holger Schulz, considera \u201csatisfactorio\u201d el resultado obtenido: \u201dPese al ligero descenso del volumen producido, hemos logrado mantener el nivel de los beneficios, lo que nos proporciona una base muy s\u00f3lida de cara al proceso de la electrificaci\u00f3n de nuestra f\u00e1brica, que ya est\u00e1 en marcha y va a suponer un gran esfuerzo financiero\u201d.<\/p>\n<p>&nbsp;<\/p>\n","protected":false},"excerpt":{"rendered":"Los ingresos totales ascendieron a 3.940,6 millones de euros Las inversiones alcanzaron los 75,2 millones de euros","protected":false},"author":13,"featured_media":56138,"comment_status":"open","ping_status":"open","sticky":false,"template":"","format":"standard","meta":{"_acf_changed":false,"ep_exclude_from_search":false,"footnotes":""},"categories":[282],"tags":[],"class_list":["post-56136","post","type-post","status-publish","format-standard","has-post-thumbnail","hentry","category-fabricas-e-instalaciones"],"acf":[],"_links":{"self":[{"href":"https:\/\/www.volkswagen.es\/comunicacion\/wp-json\/wp\/v2\/posts\/56136","targetHints":{"allow":["GET"]}}],"collection":[{"href":"https:\/\/www.volkswagen.es\/comunicacion\/wp-json\/wp\/v2\/posts"}],"about":[{"href":"https:\/\/www.volkswagen.es\/comunicacion\/wp-json\/wp\/v2\/types\/post"}],"author":[{"embeddable":true,"href":"https:\/\/www.volkswagen.es\/comunicacion\/wp-json\/wp\/v2\/users\/13"}],"replies":[{"embeddable":true,"href":"https:\/\/www.volkswagen.es\/comunicacion\/wp-json\/wp\/v2\/comments?post=56136"}],"version-history":[{"count":3,"href":"https:\/\/www.volkswagen.es\/comunicacion\/wp-json\/wp\/v2\/posts\/56136\/revisions"}],"predecessor-version":[{"id":56141,"href":"https:\/\/www.volkswagen.es\/comunicacion\/wp-json\/wp\/v2\/posts\/56136\/revisions\/56141"}],"wp:featuredmedia":[{"embeddable":true,"href":"https:\/\/www.volkswagen.es\/comunicacion\/wp-json\/wp\/v2\/media\/56138"}],"wp:attachment":[{"href":"https:\/\/www.volkswagen.es\/comunicacion\/wp-json\/wp\/v2\/media?parent=56136"}],"wp:term":[{"taxonomy":"category","embeddable":true,"href":"https:\/\/www.volkswagen.es\/comunicacion\/wp-json\/wp\/v2\/categories?post=56136"},{"taxonomy":"post_tag","embeddable":true,"href":"https:\/\/www.volkswagen.es\/comunicacion\/wp-json\/wp\/v2\/tags?post=56136"}],"curies":[{"name":"wp","href":"https:\/\/api.w.org\/{rel}","templated":true}]}}