{"id":55521,"date":"2023-12-27T09:14:30","date_gmt":"2023-12-27T09:14:30","guid":{"rendered":"https:\/\/www.volkswagen.es\/comunicacion\/?p=55521"},"modified":"2023-12-27T09:44:52","modified_gmt":"2023-12-27T09:44:52","slug":"ocho-generaciones-en-50-anos-el-ano-2024-girara-en-torno-al-golf-en-volkswagen","status":"publish","type":"post","link":"https:\/\/www.volkswagen.es\/comunicacion\/ocho-generaciones-en-50-anos-el-ano-2024-girara-en-torno-al-golf-en-volkswagen\/","title":{"rendered":"Ocho generaciones en 50 a\u00f1os: el a\u00f1o 2024 girar\u00e1 en torno al Golf en Volkswagen"},"content":{"rendered":"<p><strong>El Golf es el coraz\u00f3n de la marca Volkswagen representando el t\u00e9rmino de \u00absuperventas\u00bb como casi ning\u00fan otro modelo. Se han vendido m\u00e1s de 37 millones de veh\u00edculos en ocho generaciones. Volkswagen celebra el pr\u00f3ximo a\u00f1o el 50 aniversario de este popular modelo. Al fin y al cabo, el Golf no s\u00f3lo ha marcado la movilidad en Alemania, sino tambi\u00e9n en muchas otras regiones de todo el mundo. Sin embargo, la marca no se limita a echar la vista atr\u00e1s como parte de las celebraciones por su cumplea\u00f1os: el estreno mundial del nuevo Golf tendr\u00e1 lugar a finales de enero y, al igual que sus predecesores, traer\u00e1 numerosas innovaciones a la producci\u00f3n en serie.<\/strong><\/p>\n<p>&nbsp;<\/p>\n<p><strong>El coche europeo de mayor \u00e9xito<\/strong><\/p>\n<p>Fue una revoluci\u00f3n automovil\u00edstica cuando Volkswagen present\u00f3 el primer Golf y, por tanto, el sucesor del legendario Escarabajo en 1974: con tracci\u00f3n delantera (en lugar de motor trasero) y un concepto variable del conjunto gracias a la gran tapa del maletero y al respaldo abatible del asiento trasero. Adem\u00e1s, el dise\u00f1o de l\u00edneas rectas creado por Giorgetto Giugiaro ayud\u00f3 a Volkswagen a adoptar un nuevo estilo, que tambi\u00e9n continu\u00f3 en sus sucesores. El Golf se convirti\u00f3 r\u00e1pidamente en un aut\u00e9ntico \u00abVolkswagen\u00bb, y el primer mill\u00f3n de unidades se vendieron ya en 1976. Hasta la fecha se han entregado m\u00e1s de 37 millones de veh\u00edculos. Esto convierte al compacto en el coche europeo de mayor \u00e9xito, en el Volkswagen m\u00e1s vendido de todos los tiempos y en un icono.<\/p>\n<p>No importa la generaci\u00f3n: el secreto del \u00e9xito ha sido y sigue siendo la suma de todas sus caracter\u00edsticas. Y es que el Golf siempre ha sido un compa\u00f1ero perfecto para el d\u00eda a d\u00eda, encarnando versatilidad, funcionalidad, fiabilidad y calidad. A lo largo de las d\u00e9cadas, la gama se ha ampliado para incluir otras variantes: ya sea el Golf GTI, el Golf Cabriolet o el Golf Variant, o muchos otros. Con cada nueva generaci\u00f3n de modelos, se han incorporado a la clase compacta tecnolog\u00edas de vanguardia, conceptos de seguridad y caracter\u00edsticas de confort. De este modo, el Volkswagen Golf no s\u00f3lo ha democratizado tecnolog\u00edas como el catalizador y el sistema antibloqueo de frenos, sino tambi\u00e9n los airbags, el control de crucero y los sistemas electr\u00f3nicos de asistencia, as\u00ed como los propulsores mild-hybrid e h\u00edbridos enchufables.<\/p>\n<p>En el a\u00f1o de aniversario 2024, Volkswagen presentar\u00e1 el desarrollo evolutivo de la octava generaci\u00f3n del Golf. Impresionar\u00e1 con caracter\u00edsticas visualmente refinadas, nuevos sistemas de asistencia y sistemas de propulsi\u00f3n, y tambi\u00e9n sistemas de infoentretenimiento y software de nueva generaci\u00f3n. Faltan pocas semanas para el estreno mundial del nuevo Golf<sup>1<\/sup>, cuya preventa est\u00e1 prevista para la primavera de 2024.<\/p>\n<figure id=\"attachment_55524\" aria-describedby=\"caption-attachment-55524\"  class=\"wp-caption alignnone\"><img decoding=\"async\" class=\"size-medium wp-image-55524\" src=\"https:\/\/vw-wp-multisite.s3.eu-west-1.amazonaws.com\/wp-content\/uploads\/sites\/4\/2023\/12\/27091154\/Ocho-generaciones-en-50-anos-el-ano-2024-girara-en-torno-al-Golf-en-Volkswagen-2-1795x1197.jpg\" alt=\"\" width=\"1795\" height=\"1197\" srcset=\"https:\/\/vw-wp-multisite.s3.eu-west-1.amazonaws.com\/wp-content\/uploads\/sites\/4\/2023\/12\/27091154\/Ocho-generaciones-en-50-anos-el-ano-2024-girara-en-torno-al-Golf-en-Volkswagen-2-1795x1197.jpg 1795w, https:\/\/vw-wp-multisite.s3.eu-west-1.amazonaws.com\/wp-content\/uploads\/sites\/4\/2023\/12\/27091154\/Ocho-generaciones-en-50-anos-el-ano-2024-girara-en-torno-al-Golf-en-Volkswagen-2-1024x683.jpg 1024w, https:\/\/vw-wp-multisite.s3.eu-west-1.amazonaws.com\/wp-content\/uploads\/sites\/4\/2023\/12\/27091154\/Ocho-generaciones-en-50-anos-el-ano-2024-girara-en-torno-al-Golf-en-Volkswagen-2-768x512.jpg 768w, https:\/\/vw-wp-multisite.s3.eu-west-1.amazonaws.com\/wp-content\/uploads\/sites\/4\/2023\/12\/27091154\/Ocho-generaciones-en-50-anos-el-ano-2024-girara-en-torno-al-Golf-en-Volkswagen-2-1536x1024.jpg 1536w, https:\/\/vw-wp-multisite.s3.eu-west-1.amazonaws.com\/wp-content\/uploads\/sites\/4\/2023\/12\/27091154\/Ocho-generaciones-en-50-anos-el-ano-2024-girara-en-torno-al-Golf-en-Volkswagen-2-2048x1366.jpg 2048w, https:\/\/vw-wp-multisite.s3.eu-west-1.amazonaws.com\/wp-content\/uploads\/sites\/4\/2023\/12\/27091154\/Ocho-generaciones-en-50-anos-el-ano-2024-girara-en-torno-al-Golf-en-Volkswagen-2-1200x800.jpg 1200w, https:\/\/vw-wp-multisite.s3.eu-west-1.amazonaws.com\/wp-content\/uploads\/sites\/4\/2023\/12\/27091154\/Ocho-generaciones-en-50-anos-el-ano-2024-girara-en-torno-al-Golf-en-Volkswagen-2-455x303.jpg 455w, https:\/\/vw-wp-multisite.s3.eu-west-1.amazonaws.com\/wp-content\/uploads\/sites\/4\/2023\/12\/27091154\/Ocho-generaciones-en-50-anos-el-ano-2024-girara-en-torno-al-Golf-en-Volkswagen-2-172x115.jpg 172w, https:\/\/vw-wp-multisite.s3.eu-west-1.amazonaws.com\/wp-content\/uploads\/sites\/4\/2023\/12\/27091154\/Ocho-generaciones-en-50-anos-el-ano-2024-girara-en-torno-al-Golf-en-Volkswagen-2-75x50.jpg 75w\" sizes=\"(max-width: 1795px) 100vw, 1795px\" \/><figcaption id=\"caption-attachment-55524\" class=\"wp-caption-text\">Golf I and the EA 276 concept car, the Golf predecessor from 1969 developed in Wolfsburg<\/figcaption><\/figure>\n<p>&nbsp;<\/p>\n<p><strong>Mantener viva la historia<\/strong><\/p>\n<p>Volkswagen Classic tambi\u00e9n acompa\u00f1ar\u00e1 al Golf en su a\u00f1o de aniversario y presentar\u00e1 modelos hist\u00f3ricos del Golf de la colecci\u00f3n Volkswagen en numerosas ocasiones. Del 31 de enero al 4 de febrero de 2024, las Generaciones I a VII del Golf realzar\u00e1n la presencia de Volkswagen Francia en el sal\u00f3n \u00abSalon R\u00e9tromobile\u00bb de Par\u00eds. Inmediatamente despu\u00e9s, del 2 al 4 de febrero de 2024, Volkswagen mostrar\u00e1 un Golf I y el exclusivo concept car EA 276 -el predecesor del Golf de 1969 desarrollado en Wolfsburg- en el \u00abBremen Classic Motorshow\u00bb.<\/p>\n<p>&nbsp;<\/p>\n<p><em><sup>1<\/sup><\/em><em> Nuevo Golf &#8211; Veh\u00edculo casi de producci\u00f3n.<\/em><\/p>\n","protected":false},"excerpt":{"rendered":"En 1974, el Golf sucedi\u00f3 al Volkswagen Escarabajo y se convirti\u00f3 r\u00e1pidamente en un pionero en su clase: le siguieron otras siete generaciones La actual generaci\u00f3n del Golf recibe una actualizaci\u00f3n con motivo de su","protected":false},"author":13,"featured_media":55523,"comment_status":"open","ping_status":"open","sticky":false,"template":"","format":"standard","meta":{"_acf_changed":false,"ep_exclude_from_search":false,"footnotes":""},"categories":[215],"tags":[],"class_list":["post-55521","post","type-post","status-publish","format-standard","has-post-thumbnail","hentry","category-golf-golf"],"acf":[],"_links":{"self":[{"href":"https:\/\/www.volkswagen.es\/comunicacion\/wp-json\/wp\/v2\/posts\/55521","targetHints":{"allow":["GET"]}}],"collection":[{"href":"https:\/\/www.volkswagen.es\/comunicacion\/wp-json\/wp\/v2\/posts"}],"about":[{"href":"https:\/\/www.volkswagen.es\/comunicacion\/wp-json\/wp\/v2\/types\/post"}],"author":[{"embeddable":true,"href":"https:\/\/www.volkswagen.es\/comunicacion\/wp-json\/wp\/v2\/users\/13"}],"replies":[{"embeddable":true,"href":"https:\/\/www.volkswagen.es\/comunicacion\/wp-json\/wp\/v2\/comments?post=55521"}],"version-history":[{"count":4,"href":"https:\/\/www.volkswagen.es\/comunicacion\/wp-json\/wp\/v2\/posts\/55521\/revisions"}],"predecessor-version":[{"id":55531,"href":"https:\/\/www.volkswagen.es\/comunicacion\/wp-json\/wp\/v2\/posts\/55521\/revisions\/55531"}],"wp:featuredmedia":[{"embeddable":true,"href":"https:\/\/www.volkswagen.es\/comunicacion\/wp-json\/wp\/v2\/media\/55523"}],"wp:attachment":[{"href":"https:\/\/www.volkswagen.es\/comunicacion\/wp-json\/wp\/v2\/media?parent=55521"}],"wp:term":[{"taxonomy":"category","embeddable":true,"href":"https:\/\/www.volkswagen.es\/comunicacion\/wp-json\/wp\/v2\/categories?post=55521"},{"taxonomy":"post_tag","embeddable":true,"href":"https:\/\/www.volkswagen.es\/comunicacion\/wp-json\/wp\/v2\/tags?post=55521"}],"curies":[{"name":"wp","href":"https:\/\/api.w.org\/{rel}","templated":true}]}}