{"id":55216,"date":"2023-10-30T16:32:53","date_gmt":"2023-10-30T16:32:53","guid":{"rendered":"https:\/\/www.volkswagen.es\/comunicacion\/?p=55216"},"modified":"2023-10-30T16:38:46","modified_gmt":"2023-10-30T16:38:46","slug":"primeras-imagenes-y-nuevo-nombre-volkswagen-adelanta-en-exclusiva-el-futuro-id-7-tourer","status":"publish","type":"post","link":"https:\/\/www.volkswagen.es\/comunicacion\/primeras-imagenes-y-nuevo-nombre-volkswagen-adelanta-en-exclusiva-el-futuro-id-7-tourer\/","title":{"rendered":"Primeras im\u00e1genes y nuevo nombre: Volkswagen adelanta en exclusiva el futuro ID.7 Tourer"},"content":{"rendered":"<p><strong>Volkswagen presenta las primeras fotos de la versi\u00f3n familiar, a\u00fan camuflada, del modelo tope de gama totalmente el\u00e9ctrico ID.7 y, al mismo tiempo, introduce el nuevo nombre: ID.7 Tourer<sup>1<\/sup>. El nuevo modelo se lanzar\u00e1 en Europa en 2024, con mucho espacio y alta eficiencia. Volkswagen publicar\u00e1 el dise\u00f1o definitivo en los pr\u00f3ximos meses.<\/strong><\/p>\n<p>&nbsp;<\/p>\n<p>Volkswagen es uno de los fabricantes de familiares con m\u00e1s \u00e9xito en todo el mundo. Desde hace m\u00e1s de 60 a\u00f1os, existen los pr\u00e1cticos modelos que hasta ahora se han denominado Variant o Shooting Brake (en el caso del Arteon). Con el nuevo ID.7 Tourer, la marca ofrece un primer vistazo a su primer familiar totalmente el\u00e9ctrico, que debutar\u00e1 en 2024.<\/p>\n<p><strong>Alta eficiencia gracias a una sofisticada aerodin\u00e1mica.<\/strong> Una carrocer\u00eda aerodin\u00e1mica es la mejor base para una gran autonom\u00eda. La berlina ID.7<sup>3<\/sup>, que ya se ha presentado y se est\u00e1 lanzando en Europa, es un Volkswagen extremadamente aerodin\u00e1mico con un Cx de 0,234. El coeficiente aerodin\u00e1mico del ID.7 Tourer es casi el mismo: 0,242. El dise\u00f1o elegante y potente de la versi\u00f3n familiar tambi\u00e9n se deja ver a pesar del exclusivo camuflaje.<\/p>\n<p><strong>El ID.7 Tourer sigue vestido de camuflaje oto\u00f1al.<\/strong> El dise\u00f1o del camuflaje se basa en la pintura multicapa de la berlina ID.7, revelada por Volkswagen en el CES de Las Vegas a principios de este a\u00f1o. En consonancia con la estaci\u00f3n, las im\u00e1genes del adhesivo lucen el aspecto Indian Summer; los c\u00f3digos QR de la parte trasera se integran perfectamente en el camuflaje.<\/p>\n<p><strong>Mucho espacio en el interior de alta calidad gracias a los cortos voladizos y a la larga distancia entre ejes.<\/strong> Si hay cinco personas a bordo, se puede disponer de un volumen de maletero de hasta 545 litros, cargado hasta la altura del respaldo del asiento trasero. Si \u00e9ste se abate, el volumen del maletero de casi dos metros de largo puede aumentar hasta los 1.714 litros.<\/p>\n<p>Como todos los modelos de la familia ID., la nueva carrocer\u00eda del ID.7 se basa en la plataforma MEB del Grupo Volkswagen. Las ventajas de la plataforma modular con cortos voladizos y una larga distancia entre ejes benefician al interior. El resultado es el de una elegante versi\u00f3n familiar con una sensaci\u00f3n de espacio especialmente generosa y un aumento del volumen del maletero.<\/p>\n<p>Al igual que el ID.7, el ID.7 Tourer se fabricar\u00e1 en la planta de Volkswagen en Emden. Tras el ID.4, el ID.7 es el segundo modelo basado en la plataforma MEB que se fabricar\u00e1 en el noroeste de Alemania.<\/p>\n<p>&nbsp;<\/p>\n<p><em><sup>1<\/sup><\/em><em> Concept car camuflado de casi producci\u00f3n<\/em><\/p>\n<p><em><sup>2<\/sup><\/em><em> Mejor valor previsto en funci\u00f3n del equipamiento<\/em><\/p>\n<p><em><sup>3<\/sup><\/em><em> ID.7 Pro con 210 kW (286 CV) &#8211; consumo de energ\u00eda en kWh\/100 km: combinado 16,3-14,1; emisiones de CO2 en g\/km: combinado 0. Para el veh\u00edculo, s\u00f3lo est\u00e1n disponibles los valores de consumo de combustible y emisiones seg\u00fan WLTP y no seg\u00fan NEDC. La informaci\u00f3n sobre el consumo de combustible y las emisiones de CO\u2082 en intervalos dependen del equipamiento seleccionado del veh\u00edculo<\/em><\/p>\n<p><em><sup>4<\/sup><\/em><em> Mejor valor en funci\u00f3n del equipamiento<\/em><\/p>\n","protected":false},"excerpt":{"rendered":"El primer familiar totalmente el\u00e9ctrico de Volkswagen se llamar\u00e1 ID.7 Tourer El ID.7 Tourer combina mucho espacio con una gran eficiencia El bajo coeficiente aerodin\u00e1mico de 0,242 ayuda a prolongar al m\u00e1ximo la autonom\u00eda El","protected":false},"author":13,"featured_media":55217,"comment_status":"open","ping_status":"open","sticky":false,"template":"","format":"standard","meta":{"_acf_changed":false,"ep_exclude_from_search":false,"footnotes":""},"categories":[330],"tags":[],"class_list":["post-55216","post","type-post","status-publish","format-standard","has-post-thumbnail","hentry","category-id-7"],"acf":[],"_links":{"self":[{"href":"https:\/\/www.volkswagen.es\/comunicacion\/wp-json\/wp\/v2\/posts\/55216","targetHints":{"allow":["GET"]}}],"collection":[{"href":"https:\/\/www.volkswagen.es\/comunicacion\/wp-json\/wp\/v2\/posts"}],"about":[{"href":"https:\/\/www.volkswagen.es\/comunicacion\/wp-json\/wp\/v2\/types\/post"}],"author":[{"embeddable":true,"href":"https:\/\/www.volkswagen.es\/comunicacion\/wp-json\/wp\/v2\/users\/13"}],"replies":[{"embeddable":true,"href":"https:\/\/www.volkswagen.es\/comunicacion\/wp-json\/wp\/v2\/comments?post=55216"}],"version-history":[{"count":2,"href":"https:\/\/www.volkswagen.es\/comunicacion\/wp-json\/wp\/v2\/posts\/55216\/revisions"}],"predecessor-version":[{"id":55221,"href":"https:\/\/www.volkswagen.es\/comunicacion\/wp-json\/wp\/v2\/posts\/55216\/revisions\/55221"}],"wp:featuredmedia":[{"embeddable":true,"href":"https:\/\/www.volkswagen.es\/comunicacion\/wp-json\/wp\/v2\/media\/55217"}],"wp:attachment":[{"href":"https:\/\/www.volkswagen.es\/comunicacion\/wp-json\/wp\/v2\/media?parent=55216"}],"wp:term":[{"taxonomy":"category","embeddable":true,"href":"https:\/\/www.volkswagen.es\/comunicacion\/wp-json\/wp\/v2\/categories?post=55216"},{"taxonomy":"post_tag","embeddable":true,"href":"https:\/\/www.volkswagen.es\/comunicacion\/wp-json\/wp\/v2\/tags?post=55216"}],"curies":[{"name":"wp","href":"https:\/\/api.w.org\/{rel}","templated":true}]}}