{"id":55187,"date":"2023-10-20T09:28:52","date_gmt":"2023-10-20T09:28:52","guid":{"rendered":"https:\/\/www.volkswagen.es\/comunicacion\/?p=55187"},"modified":"2023-10-20T09:31:16","modified_gmt":"2023-10-20T09:31:16","slug":"astrazeneca-recibe-nuevos-modelos-de-la-gama-id-de-volkswagen-para-continuar-electrificando-su-flota-en-espana","status":"publish","type":"post","link":"https:\/\/www.volkswagen.es\/comunicacion\/astrazeneca-recibe-nuevos-modelos-de-la-gama-id-de-volkswagen-para-continuar-electrificando-su-flota-en-espana\/","title":{"rendered":"AstraZeneca recibe nuevos modelos de la gama ID. de Volkswagen para continuar electrificando su flota en Espa\u00f1a"},"content":{"rendered":"<p><strong>Empleados de AstraZeneca han recibido una segunda entrega de veh\u00edculos el\u00e9ctricos de la familia ID. de Volkswagen. El acuerdo entre ambas compa\u00f1\u00edas se enmarca dentro del Plan de Renovaci\u00f3n 2025 de la biofarmac\u00e9utica, que reafirma su compromiso con la protecci\u00f3n del medioambiente a trav\u00e9s de un proyecto que supondr\u00e1 que el 100% de su flota est\u00e9 formada por veh\u00edculos cero emisiones y el uso de fuentes de energ\u00eda renovables en Espa\u00f1a. La flota, compuesta por los modelos ID.4, ID.4 GTX y ID.5, alcanza ya las 430 unidades.<\/strong><\/p>\n<p>Tras la entrega de los coches, los usuarios han recibido una formaci\u00f3n en el propio circuito para llevar a cabo la transici\u00f3n al veh\u00edculo el\u00e9ctrico de la mano del equipo de monitores de Volkswagen Driving Experience, la escuela de conducci\u00f3n de la marca que cuenta con m\u00e1s de 20 a\u00f1os de experiencia. Con el objetivo de sacar el m\u00e1ximo partido a la experiencia de conducci\u00f3n, los asistentes han contado con expertos para profundizar en todos los temas relacionados con la movilidad el\u00e9ctrica, haciendo especial hincapi\u00e9 en la eficiencia y en la carga del veh\u00edculo.<\/p>\n<p>Rick R. Su\u00e1rez, presidente de AstraZeneca en Espa\u00f1a, explic\u00f3 durante el acto de entrega: \u201cen AstraZeneca estamos firmemente comprometidos con adoptar una ruta que contribuya significativamente a la salvaguarda de nuestro planeta. La incorporaci\u00f3n de veh\u00edculos sostenibles en nuestra flota es un gran paso hacia la reducci\u00f3n de nuestra huella de carbono, alineando nuestras operaciones con un futuro m\u00e1s verde y sostenible. Juntos, con colaboradores como Volkswagen, estamos avanzando hacia una movilidad corporativa que respeta y protege nuestro entorno, asegurando que las generaciones futuras hereden un mundo donde la sostenibilidad es el n\u00facleo de cada acci\u00f3n.\u00bb<\/p>\n<p>Por su parte, Laura Ros, directora general de Volkswagen en Espa\u00f1a, agradeci\u00f3 la confianza a AstraZeneca: \u201cEs una satisfacci\u00f3n que una empresa con una apuesta tan firme por la innovaci\u00f3n cient\u00edfica y con un fuerte compromiso con la reducci\u00f3n de su huella de carbono haya confiado en nosotros como socios para alcanzar estos objetivos de sostenibilidad. Con los modelos de la familia ID. que pasan a formar parte de la flota de AstraZeneca, la compa\u00f1\u00eda se afianza como un referente para otras muchas organizaciones\u201d<\/p>\n<p>Volkswagen Madrid, concesionario filial de Volkswagen Group Retail Spain, ha sido la encargada de gestionar esta flota, con el apoyo tambi\u00e9n de ALD Automotive.<\/p>\n<p>&nbsp;<\/p>\n<p><strong>L\u00edder en el mercado de flotas<\/strong><\/p>\n<p>Volkswagen tiene una trayectoria muy consolidada en el canal de empresas y grandes corporaciones, en el que ocupa posiciones de liderazgo desde hace a\u00f1os gracias a su amplia e innovadora gama de veh\u00edculos y la fortaleza de sus valores residuales, que sit\u00faan a la compa\u00f1\u00eda en una posici\u00f3n muy competitiva.<\/p>\n<p>\u201cLas empresas juegan un papel muy importante en la transici\u00f3n a la movilidad sostenible, e iniciativas tan ambiciosas como esta de AstraZeneca demuestran que los veh\u00edculos el\u00e9ctricos pueden ser ya hoy una realidad para responder a las necesidades de movilidad dentro de una corporaci\u00f3n\u201d, explica Laura Ros.<\/p>\n<p>\u201cEn Volkswagen tenemos claro que el futuro de la movilidad debe ser libre de emisiones. Nuestro objetivo es que, en el a\u00f1o 2030, un 80% de nuestro volumen de ventas en Europa se corresponda con veh\u00edculos 100% el\u00e9ctricos, y solo comercializar el\u00e9ctricos en Europa a partir de 2033\u201d, a\u00f1ade la directiva.<\/p>\n<p>Volkswagen lanz\u00f3 en 2020 el primer modelo de su nueva familia 100% el\u00e9ctrica, el ID.3, un compacto que se convirti\u00f3 en el primer coche del mundo CO<sup>2<\/sup> neutral. Hoy, solo tres a\u00f1os despu\u00e9s, la gama se ha ampliado con cerca de una decena de modelos, como los ID.4 y ID.5 o el nuevo ID.7, una berlina del segmento premium, o con el ID. Buzz, la reinterpretaci\u00f3n de la m\u00edtica Volkswagen T1 en la era de la digitalizaci\u00f3n y la electrificaci\u00f3n. Y en 2025 se incorporar\u00e1 a la gama el ID.2, un modelo que se fabricar\u00e1 en Espa\u00f1a.<\/p>\n","protected":false},"excerpt":{"rendered":"La compa\u00f1\u00eda avanza en su Plan de Renovaci\u00f3n 2025 y alcanza ya los 430 veh\u00edculos el\u00e9ctricos en Espa\u00f1a de la mano de Volkswagen La entrega ha tenido lugar en el circuito del Jarama en el","protected":false},"author":13,"featured_media":55198,"comment_status":"open","ping_status":"open","sticky":false,"template":"","format":"standard","meta":{"_acf_changed":false,"ep_exclude_from_search":false,"footnotes":""},"categories":[293],"tags":[],"class_list":["post-55187","post","type-post","status-publish","format-standard","has-post-thumbnail","hentry","category-familia-id"],"acf":[],"_links":{"self":[{"href":"https:\/\/www.volkswagen.es\/comunicacion\/wp-json\/wp\/v2\/posts\/55187","targetHints":{"allow":["GET"]}}],"collection":[{"href":"https:\/\/www.volkswagen.es\/comunicacion\/wp-json\/wp\/v2\/posts"}],"about":[{"href":"https:\/\/www.volkswagen.es\/comunicacion\/wp-json\/wp\/v2\/types\/post"}],"author":[{"embeddable":true,"href":"https:\/\/www.volkswagen.es\/comunicacion\/wp-json\/wp\/v2\/users\/13"}],"replies":[{"embeddable":true,"href":"https:\/\/www.volkswagen.es\/comunicacion\/wp-json\/wp\/v2\/comments?post=55187"}],"version-history":[{"count":7,"href":"https:\/\/www.volkswagen.es\/comunicacion\/wp-json\/wp\/v2\/posts\/55187\/revisions"}],"predecessor-version":[{"id":55208,"href":"https:\/\/www.volkswagen.es\/comunicacion\/wp-json\/wp\/v2\/posts\/55187\/revisions\/55208"}],"wp:featuredmedia":[{"embeddable":true,"href":"https:\/\/www.volkswagen.es\/comunicacion\/wp-json\/wp\/v2\/media\/55198"}],"wp:attachment":[{"href":"https:\/\/www.volkswagen.es\/comunicacion\/wp-json\/wp\/v2\/media?parent=55187"}],"wp:term":[{"taxonomy":"category","embeddable":true,"href":"https:\/\/www.volkswagen.es\/comunicacion\/wp-json\/wp\/v2\/categories?post=55187"},{"taxonomy":"post_tag","embeddable":true,"href":"https:\/\/www.volkswagen.es\/comunicacion\/wp-json\/wp\/v2\/tags?post=55187"}],"curies":[{"name":"wp","href":"https:\/\/api.w.org\/{rel}","templated":true}]}}