{"id":54931,"date":"2023-09-04T10:50:46","date_gmt":"2023-09-04T10:50:46","guid":{"rendered":"https:\/\/www.volkswagen.es\/comunicacion\/?p=54931"},"modified":"2023-09-04T13:40:06","modified_gmt":"2023-09-04T13:40:06","slug":"deportivo-electrico-y-emocional-volkswagen-presenta-el-id-gti-concept","status":"publish","type":"post","link":"https:\/\/www.volkswagen.es\/comunicacion\/deportivo-electrico-y-emocional-volkswagen-presenta-el-id-gti-concept\/","title":{"rendered":"Deportivo, el\u00e9ctrico y emocional: Volkswagen presenta el ID. GTI Concept"},"content":{"rendered":"<p><strong>La marca Volkswagen est\u00e1 dando un impulso adicional a su ofensiva el\u00e9ctrica: de aqu\u00ed a 2027, el mayor fabricante de autom\u00f3viles de Europa lanzar\u00e1 once nuevos modelos totalmente el\u00e9ctricos y ofrecer\u00e1 as\u00ed la gama de veh\u00edculos el\u00e9ctricos m\u00e1s amplia de todos los fabricantes: desde un modelo compacto con un precio inferior a 25.000 euros<sup>1<\/sup> hasta una berlina familiar<sup>2<\/sup>. En el futuro, tambi\u00e9n habr\u00e1 versiones GTI deportivas y emocionales de algunos modelos seleccionados de la familia totalmente el\u00e9ctrica ID. El ID. GTI Concept, presentado por primera vez en el IAA Mobility de M\u00fanich, ofrece una visi\u00f3n concreta de c\u00f3mo Volkswagen trasladar\u00e1 la ic\u00f3nica marca GTI al futuro el\u00e9ctrico. En el sal\u00f3n internacional del autom\u00f3vil, la nueva orientaci\u00f3n de la marca ser\u00e1 visible en todos los \u00e1mbitos por primera vez. Junto a veh\u00edculos el\u00e9ctricos como el ID. GTI Concept, el ID.4, ID.5 y el nuevo ID.7<sup>2<\/sup>, Volkswagen tambi\u00e9n seguir\u00e1 ofreciendo veh\u00edculos eficientes con motor de combusti\u00f3n, como las nuevas generaciones del Passat<sup>3<\/sup> y el Tiguan<sup>3<\/sup>. En el Open Space de la Odeonsplatz, Volkswagen tambi\u00e9n se mostrar\u00e1 como una marca cercana que busca entablar conversaciones con los visitantes.<\/strong><\/p>\n<p><strong>Thomas Sch\u00e4fer, consejero delegado de Volkswagen Turismos, afirma:<\/strong> \u00abHemos realineado Volkswagen en el transcurso de los \u00faltimos meses. Nuestras acciones se centran siempre en aquello que los clientes esperan de nosotros. La gama completa de nuestra nueva orientaci\u00f3n ser\u00e1 visible por primera vez en el IAA Mobility. Volkswagen ofrece lo que los clientes quieren. Ya sean veh\u00edculos el\u00e9ctricos, con motor de combusti\u00f3n o h\u00edbridos, todos nuestros nuevos modelos impresionan por su agradable eficiencia, su manejo intuitivo y su alta calidad en todos los \u00e1mbitos. De este modo, cumplimos nuestra promesa de volver a centrarnos por completo en las necesidades de los clientes.\u00bb<\/p>\n<figure id=\"attachment_54926\" aria-describedby=\"caption-attachment-54926\"  class=\"wp-caption alignnone\"><img decoding=\"async\" class=\"size-medium wp-image-54926\" src=\"https:\/\/vw-wp-multisite.s3.eu-west-1.amazonaws.com\/wp-content\/uploads\/sites\/4\/2023\/09\/04094207\/DB2023AU01019_large-1795x1197.jpg\" alt=\"\" width=\"1795\" height=\"1197\" srcset=\"https:\/\/vw-wp-multisite.s3.eu-west-1.amazonaws.com\/wp-content\/uploads\/sites\/4\/2023\/09\/04094207\/DB2023AU01019_large-1795x1197.jpg 1795w, https:\/\/vw-wp-multisite.s3.eu-west-1.amazonaws.com\/wp-content\/uploads\/sites\/4\/2023\/09\/04094207\/DB2023AU01019_large-1024x683.jpg 1024w, https:\/\/vw-wp-multisite.s3.eu-west-1.amazonaws.com\/wp-content\/uploads\/sites\/4\/2023\/09\/04094207\/DB2023AU01019_large-768x512.jpg 768w, https:\/\/vw-wp-multisite.s3.eu-west-1.amazonaws.com\/wp-content\/uploads\/sites\/4\/2023\/09\/04094207\/DB2023AU01019_large-1536x1024.jpg 1536w, https:\/\/vw-wp-multisite.s3.eu-west-1.amazonaws.com\/wp-content\/uploads\/sites\/4\/2023\/09\/04094207\/DB2023AU01019_large-2048x1366.jpg 2048w, https:\/\/vw-wp-multisite.s3.eu-west-1.amazonaws.com\/wp-content\/uploads\/sites\/4\/2023\/09\/04094207\/DB2023AU01019_large-1200x800.jpg 1200w, https:\/\/vw-wp-multisite.s3.eu-west-1.amazonaws.com\/wp-content\/uploads\/sites\/4\/2023\/09\/04094207\/DB2023AU01019_large-455x303.jpg 455w, https:\/\/vw-wp-multisite.s3.eu-west-1.amazonaws.com\/wp-content\/uploads\/sites\/4\/2023\/09\/04094207\/DB2023AU01019_large-172x115.jpg 172w, https:\/\/vw-wp-multisite.s3.eu-west-1.amazonaws.com\/wp-content\/uploads\/sites\/4\/2023\/09\/04094207\/DB2023AU01019_large-75x50.jpg 75w\" sizes=\"(max-width: 1795px) 100vw, 1795px\" \/><figcaption id=\"caption-attachment-54926\" class=\"wp-caption-text\">Thomas Sch\u00e4fer, CEO de Marca Volkswagen y el nuevo ID. GTI Concept<\/figcaption><\/figure>\n<p><strong>Un ritmo a\u00fan mayor para la movilidad el\u00e9ctrica.<\/strong> Volkswagen lanzar\u00e1 once nuevos modelos el\u00e9ctricos de aqu\u00ed a 2027. La preventa del ID.7, la primera berlina totalmente el\u00e9ctrica de Volkswagen con un espacioso interior y una autonom\u00eda de hasta 700 kil\u00f3metros<sup>4<\/sup>, comenz\u00f3 hace tan solo unos d\u00edas. Con el ID. GTI Concept en el IAA Mobility, Volkswagen demuestra por primera vez c\u00f3mo se transportar\u00e1 el emblema GTI a la era de la movilidad el\u00e9ctrica. Est\u00e1 previsto que la versi\u00f3n de producci\u00f3n del veh\u00edculo basado en la plataforma modular de propulsi\u00f3n el\u00e9ctrica (MEB) llegue a las carreteras en 2027. \u00abLa combinaci\u00f3n perfecta de placer de conducci\u00f3n y funcionalidad para el d\u00eda a d\u00eda: eso es lo que significan las tres letras GTI desde hace d\u00e9cadas\u00bb, afirma Sch\u00e4fer. Con el ID. GTI Concept, trasladamos el ADN del GTI a la era el\u00e9ctrica. Sigue siendo deportivo, ic\u00f3nico, tecnol\u00f3gicamente avanzado y accesible, pero ahora con una nueva interpretaci\u00f3n para el mundo del ma\u00f1ana: el\u00e9ctrico, totalmente conectado y extremadamente emotivo. Aqu\u00ed, el placer de conducir y la sostenibilidad encajan a la perfecci\u00f3n. Esto significa que el GTI tiene futuro, para nuestra marca y para los aficionados. Un deportivo Volkswagen para la era el\u00e9ctrica que es perfecto para la conducci\u00f3n diaria: 100% el\u00e9ctrico &#8211; 100% emoci\u00f3n\u00bb.<\/p>\n<ul>\n<li>Puede encontrar un kit de prensa detallado del ID. GTI Concept en PDF adjunto<\/li>\n<\/ul>\n<p><img decoding=\"async\" class=\"alignnone size-medium wp-image-54899\" src=\"https:\/\/vw-wp-multisite.s3.eu-west-1.amazonaws.com\/wp-content\/uploads\/sites\/4\/2023\/09\/04092957\/DB2023AU00995_large-1795x1010.jpg\" alt=\"\" width=\"1795\" height=\"1010\" srcset=\"https:\/\/vw-wp-multisite.s3.eu-west-1.amazonaws.com\/wp-content\/uploads\/sites\/4\/2023\/09\/04092957\/DB2023AU00995_large-1795x1010.jpg 1795w, https:\/\/vw-wp-multisite.s3.eu-west-1.amazonaws.com\/wp-content\/uploads\/sites\/4\/2023\/09\/04092957\/DB2023AU00995_large-1024x576.jpg 1024w, https:\/\/vw-wp-multisite.s3.eu-west-1.amazonaws.com\/wp-content\/uploads\/sites\/4\/2023\/09\/04092957\/DB2023AU00995_large-768x432.jpg 768w, https:\/\/vw-wp-multisite.s3.eu-west-1.amazonaws.com\/wp-content\/uploads\/sites\/4\/2023\/09\/04092957\/DB2023AU00995_large-1536x864.jpg 1536w, https:\/\/vw-wp-multisite.s3.eu-west-1.amazonaws.com\/wp-content\/uploads\/sites\/4\/2023\/09\/04092957\/DB2023AU00995_large-2048x1152.jpg 2048w, https:\/\/vw-wp-multisite.s3.eu-west-1.amazonaws.com\/wp-content\/uploads\/sites\/4\/2023\/09\/04092957\/DB2023AU00995_large-1422x800.jpg 1422w, https:\/\/vw-wp-multisite.s3.eu-west-1.amazonaws.com\/wp-content\/uploads\/sites\/4\/2023\/09\/04092957\/DB2023AU00995_large-455x256.jpg 455w, https:\/\/vw-wp-multisite.s3.eu-west-1.amazonaws.com\/wp-content\/uploads\/sites\/4\/2023\/09\/04092957\/DB2023AU00995_large-204x115.jpg 204w, https:\/\/vw-wp-multisite.s3.eu-west-1.amazonaws.com\/wp-content\/uploads\/sites\/4\/2023\/09\/04092957\/DB2023AU00995_large-75x42.jpg 75w\" sizes=\"(max-width: 1795px) 100vw, 1795px\" \/><\/p>\n<p><strong>Foco en los modelos principales.<\/strong> Como muy tarde en 2033, Volkswagen fabricar\u00e1 \u00fanicamente veh\u00edculos el\u00e9ctricos en Europa. Hasta entonces, los veh\u00edculos con motor de combusti\u00f3n eficiente seguir\u00e1n desempe\u00f1ando un papel importante en la gama de productos. En el futuro, Volkswagen se concentrar\u00e1 sobre todo en sus modelos b\u00e1sicos de \u00e9xito, como el Golf, el T-Roc, el Passat y el Tiguan. En el IAA Mobility, los visitantes podr\u00e1n ver de cerca las nuevas generaciones del Passat y el Tiguan. Tambi\u00e9n habr\u00e1 versiones h\u00edbridas enchufables de estos dos modelos basadas en la exitosa plataforma modular transversal (MQB). Ofrecer\u00e1n una autonom\u00eda el\u00e9ctrica de unos 100 km<sup>5<\/sup> y permitir\u00e1n la carga r\u00e1pida en CC con una capacidad de carga de hasta 50 kW. \u00abCon el nuevo Tiguan y el nuevo Passat, estamos llevando la plataforma MQB a nuestros clientes de la mejor manera posible. Estamos haciendo que la \u00faltima generaci\u00f3n de nuestros modelos con motor de combusti\u00f3n sea mejor que nunca\u00bb, afirma Sch\u00e4fer.<\/p>\n<ul>\n<li>Puede encontrar un kit de prensa detallado del nuevo Passat en <a href=\"https:\/\/www.volkswagen.es\/comunicacion\/la-clase-business-de-volkswagen-estreno-mundial-del-nuevo-passat-variant\/\">este enlace<\/a><\/li>\n<\/ul>\n<figure id=\"attachment_54853\" aria-describedby=\"caption-attachment-54853\"  class=\"wp-caption alignnone\"><img decoding=\"async\" class=\"size-medium wp-image-54853\" src=\"https:\/\/vw-wp-multisite.s3.eu-west-1.amazonaws.com\/wp-content\/uploads\/sites\/4\/2023\/08\/31075102\/DB2023AU00887-1795x1197.jpg\" alt=\"\" width=\"1795\" height=\"1197\" srcset=\"https:\/\/vw-wp-multisite.s3.eu-west-1.amazonaws.com\/wp-content\/uploads\/sites\/4\/2023\/08\/31075102\/DB2023AU00887-1795x1197.jpg 1795w, https:\/\/vw-wp-multisite.s3.eu-west-1.amazonaws.com\/wp-content\/uploads\/sites\/4\/2023\/08\/31075102\/DB2023AU00887-1024x683.jpg 1024w, https:\/\/vw-wp-multisite.s3.eu-west-1.amazonaws.com\/wp-content\/uploads\/sites\/4\/2023\/08\/31075102\/DB2023AU00887-768x512.jpg 768w, https:\/\/vw-wp-multisite.s3.eu-west-1.amazonaws.com\/wp-content\/uploads\/sites\/4\/2023\/08\/31075102\/DB2023AU00887-1536x1025.jpg 1536w, https:\/\/vw-wp-multisite.s3.eu-west-1.amazonaws.com\/wp-content\/uploads\/sites\/4\/2023\/08\/31075102\/DB2023AU00887-2048x1366.jpg 2048w, https:\/\/vw-wp-multisite.s3.eu-west-1.amazonaws.com\/wp-content\/uploads\/sites\/4\/2023\/08\/31075102\/DB2023AU00887-1199x800.jpg 1199w, https:\/\/vw-wp-multisite.s3.eu-west-1.amazonaws.com\/wp-content\/uploads\/sites\/4\/2023\/08\/31075102\/DB2023AU00887-455x303.jpg 455w, https:\/\/vw-wp-multisite.s3.eu-west-1.amazonaws.com\/wp-content\/uploads\/sites\/4\/2023\/08\/31075102\/DB2023AU00887-172x115.jpg 172w, https:\/\/vw-wp-multisite.s3.eu-west-1.amazonaws.com\/wp-content\/uploads\/sites\/4\/2023\/08\/31075102\/DB2023AU00887-75x50.jpg 75w\" sizes=\"(max-width: 1795px) 100vw, 1795px\" \/><figcaption id=\"caption-attachment-54853\" class=\"wp-caption-text\">Nuevo Volkswagen Passat Variant<\/figcaption><\/figure>\n<p><strong>ADN renovado y funciones mejoradas.<\/strong> A lo largo de las \u00faltimas semanas y meses, la empresa ha impulsado la aplicaci\u00f3n de su estrategia ACELERATE. Con una planificaci\u00f3n de modelos realineada y una clara orientaci\u00f3n al cliente, Volkswagen quiere convertirse en una love brand. Esto incluye ofrecer productos de movilidad asequibles para todos. En 2026, el ID. 2all<sup>1 <\/sup>-un coche el\u00e9ctrico por menos de 25.000 euros- ampliar\u00e1 la cartera de la marca en el segmento de acceso.<\/p>\n<p>El lenguaje de dise\u00f1o tambi\u00e9n es nuevo en Volkswagen y se basa en los principios de estabilidad, simpat\u00eda y emoci\u00f3n. En el interior del veh\u00edculo, se refleja en una apariencia de alta calidad y en la experiencia de usuario intuitiva t\u00edpica de la marca. En el \u00e1rea de software e infoentretenimiento, Volkswagen introduce funciones mejoradas en todos los modelos, como el asistente de voz inteligente IDA, pantallas m\u00e1s grandes y servicios a la carta para activar funciones como la navegaci\u00f3n.<\/p>\n<p><strong>Una marca abierta. <\/strong>Con el Open Space de la Odeonsplatz, en el centro de M\u00fanich, Volkswagen crea un lugar para el encuentro y el di\u00e1logo entre personas. Hasta el domingo 10 de septiembre, inclusive, los visitantes podr\u00e1n disfrutar de un variado programa que incluye conciertos en directo de Ian Hooper y Loraine. Tambi\u00e9n habr\u00e1 mesas redondas bajo el lema #OneFuture en las que se tratar\u00e1n principalmente temas sociales. El martes, Imelda Labb\u00e9, responsable de Ventas, Marketing y Posventa de Volkswagen, dar\u00e1 la bienvenida a Verena Bentele, m\u00faltiple medallista de oro paral\u00edmpica, para debatir con ella y otros invitados sobre diversidad e inclusi\u00f3n. La inclusi\u00f3n desempe\u00f1a un papel importante en todas las actividades de Volkswagen en el IAA. Tanto el stand de exposici\u00f3n como el Open Space son accesibles para usuarios de sillas de ruedas. Un int\u00e9rprete de lenguaje de signos estar\u00e1 presente en todos los eventos del Open Space, y tambi\u00e9n se ofrecer\u00e1n visitas especiales al stand para personas invidentes. \u00abEl Open Space es un ejemplo de c\u00f3mo ponemos en pr\u00e1ctica la diversidad y la inclusi\u00f3n en Volkswagen. Como ya dice nuestro nombre, somos una marca para todas las personas. Por tanto, nuestro objetivo debe ser eliminar el mayor n\u00famero posible de barreras para poder entablar conversaciones con el mayor n\u00famero posible de personas. S\u00f3lo as\u00ed podremos saber lo que nuestros clientes quieren de nosotros en \u00e1mbitos como el dise\u00f1o y el funcionamiento de los veh\u00edculos\u00bb, afirma Labb\u00e9.<\/p>\n<ul>\n<li>Puede encontrar un kit de prensa detallado sobre #OneFuture en <a href=\"https:\/\/www.volkswagen.es\/comunicacion\/abierto-inclusivo-y-accesible-volkswagen-fomenta-el-dialogo-en-el-iaa-mobility\/\">este enlace<\/a><\/li>\n<\/ul>\n<figure id=\"attachment_54887\" aria-describedby=\"caption-attachment-54887\"  class=\"wp-caption alignnone\"><img decoding=\"async\" class=\"size-medium wp-image-54887\" src=\"https:\/\/vw-wp-multisite.s3.eu-west-1.amazonaws.com\/wp-content\/uploads\/sites\/4\/2023\/09\/01111524\/DB2023AL00457_retina_2400-1795x1010.jpg\" alt=\"\" width=\"1795\" height=\"1010\" srcset=\"https:\/\/vw-wp-multisite.s3.eu-west-1.amazonaws.com\/wp-content\/uploads\/sites\/4\/2023\/09\/01111524\/DB2023AL00457_retina_2400-1795x1010.jpg 1795w, https:\/\/vw-wp-multisite.s3.eu-west-1.amazonaws.com\/wp-content\/uploads\/sites\/4\/2023\/09\/01111524\/DB2023AL00457_retina_2400-1024x576.jpg 1024w, https:\/\/vw-wp-multisite.s3.eu-west-1.amazonaws.com\/wp-content\/uploads\/sites\/4\/2023\/09\/01111524\/DB2023AL00457_retina_2400-768x432.jpg 768w, https:\/\/vw-wp-multisite.s3.eu-west-1.amazonaws.com\/wp-content\/uploads\/sites\/4\/2023\/09\/01111524\/DB2023AL00457_retina_2400-1536x864.jpg 1536w, https:\/\/vw-wp-multisite.s3.eu-west-1.amazonaws.com\/wp-content\/uploads\/sites\/4\/2023\/09\/01111524\/DB2023AL00457_retina_2400-1422x800.jpg 1422w, https:\/\/vw-wp-multisite.s3.eu-west-1.amazonaws.com\/wp-content\/uploads\/sites\/4\/2023\/09\/01111524\/DB2023AL00457_retina_2400-455x256.jpg 455w, https:\/\/vw-wp-multisite.s3.eu-west-1.amazonaws.com\/wp-content\/uploads\/sites\/4\/2023\/09\/01111524\/DB2023AL00457_retina_2400-204x115.jpg 204w, https:\/\/vw-wp-multisite.s3.eu-west-1.amazonaws.com\/wp-content\/uploads\/sites\/4\/2023\/09\/01111524\/DB2023AL00457_retina_2400-75x42.jpg 75w, https:\/\/vw-wp-multisite.s3.eu-west-1.amazonaws.com\/wp-content\/uploads\/sites\/4\/2023\/09\/01111524\/DB2023AL00457_retina_2400.jpg 1920w\" sizes=\"(max-width: 1795px) 100vw, 1795px\" \/><figcaption id=\"caption-attachment-54887\" class=\"wp-caption-text\">En pleno centro de M\u00fanich: El Open Space de Volkswagen.<\/figcaption><\/figure>\n<p><em><sup>1)<\/sup><\/em><em> ID. GTI Concept e ID. 2all \u2013 prototipos<\/em><\/p>\n<p><em><sup>2)<\/sup><\/em><em> ID.7 &#8211; Consumo en kWh\/100 km: combinado 16,3-14,1; emisiones de CO2 en g\/km: combinado 0. S\u00f3lo est\u00e1n disponibles para el veh\u00edculo los valores de consumo y emisiones seg\u00fan WLTP y no seg\u00fan NEDC. Cuando se indican intervalos, los valores de consumo y emisiones de CO\u2082 dependen del equipamiento del veh\u00edculo seleccionado.<\/em><\/p>\n<p><em><sup>3)<\/sup><\/em><em> Passat y Tiguan: Veh\u00edculo conceptual de casi producci\u00f3n.<\/em><\/p>\n<p><em><sup>4)<\/sup><\/em><em> Autonom\u00eda determinada en el banco de pruebas en carretera seg\u00fan el Procedimiento de Ensayo de Veh\u00edculos Ligeros Armonizado a Nivel Mundial (WLTP) en la variante de equipamiento m\u00e1s favorable a la autonom\u00eda del ID.7 PRO con un contenido neto de energ\u00eda de la bater\u00eda de 77 kWh. Los valores reales de autonom\u00eda WLTP pueden diferir en funci\u00f3n del equipamiento. La autonom\u00eda real alcanzada en condiciones reales var\u00eda en funci\u00f3n del estilo de conducci\u00f3n, la velocidad, el uso de elementos de confort o equipos auxiliares, la temperatura exterior, el n\u00famero de pasajeros\/carga y la topograf\u00eda<\/em><\/p>\n<p><em><sup>5)<\/sup><\/em><em> Las cifras de autonom\u00eda son valores previstos de acuerdo con el Procedimiento de Ensayo de Veh\u00edculos Ligeros Armonizado a Nivel Mundial (WLTP) para turismos y veh\u00edculos comerciales ligeros. Los valores reales de autonom\u00eda WLTP pueden diferir en funci\u00f3n del equipamiento. La autonom\u00eda real alcanzada en condiciones reales var\u00eda en funci\u00f3n del estilo de conducci\u00f3n, la velocidad, el uso de elementos de confort o equipos auxiliares, la temperatura exterior, el n\u00famero de pasajeros\/carga y la topograf\u00eda.<\/em><\/p>\n","protected":false},"excerpt":{"rendered":"Movilidad para todos: Volkswagen muestra su amplia gama de productos actuales y futuros en el IAA Mobility Thomas Sch\u00e4fer, consejero delegado de Volkswagen Turismos: \"Ya sean veh\u00edculos el\u00e9ctricos, con motor de combusti\u00f3n o h\u00edbridos, ser\u00e1","protected":false},"author":13,"featured_media":54925,"comment_status":"open","ping_status":"open","sticky":false,"template":"","format":"standard","meta":{"_acf_changed":false,"ep_exclude_from_search":false,"footnotes":""},"categories":[267],"tags":[],"class_list":["post-54931","post","type-post","status-publish","format-standard","has-post-thumbnail","hentry","category-concept-cars-concept-cars"],"acf":[],"_links":{"self":[{"href":"https:\/\/www.volkswagen.es\/comunicacion\/wp-json\/wp\/v2\/posts\/54931","targetHints":{"allow":["GET"]}}],"collection":[{"href":"https:\/\/www.volkswagen.es\/comunicacion\/wp-json\/wp\/v2\/posts"}],"about":[{"href":"https:\/\/www.volkswagen.es\/comunicacion\/wp-json\/wp\/v2\/types\/post"}],"author":[{"embeddable":true,"href":"https:\/\/www.volkswagen.es\/comunicacion\/wp-json\/wp\/v2\/users\/13"}],"replies":[{"embeddable":true,"href":"https:\/\/www.volkswagen.es\/comunicacion\/wp-json\/wp\/v2\/comments?post=54931"}],"version-history":[{"count":4,"href":"https:\/\/www.volkswagen.es\/comunicacion\/wp-json\/wp\/v2\/posts\/54931\/revisions"}],"predecessor-version":[{"id":54940,"href":"https:\/\/www.volkswagen.es\/comunicacion\/wp-json\/wp\/v2\/posts\/54931\/revisions\/54940"}],"wp:featuredmedia":[{"embeddable":true,"href":"https:\/\/www.volkswagen.es\/comunicacion\/wp-json\/wp\/v2\/media\/54925"}],"wp:attachment":[{"href":"https:\/\/www.volkswagen.es\/comunicacion\/wp-json\/wp\/v2\/media?parent=54931"}],"wp:term":[{"taxonomy":"category","embeddable":true,"href":"https:\/\/www.volkswagen.es\/comunicacion\/wp-json\/wp\/v2\/categories?post=54931"},{"taxonomy":"post_tag","embeddable":true,"href":"https:\/\/www.volkswagen.es\/comunicacion\/wp-json\/wp\/v2\/tags?post=54931"}],"curies":[{"name":"wp","href":"https:\/\/api.w.org\/{rel}","templated":true}]}}