{"id":54523,"date":"2023-05-11T14:21:26","date_gmt":"2023-05-11T14:21:26","guid":{"rendered":"https:\/\/www.volkswagen.es\/comunicacion\/?p=54523"},"modified":"2023-05-11T14:29:53","modified_gmt":"2023-05-11T14:29:53","slug":"primer-avance-del-nuevo-id-7-gtx-una-gran-berlina-para-largas-distancias-con-mas-potencia-y-traccion-total","status":"publish","type":"post","link":"https:\/\/www.volkswagen.es\/comunicacion\/primer-avance-del-nuevo-id-7-gtx-una-gran-berlina-para-largas-distancias-con-mas-potencia-y-traccion-total\/","title":{"rendered":"Primer avance del nuevo ID.7 GTX: una gran berlina para largas distancias con m\u00e1s potencia y tracci\u00f3n total"},"content":{"rendered":"<p><strong>Hace dos semanas, Volkswagen present\u00f3 el nuevo ID.7, una berlina totalmente el\u00e9ctrica en el segmento de la clase media-alta. La variante m\u00e1s din\u00e1mica del modelo llegar\u00e1 a finales de verano con el estreno mundial del ID.7 GTX. Equipado con la \u00faltima generaci\u00f3n de propulsi\u00f3n de los modelos ID., el sistema de tracci\u00f3n total de doble motor, y un sinf\u00edn de elementos de dise\u00f1o deportivo, el ID.7 GTX es un modelo de altas prestaciones que har\u00e1 su debut en el Sal\u00f3n IAA Mobility de M\u00fanich (del 5 al 10 de septiembre de 2023).<\/strong><\/p>\n<p><strong>El negro y el rojo son sin\u00f3nimos de GTX.<\/strong> En el interior, detalles como las costuras de contraste en rojo GTX de los asientos, el salpicadero y las puertas otorgan una sensaci\u00f3n de alta calidad. El dise\u00f1o exterior, por su parte, se caracteriza por elementos en negro brillante. Junto con el acabado de pintura negra del techo de serie y las ventanillas oscurecidas, estos elementos garantizan que el pr\u00f3ximo ID.7 GTX tambi\u00e9n gozar\u00e1 de un aspecto potente y distintivo.<\/p>\n<p><strong>GTX: eficiencia y placer de conducci\u00f3n.<\/strong> Al igual que en los anteriores modelos ID.4 e ID.5 GTX, el gestor de din\u00e1mica de marcha del veh\u00edculo es el responsable del control inteligente del sistema de tracci\u00f3n total de doble motor en el ID.7 GTX. Este software, desarrollado internamente por Volkswagen, siempre tiene como objetivo lograr la combinaci\u00f3n \u00f3ptima de eficiencia, din\u00e1mica y confort de conducci\u00f3n. El gestor de din\u00e1mica de marcha del veh\u00edculo controla no s\u00f3lo el sistema de propulsi\u00f3n, sino tambi\u00e9n todos los sistemas de frenado, direcci\u00f3n y control del chasis, en funci\u00f3n del modo de conducci\u00f3n seleccionado. El tren de rodaje y la direcci\u00f3n de la berlina se han mejorado notablemente sobre la base de la plataforma modular de propulsi\u00f3n el\u00e9ctrica (MEB) y ofrecen un gran equilibrio entre confort y deportividad gracias a la posibilidad de seleccionar el modo de conducci\u00f3n. Esto subraya el estatus del ID.7 GTX como modelo insignia de la familia ID.<\/p>\n<p><strong>GTX como f\u00f3rmula para el \u00e9xito.<\/strong> La marca deportiva GTX, con sus modelos de altas prestaciones totalmente el\u00e9ctricos, forma parte de la gama de Volkswagen desde hace dos a\u00f1os. Estos din\u00e1micos veh\u00edculos combinan movilidad el\u00e9ctrica, sostenibilidad y deportividad inteligente. Su dise\u00f1o deportivo tambi\u00e9n subraya el car\u00e1cter especial as\u00ed como la identidad y la calidad de los modelos GTX.<\/p>\n<p>&nbsp;<\/p>\n<p><em><sup>1<\/sup><\/em><em> Prototipo de casi producci\u00f3n. El veh\u00edculo a\u00fan no ha salido a la venta.<\/em><\/p>\n<p><em><sup>2<\/sup><\/em><em> ID.4 GTX &#8211; Consumo en kWh\/100 km: combinado 19,6-17,2; emisiones de CO2 en g\/km: combinado 0. S\u00f3lo est\u00e1n disponibles para el veh\u00edculo los valores de consumo y emisiones seg\u00fan WLTP y no seg\u00fan NEDC. Donde se indican rangos, los valores de consumo y emisiones de CO\u2082 dependen del equipamiento del veh\u00edculo seleccionado.<\/em><\/p>\n<p><em><sup>3<\/sup><\/em><em> ID.5 GTX &#8211; Consumo en kWh\/100 km: combinado 19,2-16,9; emisiones de CO\u2082 en g\/km: combinado 0. S\u00f3lo est\u00e1n disponibles para el veh\u00edculo los valores de consumo y emisiones seg\u00fan WLTP y no seg\u00fan NEDC. Donde se indican rangos, los valores de consumo y emisiones de CO\u2082 dependen del equipamiento seleccionado del veh\u00edculo.<\/em><\/p>\n","protected":false},"excerpt":{"rendered":"Su estreno mundial est\u00e1 previsto para el Sal\u00f3n IAA de M\u00fanich a finales de verano Tras el ID.4 y el ID.5, el ID.7 ser\u00e1 el tercer modelo en ofrecer una versi\u00f3n GTX GTX es sin\u00f3nimo","protected":false},"author":13,"featured_media":54524,"comment_status":"open","ping_status":"open","sticky":false,"template":"","format":"standard","meta":{"_acf_changed":false,"ep_exclude_from_search":false,"footnotes":""},"categories":[330],"tags":[],"class_list":["post-54523","post","type-post","status-publish","format-standard","has-post-thumbnail","hentry","category-id-7"],"acf":[],"_links":{"self":[{"href":"https:\/\/www.volkswagen.es\/comunicacion\/wp-json\/wp\/v2\/posts\/54523","targetHints":{"allow":["GET"]}}],"collection":[{"href":"https:\/\/www.volkswagen.es\/comunicacion\/wp-json\/wp\/v2\/posts"}],"about":[{"href":"https:\/\/www.volkswagen.es\/comunicacion\/wp-json\/wp\/v2\/types\/post"}],"author":[{"embeddable":true,"href":"https:\/\/www.volkswagen.es\/comunicacion\/wp-json\/wp\/v2\/users\/13"}],"replies":[{"embeddable":true,"href":"https:\/\/www.volkswagen.es\/comunicacion\/wp-json\/wp\/v2\/comments?post=54523"}],"version-history":[{"count":1,"href":"https:\/\/www.volkswagen.es\/comunicacion\/wp-json\/wp\/v2\/posts\/54523\/revisions"}],"predecessor-version":[{"id":54526,"href":"https:\/\/www.volkswagen.es\/comunicacion\/wp-json\/wp\/v2\/posts\/54523\/revisions\/54526"}],"wp:featuredmedia":[{"embeddable":true,"href":"https:\/\/www.volkswagen.es\/comunicacion\/wp-json\/wp\/v2\/media\/54524"}],"wp:attachment":[{"href":"https:\/\/www.volkswagen.es\/comunicacion\/wp-json\/wp\/v2\/media?parent=54523"}],"wp:term":[{"taxonomy":"category","embeddable":true,"href":"https:\/\/www.volkswagen.es\/comunicacion\/wp-json\/wp\/v2\/categories?post=54523"},{"taxonomy":"post_tag","embeddable":true,"href":"https:\/\/www.volkswagen.es\/comunicacion\/wp-json\/wp\/v2\/tags?post=54523"}],"curies":[{"name":"wp","href":"https:\/\/api.w.org\/{rel}","templated":true}]}}