{"id":54368,"date":"2023-03-21T16:42:33","date_gmt":"2023-03-21T16:42:33","guid":{"rendered":"https:\/\/www.volkswagen.es\/comunicacion\/?p=54368"},"modified":"2023-03-21T16:47:49","modified_gmt":"2023-03-21T16:47:49","slug":"el-gti-vuelve-a-casa-volkswagen-lleva-el-encuentro-gti-a-wolfsburg","status":"publish","type":"post","link":"https:\/\/www.volkswagen.es\/comunicacion\/el-gti-vuelve-a-casa-volkswagen-lleva-el-encuentro-gti-a-wolfsburg\/","title":{"rendered":"El GTI vuelve a casa: Volkswagen lleva el encuentro GTI a Wolfsburg"},"content":{"rendered":"<p><strong>Volkswagen traslada al futuro el legendario encuentro GTI del lago W\u00f6rthersee: A partir de 2024, tendr\u00e1 lugar en el coraz\u00f3n de la marca, en Wolfsburg, cerca de la planta de Volkswagen. El evento \u00abGTI Coming Home\u00bb dar\u00e1 la bienvenida a entusiastas y fans de los modelos deportivos de Volkswagen.<\/strong><\/p>\n<p>\u00abNuestros aficionados del GTI son de gran importancia para Volkswagen y por eso el contacto con ellos es muy importante para nosotros\u00bb, afirma Imelda Labb\u00e9, responsable de Ventas, Marketing y Posventa de Volkswagen. \u00abPor esta raz\u00f3n, despu\u00e9s de que el encuentro GTI en el lago W\u00f6rthersee fuera desafortunadamente cancelado, decidimos bastante r\u00e1pido ofrecer a la comunidad de fans del GTI un nuevo hogar en Wolfsburg para el evento\u201d.<\/p>\n<p>\u201cA la hora de planificar el encuentro, tambi\u00e9n queremos tener en cuenta las ideas de los aficionados, porque ante todo debe ser un encuentro para ellos. En consecuencia, estamos seguros de que el a\u00f1o que viene podremos ofrecer algunas de las novedades destacadas y sorpresas\u00bb.<\/p>\n<p>GTI: estas tres letras son sin\u00f3nimo de deportividad, emoci\u00f3n y dinamismo desde hace casi medio siglo. La comunidad de aficionados de todo el mundo sigue creciendo hasta nuestros d\u00edas, y los seguidores de GTI se re\u00fanen peri\u00f3dicamente en clubes e intercambian informaci\u00f3n entre s\u00ed en comunidades especializadas. Desde 1982, el mayor encuentro de GTI se ha celebrado tradicionalmente en el lago W\u00f6rthersee (Austria), pero el municipio local de Maria W\u00f6rth decidi\u00f3 recientemente que no quer\u00eda seguir acogiendo el evento anual en el futuro.<\/p>\n<p>Volkswagen ha decidido continuar esta tradici\u00f3n en Wolfsburg a partir del a\u00f1o que viene. Adem\u00e1s de las presentaciones de veh\u00edculos, los espect\u00e1culos sobre el escenario y las reuniones de clubes, habr\u00e1 muchos otros eventos interesantes y sorpresas para los entusiastas de los GTI. Las zonas y la infraestructura de Wolfsburg ofrecen las condiciones ideales para acoger a un gran n\u00famero de visitantes y veh\u00edculos. Bajo el lema \u00abComing Home\u00bb, Volkswagen convertir\u00e1 el emplazamiento de Wolfsburg en el nuevo hogar de la comunidad de fans del GTI.<\/p>\n<p>&nbsp;<\/p>\n<p><em>Golf GTI (foto): consumo de combustible en l\/100 km: combinado 7,6-7,3; emisiones de CO2 en g\/km: combinado 173-166.<\/em><\/p>\n<p><em>Solo est\u00e1n disponibles para el veh\u00edculo los valores de consumo y emisiones seg\u00fan WLTP y no seg\u00fan NEDC. La informaci\u00f3n sobre consumo y emisiones de CO\u2082, mostrada en intervalos, depende del equipamiento del veh\u00edculo seleccionado.<\/em><\/p>\n","protected":false},"excerpt":{"rendered":"\"GTI Coming Home\", un gran evento para los aficionados a partir de 2024 Nuevo formato de evento en lugar del descontinuado encuentro de W\u00f6rthersee Punto de encuentro de la comunidad GTI y otros compa\u00f1eros de","protected":false},"author":13,"featured_media":54370,"comment_status":"open","ping_status":"open","sticky":false,"template":"","format":"standard","meta":{"_acf_changed":false,"ep_exclude_from_search":false,"footnotes":""},"categories":[217],"tags":[],"class_list":["post-54368","post","type-post","status-publish","format-standard","has-post-thumbnail","hentry","category-golf-gti"],"acf":[],"_links":{"self":[{"href":"https:\/\/www.volkswagen.es\/comunicacion\/wp-json\/wp\/v2\/posts\/54368","targetHints":{"allow":["GET"]}}],"collection":[{"href":"https:\/\/www.volkswagen.es\/comunicacion\/wp-json\/wp\/v2\/posts"}],"about":[{"href":"https:\/\/www.volkswagen.es\/comunicacion\/wp-json\/wp\/v2\/types\/post"}],"author":[{"embeddable":true,"href":"https:\/\/www.volkswagen.es\/comunicacion\/wp-json\/wp\/v2\/users\/13"}],"replies":[{"embeddable":true,"href":"https:\/\/www.volkswagen.es\/comunicacion\/wp-json\/wp\/v2\/comments?post=54368"}],"version-history":[{"count":3,"href":"https:\/\/www.volkswagen.es\/comunicacion\/wp-json\/wp\/v2\/posts\/54368\/revisions"}],"predecessor-version":[{"id":54373,"href":"https:\/\/www.volkswagen.es\/comunicacion\/wp-json\/wp\/v2\/posts\/54368\/revisions\/54373"}],"wp:featuredmedia":[{"embeddable":true,"href":"https:\/\/www.volkswagen.es\/comunicacion\/wp-json\/wp\/v2\/media\/54370"}],"wp:attachment":[{"href":"https:\/\/www.volkswagen.es\/comunicacion\/wp-json\/wp\/v2\/media?parent=54368"}],"wp:term":[{"taxonomy":"category","embeddable":true,"href":"https:\/\/www.volkswagen.es\/comunicacion\/wp-json\/wp\/v2\/categories?post=54368"},{"taxonomy":"post_tag","embeddable":true,"href":"https:\/\/www.volkswagen.es\/comunicacion\/wp-json\/wp\/v2\/tags?post=54368"}],"curies":[{"name":"wp","href":"https:\/\/api.w.org\/{rel}","templated":true}]}}