{"id":54121,"date":"2023-02-07T13:57:22","date_gmt":"2023-02-07T13:57:22","guid":{"rendered":"https:\/\/www.volkswagen.es\/comunicacion\/?p=54121"},"modified":"2023-02-07T14:00:31","modified_gmt":"2023-02-07T14:00:31","slug":"volkswagen-lanza-una-electrizante-colaboracion-con-ant-man-y-la-avispa-quantumania-de-marvel-studios","status":"publish","type":"post","link":"https:\/\/www.volkswagen.es\/comunicacion\/volkswagen-lanza-una-electrizante-colaboracion-con-ant-man-y-la-avispa-quantumania-de-marvel-studios\/","title":{"rendered":"Volkswagen lanza una electrizante colaboraci\u00f3n con \u201cAnt-Man y la Avispa: Quantuman\u00eda\u201d de Marvel Studios"},"content":{"rendered":"<p><strong>Con motivo del estreno de \u00abAnt-Man y la Avispa: Quantuman\u00eda\u00bb, en los cines de Estados Unidos a partir del 17 de febrero, Volkswagen lanzar\u00e1 una campa\u00f1a de 360 grados que pone al ID.4<sup>1<\/sup> en el centro de atenci\u00f3n con contenido personalizado inspirado en la pel\u00edcula. La colaboraci\u00f3n se basa en el product placement del veh\u00edculo totalmente el\u00e9ctrico como el coche familiar del superh\u00e9roe en la pr\u00f3xima pel\u00edcula.<\/strong><\/p>\n<p>\u00abLas pel\u00edculas de Marvel Studios figuran entre las m\u00e1s taquilleras de todos los tiempos y Ant-Man es uno de los personajes m\u00e1s queridos del Universo Cinematogr\u00e1fico Marvel. Integrar el ID.4 en la pel\u00edcula y en la campa\u00f1a que la acompa\u00f1a nos permite llegar a millones de personas en todo el mundo\u00bb, afirma Gilbert Heise, Head of Global Brand Management y Consumer Insight de Volkswagen. \u00abAdem\u00e1s, el personaje de Ant-Man encaja perfectamente con nuestra marca: es simp\u00e1tico, aut\u00e9ntico y tiene un gran sentido del humor\u00bb, a\u00f1ade.<\/p>\n<p><strong>El contenido global personalizado para redes sociales, televisi\u00f3n y cines muestra a Ant-Man y Cassie Lang en una divertida y elaborada secuencia con el ID.4.<\/strong><\/p>\n<p>En v\u00edsperas del estreno de la pel\u00edcula, Volkswagen y Marvel Studios presentan en \u00abAnt-Man y la Avispa: Quantuman\u00eda\u00bb un spot personalizado creado conjuntamente para dar el pistoletazo de salida a la campa\u00f1a mundial. El anuncio, desarrollado y producido por Volkswagen, el equipo de colaboradores de Walt Disney Studios y Bullitt, ha sido dirigido por Anthony Leonardi III, colaborador de Marvel Studios desde hace a\u00f1os. El galardonado equipo de efectos visuales de Framestore dio vida a los efectos de encogimiento y crecimiento del anuncio. El anuncio se emitir\u00e1 en redes sociales, televisi\u00f3n y cines: <a href=\"https:\/\/youtu.be\/5XmuqzfpPU4\">https:\/\/youtu.be\/5XmuqzfpPU4<\/a><\/p>\n<p>\u00abEsta divertida e innovadora campa\u00f1a integrada da vida a una historia familiar de una manera extraordinaria. Estamos muy emocionados de compartirla con los fans de todo el mundo para celebrar el estreno de la pr\u00f3xima entrega del Universo Cinematogr\u00e1fico de Marvel\u00bb, explica Lylle Breier, SVP Global Marketing Partnerships de Walt Disney Studios.<\/p>\n<p>Adem\u00e1s, un reportaje tras las c\u00e1maras ofrecer\u00e1 a los espectadores una visi\u00f3n desde dentro del rodaje de la pel\u00edcula con la colocaci\u00f3n del SUV el\u00e9ctrico Volkswagen ID.4 durante la producci\u00f3n de la pel\u00edcula. El veh\u00edculo tambi\u00e9n se presentar\u00e1 en la alfombra roja del estreno mundial en Los \u00c1ngeles.<\/p>\n<p>\u00abHoy en d\u00eda, la narraci\u00f3n emocional a trav\u00e9s de este tipo de colaboraciones es enormemente importante para las marcas\u00bb, comenta Salim Y\u00fcksel, responsable de Future Trends, Strategic Partnerships y Global Branded Entertainment en Volkswagen, que dirige conjuntamente el proyecto con Volkswagen of America. \u00abEstamos muy orgullosos de haber unido nuestras marcas globales con un proyecto tan creativo\u00bb.<\/p>\n<p><strong>Sobre \u00abAnt-Man y la Avispa: Quantuman\u00eda\u00bb de Marvel Studios:<\/strong><\/p>\n<p>Los superh\u00e9roes Scott Lang (Paul Rudd) y Hope Van Dyne (Evangeline Lilly) regresan para continuar sus aventuras como Ant-Man y la Avispa. Juntos, con los padres de Hope, Janet Van Dyne (Michelle Pfeiffer) y Hank Pym (Michael Douglas), y la hija de Scott, Cassie Lang (Kathryn Newton), la familia se encuentra explorando el Reino Cu\u00e1ntico, interactuando con extra\u00f1as criaturas nuevas y embarc\u00e1ndose en una aventura que les llevar\u00e1 m\u00e1s all\u00e1 de los l\u00edmites de lo que cre\u00edan posible.<\/p>\n<p>Dirigida por Peyton Reed y producida por Kevin Feige y Stephen Broussard, \u00abAnt- Man y la Avispa: Quantuman\u00eda\u00bb tambi\u00e9n est\u00e1 protagonizada por Jonathan Majors como Kang, David Dastmalchian como Veb, Katy O&#8217;Brian como Jentorra, William Jackson Harper como Quaz y Bill Murray como Lord Krylar. La aventura de ciencia ficci\u00f3n se estrena en los cines estadounidenses el 17 de febrero de 2023.<\/p>\n<p>&nbsp;<\/p>\n<p><sup>1<\/sup> ID.4 &#8211; ID.4 Pro Performance 150 kW (204 CV) &#8211; consumo en kWh\/100 km: combinado: 18,7 &#8211; 16,4; emisiones de CO\u2082 en g\/km: 0. S\u00f3lo est\u00e1n disponibles para el veh\u00edculo los valores de consumo y emisiones seg\u00fan WLTP y no seg\u00fan NEDC<\/p>\n","protected":false},"excerpt":{"rendered":"El ID.4 de Volkswagen aparecer\u00e1 en la pel\u00edcula de Marvel Studios \"Ant-Man y la Avispa: Quantuman\u00eda\", que se estrenar\u00e1 en los cines de todo el mundo a mediados de febrero La campa\u00f1a de 360 grados","protected":false},"author":13,"featured_media":54123,"comment_status":"open","ping_status":"open","sticky":false,"template":"","format":"standard","meta":{"_acf_changed":false,"ep_exclude_from_search":false,"footnotes":""},"categories":[287],"tags":[],"class_list":["post-54121","post","type-post","status-publish","format-standard","has-post-thumbnail","hentry","category-acciones-de-marketing"],"acf":[],"_links":{"self":[{"href":"https:\/\/www.volkswagen.es\/comunicacion\/wp-json\/wp\/v2\/posts\/54121","targetHints":{"allow":["GET"]}}],"collection":[{"href":"https:\/\/www.volkswagen.es\/comunicacion\/wp-json\/wp\/v2\/posts"}],"about":[{"href":"https:\/\/www.volkswagen.es\/comunicacion\/wp-json\/wp\/v2\/types\/post"}],"author":[{"embeddable":true,"href":"https:\/\/www.volkswagen.es\/comunicacion\/wp-json\/wp\/v2\/users\/13"}],"replies":[{"embeddable":true,"href":"https:\/\/www.volkswagen.es\/comunicacion\/wp-json\/wp\/v2\/comments?post=54121"}],"version-history":[{"count":2,"href":"https:\/\/www.volkswagen.es\/comunicacion\/wp-json\/wp\/v2\/posts\/54121\/revisions"}],"predecessor-version":[{"id":54125,"href":"https:\/\/www.volkswagen.es\/comunicacion\/wp-json\/wp\/v2\/posts\/54121\/revisions\/54125"}],"wp:featuredmedia":[{"embeddable":true,"href":"https:\/\/www.volkswagen.es\/comunicacion\/wp-json\/wp\/v2\/media\/54123"}],"wp:attachment":[{"href":"https:\/\/www.volkswagen.es\/comunicacion\/wp-json\/wp\/v2\/media?parent=54121"}],"wp:term":[{"taxonomy":"category","embeddable":true,"href":"https:\/\/www.volkswagen.es\/comunicacion\/wp-json\/wp\/v2\/categories?post=54121"},{"taxonomy":"post_tag","embeddable":true,"href":"https:\/\/www.volkswagen.es\/comunicacion\/wp-json\/wp\/v2\/tags?post=54121"}],"curies":[{"name":"wp","href":"https:\/\/api.w.org\/{rel}","templated":true}]}}