{"id":54113,"date":"2023-01-26T10:17:39","date_gmt":"2023-01-26T10:17:39","guid":{"rendered":"https:\/\/www.volkswagen.es\/comunicacion\/?p=54113"},"modified":"2023-01-27T10:20:26","modified_gmt":"2023-01-27T10:20:26","slug":"andreas-mindt-nuevo-director-de-diseno-de-volkswagen","status":"publish","type":"post","link":"https:\/\/www.volkswagen.es\/comunicacion\/andreas-mindt-nuevo-director-de-diseno-de-volkswagen\/","title":{"rendered":"Andreas Mindt, nuevo director de Dise\u00f1o de Volkswagen"},"content":{"rendered":"<p>Cambio en la c\u00fapula de Volkswagen Design: Andreas Mindt, actual director de Dise\u00f1o de Bentley, pasa a asumir este mismo cargo en la marca Volkswagen desde el 1 de febrero de 2023. Sucede as\u00ed en el puesto a Jozef Kaba\u0148, que ha sido nombrado director de Arte Creativo de Volkswagen y depender\u00e1 directamente del \u00e1rea de Desarrollo T\u00e9cnico del Consejo de Administraci\u00f3n de Volkswagen. Como parte de su nueva responsabilidad en el Future Center Europe del Grupo Volkswagen en Potsdam (Alemania), Kaba\u0148 desarrollar\u00e1 soluciones de movilidad con visi\u00f3n de futuro para la marca Volkswagen.<\/p>\n<p><strong>Kai Gr\u00fcnitz, miembro del Consejo de Administraci\u00f3n de la marca Volkswagen y responsable de Desarrollo T\u00e9cnico:<\/strong> \u00abComo jefe de Dise\u00f1o de la marca Volkswagen, Jozef Kaba\u0148 ha demostrado que el dise\u00f1o implica algo m\u00e1s que la simple creaci\u00f3n de modelos individuales. A trav\u00e9s de su propio vocabulario, ya ha dejado su impronta en toda nuestra gama. En su nuevo cargo de director de Arte Creativo, colaborar\u00e1 estrechamente con el Future Center de Potsdam. En nombre del Consejo de Administraci\u00f3n, quiero agradecerle su inquebrantable compromiso. Al mismo tiempo, estoy encantado de que podamos contar ahora en nuestra marca con Andreas Mindt, un dise\u00f1ador del Grupo Volkswagen experimentado y respetado internacionalmente. Andreas Mindt dar\u00e1 forma al lenguaje de dise\u00f1o de Volkswagen en la siguiente y decisiva fase de nuestra transformaci\u00f3n. Estoy deseando trabajar con \u00e9l\u00bb.<\/p>\n<p><strong>Andreas Mindt<\/strong> comenz\u00f3 su carrera en el Grupo Volkswagen en 1996, tras licenciarse en la Escuela Universitaria de Dise\u00f1o de Pforzheim, al sur de Alemania. En 2014 ya hab\u00eda ocupado varios puestos en la marca Volkswagen, con la que hab\u00eda colaborado en el dise\u00f1o de la primera generaci\u00f3n del Tiguan y en el exterior del Golf 7, entre otros trabajos. Desde 2014 hasta 2021, lider\u00f3 el redise\u00f1o exterior de Audi desde el A1 hasta el e-tron GT<sup>1<\/sup> y desde el Q3 hasta el Q8<sup>2<\/sup>. A partir de 2021, como director de Dise\u00f1o de Bentley, se encarg\u00f3 de redefinir el nuevo lenguaje de dise\u00f1o de Bentley, que vio la luz el verano pasado con el Bentley Batur.<\/p>\n<p><strong>Jozef Kaba\u0148<\/strong> estudi\u00f3 Dise\u00f1o Industrial y de Producto en la Academia de Bellas Artes y Dise\u00f1o de Bratislava (Eslovaquia) y obtuvo un m\u00e1ster en Dise\u00f1o de Autom\u00f3viles en el Royal College of Art de Londres (Reino Unido) en 1997. Titulado como Dr. h. c en 2019, Kaba\u0148 comenz\u00f3 su carrera en Volkswagen Design en 1993 y particip\u00f3 en el dise\u00f1o del Bugatti Veyron, entre otros modelos. En 2003, se traslad\u00f3 a Audi como jefe de Dise\u00f1o exterior. Kaba\u0148 fue responsable de Dise\u00f1o en \u015ckoda desde 2008 a 2017. Y, despu\u00e9s de tres a\u00f1os como dise\u00f1ador jefe en dos marcas de veh\u00edculos ajenas al Grupo, regres\u00f3 a la marca Volkswagen en 2020 como dise\u00f1ador jefe.<\/p>\n<p>&nbsp;<\/p>\n<p><em><sup>1<\/sup><\/em><em> Audi e-tron GT: consumo combinado en kWh\/100 km: 21,6-19,6; emisiones combinadas de CO\u2082 en g\/km: 0; solo se dispone de valores de consumo y emisiones seg\u00fan WLTP (no NEDC).<\/em><\/p>\n<p><em><sup>2<\/sup><\/em><em> Audi Q8: consumo combinado en kWh\/100 km: 11,2-8,0; emisiones combinadas de CO\u2082 en g\/km: 256-210; solo se dispone de valores de consumo y emisiones seg\u00fan WLTP (no NEDC).<\/em><\/p>\n","protected":false},"excerpt":{"rendered":"Andreas Mindt pasa de Bentley a Volkswagen Turismos a partir del 1 de febrero Su predecesor, Jozef Kaba\u0148, ha sido nombrado director de Arte Creativo de Volkswagen","protected":false},"author":13,"featured_media":54117,"comment_status":"open","ping_status":"open","sticky":false,"template":"","format":"standard","meta":{"_acf_changed":false,"ep_exclude_from_search":false,"footnotes":""},"categories":[280],"tags":[],"class_list":["post-54113","post","type-post","status-publish","format-standard","has-post-thumbnail","hentry","category-directivos"],"acf":[],"_links":{"self":[{"href":"https:\/\/www.volkswagen.es\/comunicacion\/wp-json\/wp\/v2\/posts\/54113","targetHints":{"allow":["GET"]}}],"collection":[{"href":"https:\/\/www.volkswagen.es\/comunicacion\/wp-json\/wp\/v2\/posts"}],"about":[{"href":"https:\/\/www.volkswagen.es\/comunicacion\/wp-json\/wp\/v2\/types\/post"}],"author":[{"embeddable":true,"href":"https:\/\/www.volkswagen.es\/comunicacion\/wp-json\/wp\/v2\/users\/13"}],"replies":[{"embeddable":true,"href":"https:\/\/www.volkswagen.es\/comunicacion\/wp-json\/wp\/v2\/comments?post=54113"}],"version-history":[{"count":2,"href":"https:\/\/www.volkswagen.es\/comunicacion\/wp-json\/wp\/v2\/posts\/54113\/revisions"}],"predecessor-version":[{"id":54119,"href":"https:\/\/www.volkswagen.es\/comunicacion\/wp-json\/wp\/v2\/posts\/54113\/revisions\/54119"}],"wp:featuredmedia":[{"embeddable":true,"href":"https:\/\/www.volkswagen.es\/comunicacion\/wp-json\/wp\/v2\/media\/54117"}],"wp:attachment":[{"href":"https:\/\/www.volkswagen.es\/comunicacion\/wp-json\/wp\/v2\/media?parent=54113"}],"wp:term":[{"taxonomy":"category","embeddable":true,"href":"https:\/\/www.volkswagen.es\/comunicacion\/wp-json\/wp\/v2\/categories?post=54113"},{"taxonomy":"post_tag","embeddable":true,"href":"https:\/\/www.volkswagen.es\/comunicacion\/wp-json\/wp\/v2\/tags?post=54113"}],"curies":[{"name":"wp","href":"https:\/\/api.w.org\/{rel}","templated":true}]}}