{"id":54105,"date":"2023-01-20T09:18:03","date_gmt":"2023-01-20T09:18:03","guid":{"rendered":"https:\/\/www.volkswagen.es\/comunicacion\/?p=54105"},"modified":"2023-01-20T09:51:14","modified_gmt":"2023-01-20T09:51:14","slug":"nuevo-volkswagen-id-7-con-sistema-de-climatizacion-inteligente","status":"publish","type":"post","link":"https:\/\/www.volkswagen.es\/comunicacion\/nuevo-volkswagen-id-7-con-sistema-de-climatizacion-inteligente\/","title":{"rendered":"Nuevo Volkswagen ID.7 con sistema de climatizaci\u00f3n inteligente"},"content":{"rendered":"<p>Con un camuflaje especial, Volkswagen ha dado las primeras pistas del nuevo ID.7<sup>1<\/sup> en la feria de electr\u00f3nica de consumo m\u00e1s grande del mundo, el Consumer Electronics Show de las Vegas (CES). Kai Gr\u00fcnitz, miembro del Consejo de Administraci\u00f3n de la marca y responsable de Desarrollo: \u201cCon el ID.7, estamos reforzando nuestro objetivo de ofrecer tecnolog\u00edas inteligentes e innovaciones orientadas al cliente en el segmento para la clase media-alta de gran volumen\u201d.<\/p>\n<p><strong>\u201cSmart Air Vents\u201d, sistema de climatizaci\u00f3n inteligente<\/strong><\/p>\n<p>El ID.7 puede activar el aire acondicionado antes de que los pasajeros suban al veh\u00edculo. El interior se enfr\u00eda en los d\u00edas calurosos y se calienta cuando hace fr\u00edo y se ajusta a las necesidades o preferencias de conductor y pasajeros. Si la puerta se abre con altas temperaturas en el exterior, los \u201cSmart Air Vents\u201d distribuyen el flujo r\u00e1pidamente por una amplia superficie mediante movimientos horizontales. Cuando los pasajeros est\u00e1n sentados, se puede redirigir el aire directamente hacia el cuerpo u optar por una refrigeraci\u00f3n indirecta del habit\u00e1culo. El ID.7 es el primer modelo de Volkswagen con un sistema de control inteligente de este tipo.<\/p>\n<p><strong>Centrado en la facilidad de uso<\/strong><\/p>\n<p>Los controles del climatizador est\u00e1n ubicados en la parte superior de la nueva pantalla de infoentretenimiento de 38 cm (15\u201d) del ID.7. Esto se traduce en que siempre est\u00e1 siempre visible y se puede activarse a trav\u00e9s de un simple toque con el dedo. Las salidas de aire inteligentes se pueden controlar desde el sencillo men\u00fa digital del aire acondicionado. La fuerza y la direcci\u00f3n del flujo pueden ajustarse de forma intuitiva y su configuraci\u00f3n puede guardarse individualmente. La temperatura puede regularse mediante un mando t\u00e1ctil deslizante retroiluminado.<\/p>\n<p><img decoding=\"async\" class=\"alignnone wp-image-54075\" src=\"https:\/\/vw-wp-multisite.s3.eu-west-1.amazonaws.com\/wp-content\/uploads\/sites\/4\/2023\/01\/03173920\/221220_ID7_steering_wheel_heating_EN-1795x1010.jpg\" alt=\"\" width=\"624\" height=\"351\" srcset=\"https:\/\/vw-wp-multisite.s3.eu-west-1.amazonaws.com\/wp-content\/uploads\/sites\/4\/2023\/01\/03173920\/221220_ID7_steering_wheel_heating_EN-1795x1010.jpg 1795w, https:\/\/vw-wp-multisite.s3.eu-west-1.amazonaws.com\/wp-content\/uploads\/sites\/4\/2023\/01\/03173920\/221220_ID7_steering_wheel_heating_EN-1024x576.jpg 1024w, https:\/\/vw-wp-multisite.s3.eu-west-1.amazonaws.com\/wp-content\/uploads\/sites\/4\/2023\/01\/03173920\/221220_ID7_steering_wheel_heating_EN-768x432.jpg 768w, https:\/\/vw-wp-multisite.s3.eu-west-1.amazonaws.com\/wp-content\/uploads\/sites\/4\/2023\/01\/03173920\/221220_ID7_steering_wheel_heating_EN-1536x864.jpg 1536w, https:\/\/vw-wp-multisite.s3.eu-west-1.amazonaws.com\/wp-content\/uploads\/sites\/4\/2023\/01\/03173920\/221220_ID7_steering_wheel_heating_EN-2048x1152.jpg 2048w, https:\/\/vw-wp-multisite.s3.eu-west-1.amazonaws.com\/wp-content\/uploads\/sites\/4\/2023\/01\/03173920\/221220_ID7_steering_wheel_heating_EN-1422x800.jpg 1422w, https:\/\/vw-wp-multisite.s3.eu-west-1.amazonaws.com\/wp-content\/uploads\/sites\/4\/2023\/01\/03173920\/221220_ID7_steering_wheel_heating_EN-455x256.jpg 455w, https:\/\/vw-wp-multisite.s3.eu-west-1.amazonaws.com\/wp-content\/uploads\/sites\/4\/2023\/01\/03173920\/221220_ID7_steering_wheel_heating_EN-204x115.jpg 204w, https:\/\/vw-wp-multisite.s3.eu-west-1.amazonaws.com\/wp-content\/uploads\/sites\/4\/2023\/01\/03173920\/221220_ID7_steering_wheel_heating_EN-75x42.jpg 75w\" sizes=\"(max-width: 624px) 100vw, 624px\" \/><\/p>\n<p><strong>El sistema de aire acondicionado con control digital reacciona a comandos de voz<\/strong><\/p>\n<p>El sistema de aire acondicionado con control digital puede activarse mediante comandos de voz. Las \u00f3rdenes especiales se almacenan como \u00abSmart Climas\u00bb. As\u00ed, por ejemplo, si se da en voz alta la instrucci\u00f3n \u201cHola, Volkswagen, tengo las manos fr\u00edas\u201d, el sistema es capaz de activar la calefacci\u00f3n del volante y dirigir el aire caliente a las manos del conductor durante cinco minutos.<\/p>\n<p><strong>Climatizaci\u00f3n personalizada<\/strong><\/p>\n<p>Las preferencias individuales del usuario se guardan como \u00abPersonalizaciones\u00bb en el ID.7. Esto incluye los ajustes registrados para el sistema autom\u00e1tico de aire acondicionado. Esto resulta especialmente pr\u00e1ctico si el veh\u00edculo es utilizado por varios conductores.<\/p>\n<p><strong>Primer VW con detecci\u00f3n de la posici\u00f3n del sol<\/strong><\/p>\n<p>Cuando se activa la funci\u00f3n autom\u00e1tica, el sistema reacciona de manera inteligente adapt\u00e1ndose a las condiciones meteorol\u00f3gicas. Por ejemplo, un sensor situado en la zona del parabrisas del veh\u00edculo detecta el \u00e1ngulo de incidencia de la luz solar y la temperatura. Si el sol incide con fuerza sobre un lado del veh\u00edculo, el ID.7 adapta el sistema de aire acondicionado para orientarlo a las zonas m\u00e1s calurosas: primero, hacia ese lugar en el interior del veh\u00edculo; luego, directamente hacia los ocupantes que m\u00e1s lo necesiten.<\/p>\n<div  class=\"wp-video\"><!--[if lt IE 9]><script>document.createElement('video');<\/script><![endif]-->\n<video class=\"wp-video-shortcode\" id=\"video-54105-1\" width=\"1920\" height=\"1080\" preload=\"metadata\" controls=\"controls\"><source type=\"video\/mp4\" src=\"https:\/\/vw-wp-multisite.s3.eu-west-1.amazonaws.com\/wp-content\/uploads\/sites\/4\/2023\/01\/20091641\/Video-of-the-new-function-smart-air-vents.mp4?_=1\" \/><a href=\"https:\/\/vw-wp-multisite.s3.eu-west-1.amazonaws.com\/wp-content\/uploads\/sites\/4\/2023\/01\/20091641\/Video-of-the-new-function-smart-air-vents.mp4\">https:\/\/vw-wp-multisite.s3.eu-west-1.amazonaws.com\/wp-content\/uploads\/sites\/4\/2023\/01\/20091641\/Video-of-the-new-function-smart-air-vents.mp4<\/a><\/video><\/div>\n<p>&nbsp;<\/p>\n<p><strong>Lanzamiento del ID.7, en 2023<\/strong><\/p>\n<p>Despu\u00e9s de los ID.3, ID.4, ID.5 e ID.6<sup>2<\/sup> (solo en China) y el ID. Buzz<sup>3<\/sup>, el ID.7 ser\u00e1 el sexto modelo de la familia el\u00e9ctrica ID y el segundo veh\u00edculo global de Volkswagen (tras el ID.4) basado en la plataforma modular de propulsi\u00f3n el\u00e9ctrica (MEB). El estreno mundial del ID.7 est\u00e1 previsto para el segundo trimestre de 2023. El lanzamiento al mercado de la berlina el\u00e9ctrica en China y Europa est\u00e1 previsto para este a\u00f1o. Norteam\u00e9rica le seguir\u00e1 en 2024.<\/p>\n<p>&nbsp;<\/p>\n<p>Cuando se indican rangos, los valores de consumo y emisiones de CO\u2082 dependen del equipamiento del veh\u00edculo seleccionado.<\/p>\n<p><sup>1<\/sup> Prototipo camuflado &#8211; El veh\u00edculo no estar\u00e1 a la venta.<\/p>\n<p><sup>2<\/sup> ID.6 &#8211; Este modelo no se vender\u00e1 en Europa.<\/p>\n<p><sup>3<\/sup> ID. Buzz &#8211; Consumo combinado en kWh\/100 km: 21,7-20,6; emisiones combinadas de CO\u2082 en g\/km: 0; solo se dispone de valores de consumo y emisiones seg\u00fan WLTP (no NEDC).<\/p>\n<p>&nbsp;<\/p>\n<p>&nbsp;<\/p>\n<p>&nbsp;<\/p>\n","protected":false},"excerpt":{"rendered":"El ID.7 es capaz de activar el aire acondicionado antes de que los pasajeros entren en el habit\u00e1culo, tan pronto como detecta la llave del coche Se trata del primer modelo de Volkswagen con control","protected":false},"author":13,"featured_media":54074,"comment_status":"open","ping_status":"open","sticky":false,"template":"","format":"standard","meta":{"_acf_changed":false,"ep_exclude_from_search":false,"footnotes":""},"categories":[330],"tags":[],"class_list":["post-54105","post","type-post","status-publish","format-standard","has-post-thumbnail","hentry","category-id-7"],"acf":[],"_links":{"self":[{"href":"https:\/\/www.volkswagen.es\/comunicacion\/wp-json\/wp\/v2\/posts\/54105","targetHints":{"allow":["GET"]}}],"collection":[{"href":"https:\/\/www.volkswagen.es\/comunicacion\/wp-json\/wp\/v2\/posts"}],"about":[{"href":"https:\/\/www.volkswagen.es\/comunicacion\/wp-json\/wp\/v2\/types\/post"}],"author":[{"embeddable":true,"href":"https:\/\/www.volkswagen.es\/comunicacion\/wp-json\/wp\/v2\/users\/13"}],"replies":[{"embeddable":true,"href":"https:\/\/www.volkswagen.es\/comunicacion\/wp-json\/wp\/v2\/comments?post=54105"}],"version-history":[{"count":2,"href":"https:\/\/www.volkswagen.es\/comunicacion\/wp-json\/wp\/v2\/posts\/54105\/revisions"}],"predecessor-version":[{"id":54110,"href":"https:\/\/www.volkswagen.es\/comunicacion\/wp-json\/wp\/v2\/posts\/54105\/revisions\/54110"}],"wp:featuredmedia":[{"embeddable":true,"href":"https:\/\/www.volkswagen.es\/comunicacion\/wp-json\/wp\/v2\/media\/54074"}],"wp:attachment":[{"href":"https:\/\/www.volkswagen.es\/comunicacion\/wp-json\/wp\/v2\/media?parent=54105"}],"wp:term":[{"taxonomy":"category","embeddable":true,"href":"https:\/\/www.volkswagen.es\/comunicacion\/wp-json\/wp\/v2\/categories?post=54105"},{"taxonomy":"post_tag","embeddable":true,"href":"https:\/\/www.volkswagen.es\/comunicacion\/wp-json\/wp\/v2\/tags?post=54105"}],"curies":[{"name":"wp","href":"https:\/\/api.w.org\/{rel}","templated":true}]}}