{"id":54027,"date":"2022-12-22T08:44:58","date_gmt":"2022-12-22T08:44:58","guid":{"rendered":"https:\/\/www.volkswagen.es\/comunicacion\/?p=54027"},"modified":"2022-12-22T08:48:51","modified_gmt":"2022-12-22T08:48:51","slug":"folsbaguen-junto-a-ausejo-tambien-desea-una-eeliz-nmmdad","status":"publish","type":"post","link":"https:\/\/www.volkswagen.es\/comunicacion\/folsbaguen-junto-a-ausejo-tambien-desea-una-eeliz-nmmdad\/","title":{"rendered":"Folsbaguen, junto a Ausejo, tambi\u00e9n desea una Eeliz Nmmdad"},"content":{"rendered":"<p>Ausejo es un peque\u00f1o pueblo de La Rioja. No tiene m\u00e1s de 831 habitantes, pero destaca en el mapa desde el a\u00f1o pasado, justo cuando se viraliz\u00f3 en Tik Tok la pancarta navide\u00f1a con la que deseaba unas felices fiestas a sus vecinos de una forma muy\u2026peculiar. Y es que, cuando se iluminaba de noche, el mensaje que se pod\u00eda leer en dicha pancarta era \u201cEELIZ NMMDAD\u201d, en vez de \u201cFeliz Navidad\u201d. Dicho cartel arras\u00f3 en las redes sociales y despert\u00f3 la atenci\u00f3n de muchos. Y tambi\u00e9n de Volkswagen. \u00bfPor qu\u00e9? Pues, b\u00e1sicamente, porque si hay una marca que sabe lo que es que escriban su nombre de forma distinta a la original, esa es Volkswagen.<\/p>\n<p><a href=\"https:\/\/www.youtube.com\/watch?v=lrvNBal3txY\"><img decoding=\"async\" class=\"alignnone wp-image-54028\" src=\"https:\/\/vw-wp-multisite.s3.eu-west-1.amazonaws.com\/wp-content\/uploads\/sites\/4\/2022\/12\/22082402\/1-1795x1010.png\" alt=\"\" width=\"624\" height=\"351\" srcset=\"https:\/\/vw-wp-multisite.s3.eu-west-1.amazonaws.com\/wp-content\/uploads\/sites\/4\/2022\/12\/22082402\/1-1795x1010.png 1795w, https:\/\/vw-wp-multisite.s3.eu-west-1.amazonaws.com\/wp-content\/uploads\/sites\/4\/2022\/12\/22082402\/1-1024x576.png 1024w, https:\/\/vw-wp-multisite.s3.eu-west-1.amazonaws.com\/wp-content\/uploads\/sites\/4\/2022\/12\/22082402\/1-768x432.png 768w, https:\/\/vw-wp-multisite.s3.eu-west-1.amazonaws.com\/wp-content\/uploads\/sites\/4\/2022\/12\/22082402\/1-1536x864.png 1536w, https:\/\/vw-wp-multisite.s3.eu-west-1.amazonaws.com\/wp-content\/uploads\/sites\/4\/2022\/12\/22082402\/1-1422x800.png 1422w, https:\/\/vw-wp-multisite.s3.eu-west-1.amazonaws.com\/wp-content\/uploads\/sites\/4\/2022\/12\/22082402\/1-455x256.png 455w, https:\/\/vw-wp-multisite.s3.eu-west-1.amazonaws.com\/wp-content\/uploads\/sites\/4\/2022\/12\/22082402\/1-204x115.png 204w, https:\/\/vw-wp-multisite.s3.eu-west-1.amazonaws.com\/wp-content\/uploads\/sites\/4\/2022\/12\/22082402\/1-75x42.png 75w, https:\/\/vw-wp-multisite.s3.eu-west-1.amazonaws.com\/wp-content\/uploads\/sites\/4\/2022\/12\/22082402\/1.png 1920w\" sizes=\"(max-width: 624px) 100vw, 624px\" \/><\/a><\/p>\n<p>Admit\u00e1moslo, Volkswagen es un nombre dif\u00edcil de escribir. La K del medio despista a muchos. Y qu\u00e9 decir de la W. Por eso, no es de extra\u00f1ar que algunos se refieran a la marca alemana como \u201cBolsvaguen\u201d, \u201cVolsbaguen\u201d o, incluso, \u201cFolsbaguen\u201d. Pues bien, ese es precisamente el motivo por el que la compa\u00f1\u00eda alemana ha decidido felicitar la navidad de forma conjunta con este famoso pueblo riojano.<\/p>\n<p>Bajo el concepto \u201cAbraza lo que te hace \u00fanico\u201d, la marca de autom\u00f3viles ha querido darle valor a todas esas particularidades que nos hacen \u00fanicos y resaltar la personalidad y la autenticidad del pueblo riojano y de su cartel, as\u00ed como tambi\u00e9n abrazar las distintas maneras en las que la gente suele escribir el nombre de Volkswagen.<\/p>\n<p>\u00bfY c\u00f3mo lo ha hecho? Simplemente, a\u00f1adiendo el mensaje \u201cFolsbaguen tambi\u00e9n os desea\u201d encima del cartel que Ausejo ha lucido este a\u00f1o, que como no pod\u00eda ser de otro modo, es el mismo que el de las pasadas navidades. De hecho, el 12 de diciembre a las 18 horas, muchos de los habitantes de Ausejo se reunieron en la plaza de la Constituci\u00f3n para disfrutar en familia del encendido del \u2018nuevo\u2019 cartel. Y, como no pod\u00eda ser de otro modo, los vecinos que acudieron a la convocatoria quedaron sorprendidos al ver colgado el mismo cartel del \u201cFolsbaguen\u201d.<\/p>\n<p>En el <a href=\"https:\/\/www.youtube.com\/watch?v=lrvNBal3txY\">v\u00eddeo<\/a> que la marca ha compartido en sus perfiles en redes sociales, Volkswagen manifiesta: \u201cAusejanos, no \u00edbamos a cambiar la esencia que os hace \u00fanicos, pero s\u00ed unir fuerzas\u201d. Precisamente por eso, Albert Garc\u00eda, el director de marketing de la marca alemana en Espa\u00f1a, estuvo presente en la presentaci\u00f3n del \u2018nuevo\u2019 cartel y dese\u00f3 una \u201cEeliz Nmmdad\u201d a todos los ausejanos de parte de \u2018Folsbaguen\u2019.<\/p>\n<p>La agencia de publicidad DDB, la agencia de medios PHD y la productora Palmerita, est\u00e1n detr\u00e1s de esta campa\u00f1a navide\u00f1a.<\/p>\n<p>&nbsp;<\/p>\n","protected":false},"excerpt":{"rendered":"La marca de coches se une al pueblo riojano que se hizo viral el a\u00f1o pasado por el desconcertante dise\u00f1o de su cartel de Navidad, que deseaba una \u201cEELIZ NMMDAD\u201d a los vecinos Bajo el","protected":false},"author":13,"featured_media":54044,"comment_status":"open","ping_status":"open","sticky":false,"template":"","format":"standard","meta":{"_acf_changed":false,"ep_exclude_from_search":false,"footnotes":""},"categories":[287],"tags":[],"class_list":["post-54027","post","type-post","status-publish","format-standard","has-post-thumbnail","hentry","category-acciones-de-marketing"],"acf":[],"_links":{"self":[{"href":"https:\/\/www.volkswagen.es\/comunicacion\/wp-json\/wp\/v2\/posts\/54027","targetHints":{"allow":["GET"]}}],"collection":[{"href":"https:\/\/www.volkswagen.es\/comunicacion\/wp-json\/wp\/v2\/posts"}],"about":[{"href":"https:\/\/www.volkswagen.es\/comunicacion\/wp-json\/wp\/v2\/types\/post"}],"author":[{"embeddable":true,"href":"https:\/\/www.volkswagen.es\/comunicacion\/wp-json\/wp\/v2\/users\/13"}],"replies":[{"embeddable":true,"href":"https:\/\/www.volkswagen.es\/comunicacion\/wp-json\/wp\/v2\/comments?post=54027"}],"version-history":[{"count":3,"href":"https:\/\/www.volkswagen.es\/comunicacion\/wp-json\/wp\/v2\/posts\/54027\/revisions"}],"predecessor-version":[{"id":54045,"href":"https:\/\/www.volkswagen.es\/comunicacion\/wp-json\/wp\/v2\/posts\/54027\/revisions\/54045"}],"wp:featuredmedia":[{"embeddable":true,"href":"https:\/\/www.volkswagen.es\/comunicacion\/wp-json\/wp\/v2\/media\/54044"}],"wp:attachment":[{"href":"https:\/\/www.volkswagen.es\/comunicacion\/wp-json\/wp\/v2\/media?parent=54027"}],"wp:term":[{"taxonomy":"category","embeddable":true,"href":"https:\/\/www.volkswagen.es\/comunicacion\/wp-json\/wp\/v2\/categories?post=54027"},{"taxonomy":"post_tag","embeddable":true,"href":"https:\/\/www.volkswagen.es\/comunicacion\/wp-json\/wp\/v2\/tags?post=54027"}],"curies":[{"name":"wp","href":"https:\/\/api.w.org\/{rel}","templated":true}]}}