{"id":53974,"date":"2022-11-16T09:45:05","date_gmt":"2022-11-16T09:45:05","guid":{"rendered":"https:\/\/www.volkswagen.es\/comunicacion\/?p=53974"},"modified":"2022-11-16T09:49:20","modified_gmt":"2022-11-16T09:49:20","slug":"los-modelos-id-superan-el-medio-millon-de-unidades-volkswagen-cumple-con-el-objetivo-de-entrega-un-ano-antes-de-lo-previsto","status":"publish","type":"post","link":"https:\/\/www.volkswagen.es\/comunicacion\/los-modelos-id-superan-el-medio-millon-de-unidades-volkswagen-cumple-con-el-objetivo-de-entrega-un-ano-antes-de-lo-previsto\/","title":{"rendered":"Los modelos ID. superan el medio mill\u00f3n de unidades: Volkswagen cumple con el objetivo de entrega un a\u00f1o antes de lo previsto"},"content":{"rendered":"<p><strong>La campa\u00f1a de movilidad el\u00e9ctrica es una historia de \u00e9xito para Volkswagen<\/strong><\/p>\n<p>\u00abLa entrega de medio mill\u00f3n de unidades ID. confirma que los modelos Volkswagen est\u00e1n siendo bien recibidos por nuestros clientes en todo el mundo. Vamos por el buen camino con nuestra campa\u00f1a de movilidad el\u00e9ctrica y nuestra historia de \u00e9xito contin\u00faa\u00bb, afirmaba Imelda Labb\u00e9, responsable de Administraci\u00f3n de Ventas, Marketing y Posventa del Comit\u00e9 Ejecutivo de Volkswagen. \u00abNuestro objetivo no va a cambiar: Queremos hacer de Volkswagen la marca de movilidad sostenible m\u00e1s deseada\u00bb. La carta de pedidos de Volkswagen se mantiene alta: \u00abEstamos haciendo todo lo que est\u00e1 en nuestras manos para entregar a nuestros clientes lo m\u00e1s r\u00e1pido posible los aproximadamente 135.000 ID que hay pedidos. No obstante, debido a la persistente y complicada situaci\u00f3n de abastecimiento de piezas, estamos teniendo que ajustar la producci\u00f3n constantemente\u00bb, comentaba Labb\u00e9.<\/p>\n<p>Volkswagen solo producir\u00e1 veh\u00edculos el\u00e9ctricos en Europa a partir de 2033. Para 2030, los veh\u00edculos totalmente el\u00e9ctricos supondr\u00e1n al menos el 70% de las ventas de unidades de Volkswagen en Europa. En EE. UU y en China, la compa\u00f1\u00eda est\u00e1 marcando el objetivo de una tasa de veh\u00edculos el\u00e9ctricos de m\u00e1s del 50% para esas mismas fechas. \u00abNoruega est\u00e1 a la cabeza en la movilidad el\u00e9ctrica, donde el ID.4<sup>4<\/sup> encabez\u00f3 las estad\u00edsticas de matriculaci\u00f3n en octubre. Este ejemplo nos muestra que la cartera de productos de la familia ID satisface las necesidades de nuestros clientes\u00bb, afirmaba Labb\u00e9.<\/p>\n<p>Volkswagen lanzar\u00e1 diez nuevos modelos el\u00e9ctricos para 2026. \u00abVolkswagen tendr\u00e1 la cartera de veh\u00edculos el\u00e9ctricos m\u00e1s amplia de la industria automovil\u00edstica. Desde el veh\u00edculo el\u00e9ctrico m\u00e1s accesible con un precio objetivo de menos de 25.000\u20ac, hasta el nuevo buque insignia Aero B, tendremos la oferta adecuada en cada segmento\u00bb, a\u00f1ad\u00eda Labb\u00e9.<\/p>\n<p><strong>Los comentarios de los clientes transformados directamente en funciones de los nuevos veh\u00edculos<\/strong><\/p>\n<p>La familia ID. es tambi\u00e9n pionera en cuanto a integraci\u00f3n de software y experiencia digital del consumidor: Volkswagen proporciona de forma constante actualizaciones remotas a los propietarios de los ID. Esto garantiza que el veh\u00edculo est\u00e9 siempre actualizado en todo su ciclo de vida, y siga mejorando a trav\u00e9s de nuevas funciones. \u00abNuestra experiencia en estos \u00faltimos meses ha sido muy positiva\u00bb, comentaba Labb\u00e9. \u00abEl beneficio se traduce en que podemos transformar los comentarios de los clientes y convertirlos r\u00e1pida y directamente en nuevas funciones, como el aumento de la capacidad de carga o una notificaci\u00f3n sobre la capacidad de la bater\u00eda en la pantalla del conductor\u00bb.<\/p>\n<p><strong>La MEB es el pilar de la campa\u00f1a de movilidad el\u00e9ctrica<\/strong><\/p>\n<p>La Plataforma Modular de Propulsi\u00f3n El\u00e9ctrica (MEB) es un factor decisivo para la aceleraci\u00f3n de la campa\u00f1a global de movilidad el\u00e9ctrica dentro de la estrategia ACCELERATE de la marca. Esta estructura del veh\u00edculo, la cual est\u00e1 dise\u00f1ada principalmente para el sistema de propulsi\u00f3n el\u00e9ctrica, ofrece una gran autonom\u00eda, un interior espacioso y la posibilidad de actualizaciones del software remotas. La MEB es una base t\u00e9cnica para todos los veh\u00edculos totalmente el\u00e9ctricos y conectados de la familia ID. Con su atenci\u00f3n puesta de forma consistente en la conducci\u00f3n totalmente el\u00e9ctrica y su capacidad de ser empleada en veh\u00edculos de todo tipo de segmentos dentro del Grupo Volkswagen, la MEB genera grandes econom\u00edas de escala, reduce los costes de la movilidad el\u00e9ctrica y acelera la transici\u00f3n hacia la movilidad neutral en carbono. Gracias a su \u201cdise\u00f1o para la fabricaci\u00f3n\u201d, la MEB est\u00e1 dise\u00f1ada espec\u00edficamente para una producci\u00f3n r\u00e1pida y eficiente. Esto permite la gran generaci\u00f3n de econom\u00edas de escala, lo que hace a los veh\u00edculos el\u00e9ctricos m\u00e1s baratos y, por lo tanto, m\u00e1s asequibles para un gran n\u00famero de personas.<\/p>\n<p><sup>1) <\/sup>ID.3 \u2013 consumo en kWh\/100 km: combinado 16,4-15,2, emisiones de CO<sub>2<\/sub> en g\/km: 0.<\/p>\n<p><sup>2)<\/sup> ID. 5 GTX \u2013 consumo en kWh\/100 km: combinado 19,3-16,9, emisiones de CO<sub>2<\/sub> en g\/km: 0<\/p>\n<p><sup>3)<\/sup> ID. 6 \u2013 Este veh\u00edculo no est\u00e1 en venta en Europa. Solo est\u00e1n disponibles para el veh\u00edculo los valores de consumo y emisiones seg\u00fan el WLTP y no seg\u00fan el NEDC.<\/p>\n<p><sup>4)<\/sup> ID.4 Pro Performance \u2013 consumo en kWh\/100 km: combinado 16,5; emisiones de CO<sub>2<\/sub> en g\/km: 0.<\/p>\n<p>&nbsp;<\/p>\n","protected":false},"excerpt":{"rendered":"Volkswagen est\u00e1 haciendo un r\u00e1pido progreso a nivel mundial con la electrificaci\u00f3n de su flota de veh\u00edculos a pesar de la complicada situaci\u00f3n de abastecimiento La cartera de pedidos se mantiene alta: 135.000 veh\u00edculos pedidos","protected":false},"author":13,"featured_media":53976,"comment_status":"open","ping_status":"open","sticky":false,"template":"","format":"standard","meta":{"_acf_changed":false,"ep_exclude_from_search":false,"footnotes":""},"categories":[293],"tags":[],"class_list":["post-53974","post","type-post","status-publish","format-standard","has-post-thumbnail","hentry","category-familia-id"],"acf":[],"_links":{"self":[{"href":"https:\/\/www.volkswagen.es\/comunicacion\/wp-json\/wp\/v2\/posts\/53974","targetHints":{"allow":["GET"]}}],"collection":[{"href":"https:\/\/www.volkswagen.es\/comunicacion\/wp-json\/wp\/v2\/posts"}],"about":[{"href":"https:\/\/www.volkswagen.es\/comunicacion\/wp-json\/wp\/v2\/types\/post"}],"author":[{"embeddable":true,"href":"https:\/\/www.volkswagen.es\/comunicacion\/wp-json\/wp\/v2\/users\/13"}],"replies":[{"embeddable":true,"href":"https:\/\/www.volkswagen.es\/comunicacion\/wp-json\/wp\/v2\/comments?post=53974"}],"version-history":[{"count":2,"href":"https:\/\/www.volkswagen.es\/comunicacion\/wp-json\/wp\/v2\/posts\/53974\/revisions"}],"predecessor-version":[{"id":53978,"href":"https:\/\/www.volkswagen.es\/comunicacion\/wp-json\/wp\/v2\/posts\/53974\/revisions\/53978"}],"wp:featuredmedia":[{"embeddable":true,"href":"https:\/\/www.volkswagen.es\/comunicacion\/wp-json\/wp\/v2\/media\/53976"}],"wp:attachment":[{"href":"https:\/\/www.volkswagen.es\/comunicacion\/wp-json\/wp\/v2\/media?parent=53974"}],"wp:term":[{"taxonomy":"category","embeddable":true,"href":"https:\/\/www.volkswagen.es\/comunicacion\/wp-json\/wp\/v2\/categories?post=53974"},{"taxonomy":"post_tag","embeddable":true,"href":"https:\/\/www.volkswagen.es\/comunicacion\/wp-json\/wp\/v2\/tags?post=53974"}],"curies":[{"name":"wp","href":"https:\/\/api.w.org\/{rel}","templated":true}]}}