{"id":53906,"date":"2022-10-05T09:38:18","date_gmt":"2022-10-05T09:38:18","guid":{"rendered":"https:\/\/www.volkswagen.es\/comunicacion\/?p=53906"},"modified":"2022-10-05T09:41:53","modified_gmt":"2022-10-05T09:41:53","slug":"volkswagen-apuesta-por-la-pedagogia-para-impulsar-y-acercar-la-movilidad-electrica-a-sus-clientes","status":"publish","type":"post","link":"https:\/\/www.volkswagen.es\/comunicacion\/volkswagen-apuesta-por-la-pedagogia-para-impulsar-y-acercar-la-movilidad-electrica-a-sus-clientes\/","title":{"rendered":"Volkswagen apuesta por la pedagog\u00eda para impulsar y acercar la movilidad el\u00e9ctrica a sus clientes"},"content":{"rendered":"<p>\u201cLos fabricantes tenemos que hacer mucha pedagog\u00eda del coche el\u00e9ctrico. Tenemos que asumir un papel activo en la divulgaci\u00f3n de esta nueva tecnolog\u00eda. Nuestra estrategia pasa por posicionar a nuestros clientes en el centro de la movilidad el\u00e9ctrica, form\u00e1ndoles, mostr\u00e1ndoles todas sus ventajas y acerc\u00e1ndoles el producto\u201d, explica Albert Garc\u00eda, director de Marketing de Volkswagen en Espa\u00f1a. \u201cEstas jornadas, que hacemos en un formato muy cercano y exclusivo, nos ayudan a conocer las inquietudes de nuestros clientes. Unos <em>inputs<\/em> muy valiosos para seguir creando nuevos formatos y contenidos que se adapten a sus necesidades\u201d, a\u00f1ade el directivo.<\/p>\n<p>En el ID. House los asistentes han contado con expertos para profundizar en todos los temas relacionados con la movilidad el\u00e9ctrica, monitores profesionales para sacar el m\u00e1ximo partido a la experiencia de conducci\u00f3n, as\u00ed como la participaci\u00f3n de Luis Moya, embajador de Volkswagen en Espa\u00f1a. Adem\u00e1s del ID.3 y el ID.4, pudieron conducir el nuevo ID.5, el primer SUV Coup\u00e9 100% el\u00e9ctrico de la gama, con el que Volkswagen ha reforzado su oferta en uno de los segmentos de mayor crecimiento<\/p>\n<p>Adem\u00e1s de estas jornadas, Volkswagen mantiene a lo largo del a\u00f1o una serie de actividades con clientes y no clientes de la marca que tienen como objetivo impulsar la movilidad el\u00e9ctrica a trav\u00e9s de la formaci\u00f3n y de un mayor conocimiento del producto. De hecho, Volkswagen ha sido pionera en Espa\u00f1a en la creaci\u00f3n de una Escuela de Conducci\u00f3n espec\u00edfica para veh\u00edculos el\u00e9ctricos.<\/p>\n<p><strong>Escuela ID. <\/strong><\/p>\n<p>De esta forma, en el a\u00f1o 2020, coincidiendo con el lanzamiento del ID.3, Volkswagen se posicion\u00f3 como una de las primeras marcas en Espa\u00f1a en ofrecer un curso de conducci\u00f3n para el\u00e9ctricos. \u201cNuestra Escuela de Conducci\u00f3n, Volkswagen Driving Experience, con la que llevamos cerca de 20 a\u00f1os impartiendo cursos, nos abr\u00eda una magn\u00edfica oportunidad para acercar a nuestros clientes las claves de esta nueva movilidad libre de emisiones y mostrarles las ventajas, pero tambi\u00e9n la diversi\u00f3n, que se esconde detr\u00e1s de un veh\u00edculo el\u00e9ctrico\u201d, a\u00f1ade Albert Garc\u00eda.<\/p>\n<p>En s\u00f3lo dos a\u00f1os, la gama de la Familia ID. ha crecido de forma extraordinaria hasta convertirse en una de las gamas de veh\u00edculos 100% el\u00e9ctricos m\u00e1s completas del mercado. Tras la llegada del ID.3, ID.4, ID.4 GTX, ID.5 y ID.5 GTX, el pr\u00f3ximo modelo en llegar al mercado espa\u00f1ol ser\u00e1 el ID. Buzz, la reinterpretaci\u00f3n el\u00e9ctrica de uno de los veh\u00edculos m\u00e1s emblem\u00e1ticos de la historia del autom\u00f3vil, el Bulli. Un modelo que ya se puede pedir en los concesionarios de la marca.<\/p>\n<p>En 2023 llegar\u00e1 tambi\u00e9n ID. Aero, primera berlina totalmente el\u00e9ctrica de la marca que se inscribe en el segmento del Passat\/Arteon y que se ofrecer\u00e1 con una autonom\u00eda en torno a los 700 kil\u00f3metros.\u00a0 La Familia ID. se completar\u00e1 en 2025 con el modelo que dar\u00e1 acceso a la gama, el ID. Life: un modelo que nace con la vocaci\u00f3n de hacer que la movilidad el\u00e9ctrica sea accesible para m\u00e1s personas.<\/p>\n<p><strong>Inversiones millonarias<\/strong><\/p>\n<p>Detr\u00e1s de esta ofensiva el\u00e9ctrica est\u00e1 el prop\u00f3sito a trav\u00e9s del cual se articula la estrategia de Volkswagen y que no es otro que lograr una movilidad libre de emisiones para todos. Volkswagen fue el primer fabricante en hacer p\u00fablico su compromiso con los acuerdos de Par\u00eds y su objetivo es ser una compa\u00f1\u00eda neutral en emisiones de CO2 en el a\u00f1o 2050. Un objetivo que est\u00e1 respaldado por inversiones millonarias.<\/p>\n<p>En este sentido, Volkswagen invertir\u00e1 18.000 millones de euros hasta el a\u00f1o 2026. De \u00e9stos, 14.000 millones se destinar\u00e1n a la electromovilidad \u2013desarrollo de nuevos modelos, transformaci\u00f3n de las plantas, etc\u00e9tera-, 1.000 millones al desarrollo de la hibridaci\u00f3n y 3.000 millones al \u00e1rea de la digitalizaci\u00f3n.<\/p>\n<p>\u201cTenemos una hoja de ruta bien definida. Nuestro compromiso con la electromovilidad es firme, pero necesitamos la implicaci\u00f3n de todas las administraciones para crear una red de infraestructuras de carga en Espa\u00f1a que d\u00e9 certidumbre a los usuarios y haga posible el crecimiento exponencial del parque de veh\u00edculos el\u00e9ctricos\u201d, concluye el directivo.<\/p>\n<p>&nbsp;<\/p>\n","protected":false},"excerpt":{"rendered":"La marca concluy\u00f3 ayer en Barcelona unas jornadas para dar a conocer su estrategia de electromovilidad, como ya hizo el pasado mes de abril en Madrid El objetivo es profundizar en aspectos relacionados con la","protected":false},"author":13,"featured_media":53910,"comment_status":"open","ping_status":"open","sticky":false,"template":"","format":"standard","meta":{"_acf_changed":false,"ep_exclude_from_search":false,"footnotes":""},"categories":[293],"tags":[],"class_list":["post-53906","post","type-post","status-publish","format-standard","has-post-thumbnail","hentry","category-familia-id"],"acf":[],"_links":{"self":[{"href":"https:\/\/www.volkswagen.es\/comunicacion\/wp-json\/wp\/v2\/posts\/53906","targetHints":{"allow":["GET"]}}],"collection":[{"href":"https:\/\/www.volkswagen.es\/comunicacion\/wp-json\/wp\/v2\/posts"}],"about":[{"href":"https:\/\/www.volkswagen.es\/comunicacion\/wp-json\/wp\/v2\/types\/post"}],"author":[{"embeddable":true,"href":"https:\/\/www.volkswagen.es\/comunicacion\/wp-json\/wp\/v2\/users\/13"}],"replies":[{"embeddable":true,"href":"https:\/\/www.volkswagen.es\/comunicacion\/wp-json\/wp\/v2\/comments?post=53906"}],"version-history":[{"count":4,"href":"https:\/\/www.volkswagen.es\/comunicacion\/wp-json\/wp\/v2\/posts\/53906\/revisions"}],"predecessor-version":[{"id":53917,"href":"https:\/\/www.volkswagen.es\/comunicacion\/wp-json\/wp\/v2\/posts\/53906\/revisions\/53917"}],"wp:featuredmedia":[{"embeddable":true,"href":"https:\/\/www.volkswagen.es\/comunicacion\/wp-json\/wp\/v2\/media\/53910"}],"wp:attachment":[{"href":"https:\/\/www.volkswagen.es\/comunicacion\/wp-json\/wp\/v2\/media?parent=53906"}],"wp:term":[{"taxonomy":"category","embeddable":true,"href":"https:\/\/www.volkswagen.es\/comunicacion\/wp-json\/wp\/v2\/categories?post=53906"},{"taxonomy":"post_tag","embeddable":true,"href":"https:\/\/www.volkswagen.es\/comunicacion\/wp-json\/wp\/v2\/tags?post=53906"}],"curies":[{"name":"wp","href":"https:\/\/api.w.org\/{rel}","templated":true}]}}