{"id":53857,"date":"2022-09-12T08:29:24","date_gmt":"2022-09-12T08:29:24","guid":{"rendered":"https:\/\/www.volkswagen.es\/comunicacion\/?p=53857"},"modified":"2022-09-13T08:58:44","modified_gmt":"2022-09-13T08:58:44","slug":"volkswagen-presenta-el-prototipo-del-vehiculo-todoterreno-totalmente-electrico-id-xtreme-en-locarno","status":"publish","type":"post","link":"https:\/\/www.volkswagen.es\/comunicacion\/volkswagen-presenta-el-prototipo-del-vehiculo-todoterreno-totalmente-electrico-id-xtreme-en-locarno\/","title":{"rendered":"Volkswagen presenta el prototipo del veh\u00edculo todoterreno totalmente el\u00e9ctrico ID. XTREME en Locarno"},"content":{"rendered":"<p>M\u00e1xima emoci\u00f3n y sed de aventuras: eso es lo que ofrece el ID. XTREME. El prototipo fue dise\u00f1ado por el equipo de Andreas Reckewerth (responsable del Veh\u00edculo en su conjunto) en el departamento de Desarrollo de Volkswagen. \u00abLa plataforma modular de propulsi\u00f3n el\u00e9ctrica (MEB) posee un enorme potencial t\u00e9cnico\u00bb, afirma Silke Bagschik, responsable de la L\u00ednea de Productos MEB. \u00abPara muchos de nuestros clientes, los veh\u00edculos son mucho m\u00e1s que solamente un medio de transporte. Desde Volkswagen, con el ID. XTREME, estamos llevando la electromovilidad a un nuevo nivel de rendimiento\u00bb. El resultado del proyecto es un veh\u00edculo todoterreno \u00fanico que impresiona por su aspecto robusto y su extraordinaria potencia. Gracias al sistema de accionamiento de alto rendimiento instalado en el eje trasero y las adaptaciones de software en la unidad de control, se ha aumentado en 65 kW la potencia del sistema de propulsi\u00f3n del prototipo, que ahora cuenta con una potencia de hasta 285 kW. Esto supone un aumento del 30% de la potencia en comparaci\u00f3n con el ID.4 GTX. \u00abEl ID. XTREME ha sido dise\u00f1ado en Volkswagen por y para los apasionados de la familia ID. aqu\u00ed en Locarno. Estamos deseando descubrir c\u00f3mo reaccionar\u00e1n los fans de la electromovilidad ante el veh\u00edculo. Bas\u00e1ndonos en la respuesta de nuestra comunidad, decidiremos c\u00f3mo avanzar con el proyecto\u00bb, a\u00f1ade Silke Bagschik.<\/p>\n<p>El exterior del ID. XTREM de Volkswagen tambi\u00e9n demuestra que el veh\u00edculo est\u00e1 preparado para cualquier aventura <em>off-road<\/em>. Para conferir al veh\u00edculo un aut\u00e9ntico aspecto todoterreno, se ha combinado un mejorado chasis de rally con las llantas todoterreno de 18 pulgadas, una estructura de choque modificada con un parachoques delantero adicional y unos alerones 50 mm m\u00e1s anchos, que se han fabricado mediante impresi\u00f3n 3D. El portaequipajes de techo con luces LED adicionales y los bajos de aluminio completamente cerrados tambi\u00e9n proporcionan al veh\u00edculo totalmente el\u00e9ctrico de tracci\u00f3n el equipamiento id\u00f3neo para las excursiones fuera de las carreteras asfaltadas.<\/p>\n<p>Ac\u00fasticamente, el ID. XTREME tambi\u00e9n presenta otra caracter\u00edstica especial. El sonido de conducci\u00f3n del veh\u00edculo se desarroll\u00f3 junto con el departamento de Dise\u00f1o de Volkswagen espec\u00edficamente para el prototipo y se emite al exterior a trav\u00e9s de un generador de sonido instalado en el paso de rueda. El interior del prototipo impresiona con varios elementos destacados, que incluye el uso de Alc\u00e1ntara, asientos renovados y elementos con matices de color naranja. Y ni que decir tiene que el ID. XTREME es sostenible. Para el desarrollo del prototipo, se ha tomado como base un veh\u00edculo de pruebas de desarrollo de producci\u00f3n que ya no se necesitaba y una bater\u00eda 82kWh previamente usada.<\/p>\n<p>Volkswagen presenta por primera vez ante el p\u00fablico el ID. XTREME en el ID. Treffen en Locarno. El evento organizado por y para apasionados de la electromovilidad se celebra por segunda vez este a\u00f1o y podr\u00eda convertirse en el encuentro ecol\u00f3gico y sostenible orientado a la electromovilidad, siguiendo el ejemplo del encuentro GTI que se celebr\u00f3 en W\u00f6rthersee, en Austria. Este a\u00f1o, los seguidores del ID. de toda Europa se han reunido en la orilla del Lago Maggiore del 6 al 10 de septiembre para compartir sus experiencias con la electromovilidad.<\/p>\n<p>Iniciado y organizado por el ID. Drivers Club, el evento ID. Treffen cuenta con el apoyo de Volkswagen como parte de su compromiso con la estrategia Way to Zero. Junto con expertos de la empresa, el equipo de Volkswagen Drivers Club participa en el evento para ofrecer informaci\u00f3n sobre los avances actuales en el \u00e1mbito de la movilidad sostenible. \u00a0Adem\u00e1s del ID. XTREME, Volkswagen tambi\u00e9n presenta otros modelos de la familia ID. en Locarno.<\/p>\n<p>&nbsp;<\/p>\n<p><sup>(1) <\/sup>Prototipo \u2013 El veh\u00edculo no est\u00e1 a la venta.<\/p>\n<p>&nbsp;<\/p>\n<p><sup>(2)<\/sup> ID.4 GTX: consumo combinado en kWh\/100 km: combinado 17,2\u201315,8; emisiones de CO<sup>2 <\/sup>en g\/km: combinado 0; clase de eficiencia: A+++.<\/p>\n","protected":false},"excerpt":{"rendered":"El prototipo ID. XTREME (1) se basa en el ID.4 GTX (2) de rendimiento mejorado El veh\u00edculo todoterreno totalmente el\u00e9ctrico con tracci\u00f3n total es el modelo ID. m\u00e1s potente hasta la fecha El ID. XTREME","protected":false},"author":13,"featured_media":53861,"comment_status":"open","ping_status":"open","sticky":false,"template":"","format":"standard","meta":{"_acf_changed":false,"ep_exclude_from_search":false,"footnotes":""},"categories":[293],"tags":[],"class_list":["post-53857","post","type-post","status-publish","format-standard","has-post-thumbnail","hentry","category-familia-id"],"acf":[],"_links":{"self":[{"href":"https:\/\/www.volkswagen.es\/comunicacion\/wp-json\/wp\/v2\/posts\/53857","targetHints":{"allow":["GET"]}}],"collection":[{"href":"https:\/\/www.volkswagen.es\/comunicacion\/wp-json\/wp\/v2\/posts"}],"about":[{"href":"https:\/\/www.volkswagen.es\/comunicacion\/wp-json\/wp\/v2\/types\/post"}],"author":[{"embeddable":true,"href":"https:\/\/www.volkswagen.es\/comunicacion\/wp-json\/wp\/v2\/users\/13"}],"replies":[{"embeddable":true,"href":"https:\/\/www.volkswagen.es\/comunicacion\/wp-json\/wp\/v2\/comments?post=53857"}],"version-history":[{"count":3,"href":"https:\/\/www.volkswagen.es\/comunicacion\/wp-json\/wp\/v2\/posts\/53857\/revisions"}],"predecessor-version":[{"id":53869,"href":"https:\/\/www.volkswagen.es\/comunicacion\/wp-json\/wp\/v2\/posts\/53857\/revisions\/53869"}],"wp:featuredmedia":[{"embeddable":true,"href":"https:\/\/www.volkswagen.es\/comunicacion\/wp-json\/wp\/v2\/media\/53861"}],"wp:attachment":[{"href":"https:\/\/www.volkswagen.es\/comunicacion\/wp-json\/wp\/v2\/media?parent=53857"}],"wp:term":[{"taxonomy":"category","embeddable":true,"href":"https:\/\/www.volkswagen.es\/comunicacion\/wp-json\/wp\/v2\/categories?post=53857"},{"taxonomy":"post_tag","embeddable":true,"href":"https:\/\/www.volkswagen.es\/comunicacion\/wp-json\/wp\/v2\/tags?post=53857"}],"curies":[{"name":"wp","href":"https:\/\/api.w.org\/{rel}","templated":true}]}}