{"id":53832,"date":"2022-08-03T09:45:37","date_gmt":"2022-08-03T09:45:37","guid":{"rendered":"https:\/\/www.volkswagen.es\/comunicacion\/?p=53832"},"modified":"2022-08-03T09:58:02","modified_gmt":"2022-08-03T09:58:02","slug":"volkswagen-celebro-en-sitges-el-mayor-espectaculo-de-drones-que-se-ha-visto-en-espana","status":"publish","type":"post","link":"https:\/\/www.volkswagen.es\/comunicacion\/volkswagen-celebro-en-sitges-el-mayor-espectaculo-de-drones-que-se-ha-visto-en-espana\/","title":{"rendered":"Volkswagen celebr\u00f3 en Sitges el mayor espect\u00e1culo de drones que se ha visto en Espa\u00f1a"},"content":{"rendered":"<p>Coincidiendo con el Festival de Terramar, el domingo 31 de julio, Volkswagen llev\u00f3 a cabo el mayor espect\u00e1culo de drones abierto al p\u00fablico que se ha hecho en Espa\u00f1a. Para ello cont\u00f3 con 220 drones que dibujaron el cielo de Sitges. El impresionante show lo pudieron disfrutar las m\u00e1s de 20.000 personas que se encontraban en el Festival o disfrutando de las playas y del Paseo Mar\u00edtimo de la ciudad costera de Sitges.<\/p>\n<p>Todo el enjambre de drones se dirigi\u00f3 a trav\u00e9s de dos estaciones de control y un equipo especializado de siete personas. Los drones alcanzaron una altura m\u00e1xima de 120 metros y algunas figuras tuvieron una envergadura de un campo de f\u00fatbol, m\u00e1s de 120 metros de ancho.<\/p>\n<p>Gracias a la magia de los drones, Volkswagen llev\u00f3 a cabo un magn\u00edfico espect\u00e1culo que adem\u00e1s fue sostenible, ya que los drones no dejan residuos, son seguros y no hacen ruido, m\u00e1s all\u00e1 de la m\u00fasica que acompa\u00f1a a las coreograf\u00edas.<\/p>\n<p>En los Jardines de Terramar donde tuvo lugar el Festival, se expusieron dos versiones exclusivas del ID. Buzz, customizadas con motivos de Star Was y la nueva serie original de Disney+ Obi-Wan Kenobi, adem\u00e1s de una representaci\u00f3n de todos los modelos de la gama ID.<\/p>\n<p><a href=\"https:\/\/www.youtube.com\/watch?v=SAw0WhW9SYA&amp;t=1s\">En l\u00ednea con la campa\u00f1a publicitaria que se ha podido ver en todos los medios,<\/a> \u201chemos querido potenciar el momento tan importante que vive Volkswagen con la ofensiva el\u00e9ctrica y espec\u00edficamente con la llegada del nuevo ID. Buzz, la renovaci\u00f3n y electrificaci\u00f3n del m\u00edtico Bulli. Y lo hemos querido hacer con una acci\u00f3n diferente, innovadora, notoria y atrevida\u201d, explic\u00f3 Albert Garc\u00eda, director de Marketing de Volkswagen en Espa\u00f1a.<\/p>\n","protected":false},"excerpt":{"rendered":"220 drones dibujaron en el cielo el nuevo ID. Buzz, la reinterpretaci\u00f3n 100% el\u00e9ctrica del m\u00edtico Bulli, as\u00ed como figuras e im\u00e1genes de Star Wars, haciendo un gui\u00f1o a la colaboraci\u00f3n que Volkswagen mantiene con","protected":false},"author":13,"featured_media":53826,"comment_status":"open","ping_status":"open","sticky":false,"template":"","format":"standard","meta":{"_acf_changed":false,"ep_exclude_from_search":false,"footnotes":""},"categories":[287],"tags":[],"class_list":["post-53832","post","type-post","status-publish","format-standard","has-post-thumbnail","hentry","category-acciones-de-marketing"],"acf":[],"_links":{"self":[{"href":"https:\/\/www.volkswagen.es\/comunicacion\/wp-json\/wp\/v2\/posts\/53832","targetHints":{"allow":["GET"]}}],"collection":[{"href":"https:\/\/www.volkswagen.es\/comunicacion\/wp-json\/wp\/v2\/posts"}],"about":[{"href":"https:\/\/www.volkswagen.es\/comunicacion\/wp-json\/wp\/v2\/types\/post"}],"author":[{"embeddable":true,"href":"https:\/\/www.volkswagen.es\/comunicacion\/wp-json\/wp\/v2\/users\/13"}],"replies":[{"embeddable":true,"href":"https:\/\/www.volkswagen.es\/comunicacion\/wp-json\/wp\/v2\/comments?post=53832"}],"version-history":[{"count":6,"href":"https:\/\/www.volkswagen.es\/comunicacion\/wp-json\/wp\/v2\/posts\/53832\/revisions"}],"predecessor-version":[{"id":53839,"href":"https:\/\/www.volkswagen.es\/comunicacion\/wp-json\/wp\/v2\/posts\/53832\/revisions\/53839"}],"wp:featuredmedia":[{"embeddable":true,"href":"https:\/\/www.volkswagen.es\/comunicacion\/wp-json\/wp\/v2\/media\/53826"}],"wp:attachment":[{"href":"https:\/\/www.volkswagen.es\/comunicacion\/wp-json\/wp\/v2\/media?parent=53832"}],"wp:term":[{"taxonomy":"category","embeddable":true,"href":"https:\/\/www.volkswagen.es\/comunicacion\/wp-json\/wp\/v2\/categories?post=53832"},{"taxonomy":"post_tag","embeddable":true,"href":"https:\/\/www.volkswagen.es\/comunicacion\/wp-json\/wp\/v2\/tags?post=53832"}],"curies":[{"name":"wp","href":"https:\/\/api.w.org\/{rel}","templated":true}]}}