{"id":53372,"date":"2022-04-04T13:32:04","date_gmt":"2022-04-04T13:32:04","guid":{"rendered":"https:\/\/www.volkswagen.es\/?p=53372"},"modified":"2022-04-11T09:52:50","modified_gmt":"2022-04-11T09:52:50","slug":"thomas-schafer-sera-el-nuevo-director-de-operaciones-de-la-marca-volkswagen","status":"publish","type":"post","link":"https:\/\/www.volkswagen.es\/comunicacion\/thomas-schafer-sera-el-nuevo-director-de-operaciones-de-la-marca-volkswagen\/","title":{"rendered":"Thomas Sch\u00e4fer ha sido nombrado nuevo director de Operaciones de la marca Volkswagen"},"content":{"rendered":"<p>Inicialmente, Sch\u00e4fer seguir\u00e1 ejerciendo como presidente de la marca \u0160KODA Auto, compagin\u00e1ndolo con su funci\u00f3n como director de Operaciones. Su sucesor como presidente del Comit\u00e9 Ejecutivo de \u0160KODA AUTO, con efecto a partir del 1 de julio de 2022, ser\u00e1 Klaus Zellmer, que actualmente es el responsable de Ventas, Marketing y Posventa del Comit\u00e9 Ejecutivo de Volkswagen Turismos.\u00a0 La decisi\u00f3n sobre su sustituto se anunciar\u00e1 m\u00e1s adelante.<\/p>\n<p>Thomas Sch\u00e4fer cuenta con una dilatada experiencia en la industria automovil\u00edstica internacional. Ingeniero mec\u00e1nico de formaci\u00f3n, Sch\u00e4fer empez\u00f3 su carrera profesional en 1994 en Daimler AG, en Stuttgart, donde ocup\u00f3 varios puestos directivos.<\/p>\n<p>Sch\u00e4fer se incorpor\u00f3 al Grupo Volkswagen en 2012, dirigiendo inicialmente la unidad de Producci\u00f3n Internacional del Grupo, donde era responsable de los proyectos CKD y de las negociaciones sobre nuevos centros de producci\u00f3n. En 2015, Sch\u00e4fer fue designado presidente y director ejecutivo del Grupo Volkswagen en su divisi\u00f3n de Sud\u00e1frica y asumi\u00f3 la responsabilidad del negocio de Volkswagen en esta regi\u00f3n y del desarrollo de las marcas del Grupo en el \u00c1frica subsahariana. Thomas Sch\u00e4fer fue nombrado presidente del Comit\u00e9 Ejecutivo de \u0160KODA AUTO en agosto de 2020.<\/p>\n","protected":false},"excerpt":{"rendered":"A partir del 1 de julio de 2022, Sch\u00e4fer asumir\u00e1 el cargo de consejero delegado de la marca Volkswagen incorpor\u00e1ndose al Comit\u00e9 Ejecutivo del Grupo Klaus Zellmer ha sido nombrado presidente del Comit\u00e9 Ejecutivo de","protected":false},"author":13,"featured_media":53403,"comment_status":"open","ping_status":"open","sticky":false,"template":"","format":"standard","meta":{"_acf_changed":false,"ep_exclude_from_search":false,"footnotes":""},"categories":[280],"tags":[],"class_list":["post-53372","post","type-post","status-publish","format-standard","has-post-thumbnail","hentry","category-directivos"],"acf":[],"_links":{"self":[{"href":"https:\/\/www.volkswagen.es\/comunicacion\/wp-json\/wp\/v2\/posts\/53372","targetHints":{"allow":["GET"]}}],"collection":[{"href":"https:\/\/www.volkswagen.es\/comunicacion\/wp-json\/wp\/v2\/posts"}],"about":[{"href":"https:\/\/www.volkswagen.es\/comunicacion\/wp-json\/wp\/v2\/types\/post"}],"author":[{"embeddable":true,"href":"https:\/\/www.volkswagen.es\/comunicacion\/wp-json\/wp\/v2\/users\/13"}],"replies":[{"embeddable":true,"href":"https:\/\/www.volkswagen.es\/comunicacion\/wp-json\/wp\/v2\/comments?post=53372"}],"version-history":[{"count":21,"href":"https:\/\/www.volkswagen.es\/comunicacion\/wp-json\/wp\/v2\/posts\/53372\/revisions"}],"predecessor-version":[{"id":53405,"href":"https:\/\/www.volkswagen.es\/comunicacion\/wp-json\/wp\/v2\/posts\/53372\/revisions\/53405"}],"wp:featuredmedia":[{"embeddable":true,"href":"https:\/\/www.volkswagen.es\/comunicacion\/wp-json\/wp\/v2\/media\/53403"}],"wp:attachment":[{"href":"https:\/\/www.volkswagen.es\/comunicacion\/wp-json\/wp\/v2\/media?parent=53372"}],"wp:term":[{"taxonomy":"category","embeddable":true,"href":"https:\/\/www.volkswagen.es\/comunicacion\/wp-json\/wp\/v2\/categories?post=53372"},{"taxonomy":"post_tag","embeddable":true,"href":"https:\/\/www.volkswagen.es\/comunicacion\/wp-json\/wp\/v2\/tags?post=53372"}],"curies":[{"name":"wp","href":"https:\/\/api.w.org\/{rel}","templated":true}]}}