{"id":53234,"date":"2022-03-14T09:56:23","date_gmt":"2022-03-14T09:56:23","guid":{"rendered":"https:\/\/www.volkswagen.es\/?p=53234"},"modified":"2022-03-21T13:58:15","modified_gmt":"2022-03-21T13:58:15","slug":"luz-verde-para-la-nueva-planta-de-trinity-un-hito-para-el-futuro-del-centro-de-produccion-de-wolfsburg","status":"publish","type":"post","link":"https:\/\/www.volkswagen.es\/comunicacion\/luz-verde-para-la-nueva-planta-de-trinity-un-hito-para-el-futuro-del-centro-de-produccion-de-wolfsburg\/","title":{"rendered":"Luz verde para la nueva planta de Trinity: un hito para el futuro del centro de producci\u00f3n de Wolfsburg"},"content":{"rendered":"<p>\u00abLa decisi\u00f3n tomada por el Consejo de Administraci\u00f3n supone un hito importante para la transformaci\u00f3n de nuestra marca y el futuro de la planta de producci\u00f3n de Wolfsburg. De este modo, estamos reforzando y fomentando la competitividad de la planta principal adem\u00e1s de aportar a la plantilla una s\u00f3lida perspectiva de futuro a largo plazo\u00bb, se\u00f1al\u00f3 el consejero delegado de Volkswagen, Ralf Brandst\u00e4tter. \u00abCon el modelo Trinity y la nueva planta estamos estableciendo valores de referencia en la industria del autom\u00f3vil y convirtiendo a Wolfsburgo en el referente a nivel mundial de la producci\u00f3n de veh\u00edculos vanguardistas y eficientes. Esto confirma que se puede conseguir la transformaci\u00f3n econ\u00f3mica de Alemania como centro industrial\u00bb.<\/p>\n<p>El primer ministro de Volkswagen en la baja Sajonia, Stephan Weil, declar\u00f3: \u00abLa decisi\u00f3n de Volkswagen de construir una instalaci\u00f3n de producci\u00f3n de \u00faltima generaci\u00f3n para veh\u00edculos el\u00e9ctricos digitalizados y respetuosos con el medio ambiente en Wolfsburg-Warmenau es una clara apuesta por la Baja Sajonia como centro industrial. El Trinity se suma ahora a la lista de veh\u00edculos VW de enorme \u00e9xito, desde el Beetle hasta el Golf: \u00a1un triplete para la Baja Sajonia! Paso a paso, la capacidad de producci\u00f3n de toda la Baja Sajonia pasar\u00e1 a ser neutra en carbono. La protecci\u00f3n del medio ambiente es una prioridad absoluta en la producci\u00f3n de autom\u00f3viles, como en todos los \u00e1mbitos\u00bb.<\/p>\n<p>Daniela Cavallo, presidenta de los Comit\u00e9s de Empresa Generales y de Grupo, se\u00f1al\u00f3: \u00abLa decisi\u00f3n de hoy marca un momento hist\u00f3rico para la planta de Wolfsburg. Las propias ra\u00edces de nuestra empresa siguen siendo el motor del Grupo y est\u00e1n cobrando a\u00fan m\u00e1s importancia\u00bb. Adem\u00e1s, Cavallo destac\u00f3 la relaci\u00f3n entre la decisi\u00f3n sobre el Trinity y el nuevo proyecto Campus Sandkamp, tambi\u00e9n previsto para la planta principal. El campus desarrollar\u00e1, por ejemplo, la futura plataforma de veh\u00edculos SSP altamente escalable del Grupo, que se utilizar\u00e1 por primera vez en el segmento de volumen planeado para el proyecto Trinity. Cavallo continu\u00f3 diciendo: \u00abLa planta para la producci\u00f3n del Trinity se convertir\u00e1 en la base de la actual planta principal y de Volkswagen en general. Tambi\u00e9n hemos acordado que ampliaremos las actividades relacionadas con las bater\u00edas, la carga y la digitalizaci\u00f3n aqu\u00ed en Wolfsburg, focalizadas en la producci\u00f3n del Trinity. Todo esto contribuir\u00e1 a salvaguardar empleos y aporta coherencia a la hora de dise\u00f1ar la transformaci\u00f3n en Wolfsburg\u00bb.<\/p>\n<p>El ministro de Econom\u00eda de Baja Sajonia, Dr. Bernd Althusmann, a\u00f1adi\u00f3: \u00abLa decisi\u00f3n del Grupo Volkswagen sobre el emplazamiento del centro para la producci\u00f3n del Trinity es una se\u00f1al positiva para el futuro de la automoci\u00f3n &#8216;made in Lower Saxony&#8217;. La planta de producci\u00f3n de \u00faltima generaci\u00f3n combinar\u00e1 todas las \u00e1reas de la electromovilidad: desde la nueva plataforma el\u00e9ctrica hasta las aplicaciones de software y los innovadores sistemas de asistencia\u00bb.<\/p>\n<figure id=\"attachment_53236\" aria-describedby=\"caption-attachment-53236\"  class=\"wp-caption alignnone\"><img decoding=\"async\" class=\" wp-image-53236\" src=\"https:\/\/www.volkswagen.es\/wp-content\/uploads\/sites\/4\/2022\/03\/Proyecto-Trinity-1-1795x1197.jpg\" alt=\"\" width=\"811\" height=\"541\" srcset=\"https:\/\/vw-wp-multisite.s3.eu-west-1.amazonaws.com\/wp-content\/uploads\/sites\/4\/2022\/03\/17094937\/Proyecto-Trinity-1-1795x1197.jpg 1795w, https:\/\/vw-wp-multisite.s3.eu-west-1.amazonaws.com\/wp-content\/uploads\/sites\/4\/2022\/03\/17094937\/Proyecto-Trinity-1-1024x683.jpg 1024w, https:\/\/vw-wp-multisite.s3.eu-west-1.amazonaws.com\/wp-content\/uploads\/sites\/4\/2022\/03\/17094937\/Proyecto-Trinity-1-768x512.jpg 768w, https:\/\/vw-wp-multisite.s3.eu-west-1.amazonaws.com\/wp-content\/uploads\/sites\/4\/2022\/03\/17094937\/Proyecto-Trinity-1-1536x1025.jpg 1536w, https:\/\/vw-wp-multisite.s3.eu-west-1.amazonaws.com\/wp-content\/uploads\/sites\/4\/2022\/03\/17094937\/Proyecto-Trinity-1-2048x1366.jpg 2048w, https:\/\/vw-wp-multisite.s3.eu-west-1.amazonaws.com\/wp-content\/uploads\/sites\/4\/2022\/03\/17094937\/Proyecto-Trinity-1-1199x800.jpg 1199w, https:\/\/vw-wp-multisite.s3.eu-west-1.amazonaws.com\/wp-content\/uploads\/sites\/4\/2022\/03\/17094937\/Proyecto-Trinity-1-455x303.jpg 455w, https:\/\/vw-wp-multisite.s3.eu-west-1.amazonaws.com\/wp-content\/uploads\/sites\/4\/2022\/03\/17094937\/Proyecto-Trinity-1-172x115.jpg 172w, https:\/\/vw-wp-multisite.s3.eu-west-1.amazonaws.com\/wp-content\/uploads\/sites\/4\/2022\/03\/17094937\/Proyecto-Trinity-1-75x50.jpg 75w\" sizes=\"(max-width: 811px) 100vw, 811px\" \/><figcaption id=\"caption-attachment-53236\" class=\"wp-caption-text\"><br \/>De izquierda a derecha: Volkswagen CEO Ralf Brandst\u00e4tter, Dr. Christian Vollmer, Member of the Board of Management of the Volkswagen brand responsible for Production, Dr. Herbert Diess, Chairman of the Board of Management of Volkswagen Aktiengesellschaft, Daniela Cavallo, Chairwoman of the General and Group Works Councils, Stephan Weil, Lower Saxony\u2019s Minister President and Gunnar Kilian, Chief Human Resources Officer.<\/figcaption><\/figure>\n<p><strong>Enfoques de producci\u00f3n innovadores para un veh\u00edculo revolucionario <\/strong><\/p>\n<p>El proyecto Trinity es el nuevo referente para la flota totalmente el\u00e9ctrica de Volkswagen y el punto de cristalizaci\u00f3n de la estrategia ACCELERATE de la marca: un tiempo de carga mucho m\u00e1s corto y una autonom\u00eda de m\u00e1s de 700 kil\u00f3metros, neutralidad en emisiones de carbono, equipado con los programas inform\u00e1ticos m\u00e1s avanzados del Grupo y t\u00e9cnicamente preparado para la conducci\u00f3n aut\u00f3noma, nivel 4. La base es la nueva plataforma SSP del Grupo. A lo largo de su vida \u00fatil, se prev\u00e9 que se produzcan m\u00e1s de 40 millones de veh\u00edculos sobre esta base. La plataforma se estrena en el segmento de volumen con Trinity.<\/p>\n<p>Volkswagen tambi\u00e9n pretende establecer est\u00e1ndares para la producci\u00f3n del Trinity cuando se ponga en marcha en 2026, y aspira a un tiempo de producci\u00f3n de 10 horas por veh\u00edculo. La clave: menos variantes, menos componentes, m\u00e1s automatizaci\u00f3n, l\u00edneas de producci\u00f3n m\u00e1s ajustadas y nuevos conceptos log\u00edsticos. El proyecto Campus Sandkamp establece el marco para una colaboraci\u00f3n \u00f3ptima y temporalmente eficiente entre todas las \u00e1reas de Volkswagen a trav\u00e9s de modernas pr\u00e1cticas laborales. Volkswagen est\u00e1 invirtiendo 800 millones de euros en el centro de investigaci\u00f3n y desarrollo m\u00e1s avanzado de Europa para impulsar el futuro de la movilidad en los pr\u00f3ximos a\u00f1os. Est\u00e1 planeando integrar la producci\u00f3n de veh\u00edculos el\u00e9ctricos modernos basados en la plataforma SSP y modelados en la instalaci\u00f3n para el Trinity en la existente planta principal antes de 2030.<\/p>\n<p>El Dr. Christian Vollmer, miembro del Comit\u00e9 Ejecutivo de la marca Volkswagen y responsable de Producci\u00f3n, se\u00f1al\u00f3: \u00abNos estamos centrando en conceptos de producci\u00f3n innovadores y sostenibles. La construcci\u00f3n de una nueva f\u00e1brica en Warmenau tambi\u00e9n nos aporta la oportunidad de adecuar la f\u00e1brica existente para el futuro, paso a paso y completamente. Trinity representa una filosof\u00eda de pensamiento, producci\u00f3n y colaboraci\u00f3n completamente nueva. Hay que ser valiente para dar forma al futuro. As\u00ed es como Wolfsburg se convertir\u00e1 en el referente de los prototipos de producci\u00f3n innovadores, tanto para Volkswagen como para toda la industria\u00bb.<\/p>\n<p><strong>Factores decisivos para la elecci\u00f3n de la ubicaci\u00f3n: eficiencia y m\u00ednimo impacto en la producci\u00f3n en curso<\/strong><\/p>\n<p>La decisi\u00f3n de construir la nueva f\u00e1brica en un terreno virgen ha estado precedida de un an\u00e1lisis exhaustivo de varias opciones, incluida una revisi\u00f3n intensiva de la viabilidad de ubicar el centro de producci\u00f3n para el Trinity en la planta de Wolfsburg. Adem\u00e1s de una mayor eficiencia a medio plazo, los factores que favorecen la construcci\u00f3n de una nueva f\u00e1brica en Warmenau incluyen, en particular, el hecho de que esta opci\u00f3n no interrumpe la producci\u00f3n en serie en curso ni el aumento de la producci\u00f3n de modelos importantes como el Tiguan y el Tayron, o la renovaci\u00f3n del Golf prevista para los pr\u00f3ximos a\u00f1os.<\/p>\n<p>El pasado mes de diciembre, el Consejo de Administraci\u00f3n de Volkswagen AG ya confirm\u00f3 la producci\u00f3n del modelo el\u00e9ctrico Trinity en la planta de Wolfsburg en el marco de la Ronda de Planificaci\u00f3n 70. Sin embargo, la transformaci\u00f3n de la planta principal en una instalaci\u00f3n de producci\u00f3n de veh\u00edculos el\u00e9ctricos empez\u00f3 ya mucho antes: Volkswagen comenzar\u00e1 a construir el ID.3 en Wolfsburg en 2023 para satisfacer la alta demanda de modelos el\u00e9ctricos de la marca.<\/p>\n<p><strong>Al mismo tiempo, la empresa tambi\u00e9n est\u00e1 acelerando los otros grandes temas del futuro: Volkswagen har\u00e1 que la conducci\u00f3n aut\u00f3noma est\u00e9 al alcance de muchas personas antes de 2030<\/strong><\/p>\n<p>Con el despliegue de la estrategia ACCELERATE, la marca Volkswagen se preparar\u00e1 sistem\u00e1ticamente y con suficiente tiempo para los profundos cambios en la industria del autom\u00f3vil. Al igual que Volkswagen lider\u00f3 con decisi\u00f3n su ofensiva el\u00e9ctrica mundial, la empresa est\u00e1 acelerando ahora los otros grandes temas del futuro: la integraci\u00f3n del software en los veh\u00edculos y la experiencia digital del cliente se convertir\u00e1n en importantes competencias b\u00e1sicas. Con la implantaci\u00f3n de modelos de negocio basados en datos, Volkswagen pretende atraer a nuevos grupos de clientes y aprovechar fuentes de ingresos adicionales. Volkswagen tambi\u00e9n har\u00e1 que la conducci\u00f3n aut\u00f3noma est\u00e9 al alcance de muchas personas antes de 2030.<\/p>\n<p>El proyecto Trinity es un pilar importante en este contexto: Trinity representa la pr\u00f3xima generaci\u00f3n de veh\u00edculos el\u00e9ctricos de Volkswagen. La base es la futura plataforma SSP que permitir\u00e1 la conducci\u00f3n aut\u00f3noma de nivel 4 y establecer\u00e1 nuevos est\u00e1ndares para la electrificaci\u00f3n y la digitalizaci\u00f3n de la movilidad.<\/p>\n<ul>\n<li><em>1) Proyecto Trinity &#8211; El veh\u00edculo es un prototipo.<\/em><\/li>\n<\/ul>\n","protected":false},"excerpt":{"rendered":"El Consejo de Administraci\u00f3n aprueba la construcci\u00f3n de una nueva planta de producci\u00f3n en Wolfsburg-Warmenau, cerca de la planta principal Se invertir\u00e1n unos 2.000 millones de euros en la producci\u00f3n del innovador modelo el\u00e9ctrico Trinity","protected":false},"author":13,"featured_media":53237,"comment_status":"open","ping_status":"open","sticky":false,"template":"","format":"standard","meta":{"_acf_changed":false,"ep_exclude_from_search":false,"footnotes":""},"categories":[282],"tags":[],"class_list":["post-53234","post","type-post","status-publish","format-standard","has-post-thumbnail","hentry","category-fabricas-e-instalaciones"],"acf":[],"_links":{"self":[{"href":"https:\/\/www.volkswagen.es\/comunicacion\/wp-json\/wp\/v2\/posts\/53234","targetHints":{"allow":["GET"]}}],"collection":[{"href":"https:\/\/www.volkswagen.es\/comunicacion\/wp-json\/wp\/v2\/posts"}],"about":[{"href":"https:\/\/www.volkswagen.es\/comunicacion\/wp-json\/wp\/v2\/types\/post"}],"author":[{"embeddable":true,"href":"https:\/\/www.volkswagen.es\/comunicacion\/wp-json\/wp\/v2\/users\/13"}],"replies":[{"embeddable":true,"href":"https:\/\/www.volkswagen.es\/comunicacion\/wp-json\/wp\/v2\/comments?post=53234"}],"version-history":[{"count":2,"href":"https:\/\/www.volkswagen.es\/comunicacion\/wp-json\/wp\/v2\/posts\/53234\/revisions"}],"predecessor-version":[{"id":53239,"href":"https:\/\/www.volkswagen.es\/comunicacion\/wp-json\/wp\/v2\/posts\/53234\/revisions\/53239"}],"wp:featuredmedia":[{"embeddable":true,"href":"https:\/\/www.volkswagen.es\/comunicacion\/wp-json\/wp\/v2\/media\/53237"}],"wp:attachment":[{"href":"https:\/\/www.volkswagen.es\/comunicacion\/wp-json\/wp\/v2\/media?parent=53234"}],"wp:term":[{"taxonomy":"category","embeddable":true,"href":"https:\/\/www.volkswagen.es\/comunicacion\/wp-json\/wp\/v2\/categories?post=53234"},{"taxonomy":"post_tag","embeddable":true,"href":"https:\/\/www.volkswagen.es\/comunicacion\/wp-json\/wp\/v2\/tags?post=53234"}],"curies":[{"name":"wp","href":"https:\/\/api.w.org\/{rel}","templated":true}]}}