{"id":52592,"date":"2021-11-30T07:20:46","date_gmt":"2021-11-30T07:20:46","guid":{"rendered":"https:\/\/www.volkswagen.es\/?p=52592"},"modified":"2021-11-30T13:18:41","modified_gmt":"2021-11-30T13:18:41","slug":"volkswagen-espana-renueva-su-sala-de-comunicacion","status":"publish","type":"post","link":"https:\/\/www.volkswagen.es\/comunicacion\/volkswagen-espana-renueva-su-sala-de-comunicacion\/","title":{"rendered":"Volkswagen Espa\u00f1a renueva su sala de comunicaci\u00f3n"},"content":{"rendered":"<p>A trav\u00e9s de la Home, el periodista podr\u00e1 acceder a las publicaciones m\u00e1s recientes de la marca, cuyo contenido se ha organizado en nuevas categor\u00edas. De esta manera, adem\u00e1s de los accesos directos a Notas de prensa, Dossieres, Im\u00e1genes y V\u00eddeos desde la Home, el usuario tambi\u00e9n podr\u00e1 acceder desde el menu principal a diversas secciones donde la informaci\u00f3n est\u00e1 categorizada por tem\u00e1ticas (Modelos, Tecnolog\u00eda, Movilidad el\u00e9ctrica, Compa\u00f1\u00eda, Grupo Volkswagen y Volkswagen Navarra).<\/p>\n<p><img decoding=\"async\" class=\"wp-image-52594 aligncenter\" src=\"https:\/\/www.volkswagen.es\/wp-content\/uploads\/sites\/4\/2021\/11\/VW-1.gif\" alt=\"\" width=\"686\" height=\"630\" \/><\/p>\n<p>El material audiovisual cobra mayor protagonismo en la nueva sala de comunicaci\u00f3n donde, adem\u00e1s de contar con un apartado propio en la Home con los contenidos m\u00e1s recientes, se han redise\u00f1ado las secciones Im\u00e1genes y V\u00eddeos, cuyo contenido se ha reorganizado en base a las nuevas tem\u00e1ticas de contenido.<\/p>\n<p>Adem\u00e1s, con el objetivo de agilizar la selecci\u00f3n del material por parte de los periodistas, se ha aumentado el tama\u00f1o de previsualizaci\u00f3n de las galer\u00edas de im\u00e1genes y se ha incrementado la velocidad de visualizaci\u00f3n de los v\u00eddeos. De esta manera, el usuario podr\u00e1 ver de un golpe de vista el material disponible y seleccionarlo para su descarga.<\/p>\n<p><strong>Nuevas funcionalidades<\/strong><br \/>\nUna de las mejoras m\u00e1s significativas de la nueva sala de comunicaci\u00f3n es la creaci\u00f3n de la cesta, funcionalidad propia de las tiendas online. Adem\u00e1s de la opci\u00f3n de descarga directa (ya disponible en la sala anterior) el usuario tendr\u00e1 la posibilidad de ir a\u00f1adiendo a su cesta los contenidos que le interesen (im\u00e1genes, v\u00eddeos, notas de prensa o dossieres) y descargarlos al finalizar la navegaci\u00f3n. Para ello, simplemente debe marcar el icono de la cesta que aparece en cada contenido de la sala. Una vez seleccionado todo el material deseado tendr\u00e1 que hacer click en Descargar cesta y a\u00f1adir su direcci\u00f3n de email.<\/p>\n<p><img decoding=\"async\" class=\"wp-image-52595 alignnone\" src=\"https:\/\/www.volkswagen.es\/wp-content\/uploads\/sites\/4\/2021\/11\/Tu-cesta-e1638257120488.png\" alt=\"\" width=\"536\" height=\"486\" \/><\/p>\n<p>En pocos minutos recibir\u00e1 en su correo electr\u00f3nico un enlace de descarga. Gracias a la incorporaci\u00f3n de la cesta se mejora la experiencia de navegaci\u00f3n y se reducen tiempos de espera por parte del periodista.<\/p>\n<p>Otra novedad importante de la sala de comunicaci\u00f3n es la herramienta de b\u00fasqueda, que permite introducir filtros por fecha y categor\u00eda de contenido para su optimizaci\u00f3n. Adem\u00e1s, el nuevo motor de b\u00fasqueda incorpora la opci\u00f3n de texto predictivo, ofreciendo al usuario posibles resultados en base al contenido existente en la sala de comunicaci\u00f3n y a los t\u00e9rminos de b\u00fasqueda empleados. Una vez realizada la b\u00fasqueda, los resultados aparecer\u00e1n ordenados por tipo de contenido para facilitar su selecci\u00f3n: nota de prensa, dossier, imagen o video.<\/p>\n<p>La sala de Comunicaci\u00f3n de Volkswagen Veh\u00edculos Comerciales tambi\u00e9n ha sido renovada de acuerdo con la nueva imagen de marca de Volkswagen e incorpora las mismas funcionalidades. Al igual que el resto de salas mantiene la misma direcci\u00f3n <strong><a href=\"http:\/\/www.www.volkswagen-comerciales.es\">www.www.volkswagen-comerciales.es<\/a>.<\/strong><\/p>\n<p><strong>Volkswagen Group Espa\u00f1a Distribuci\u00f3n<\/strong><br \/>\nEl proceso de renovaci\u00f3n de las salas de comunicaci\u00f3n no solo afecta a las marcas Volkswagen, Volkswagen Veh\u00edculos Comerciales y \u0160KODA, sino que el Departamento de Comunicaci\u00f3n de Volkswagen Group Espa\u00f1a Distribuci\u00f3n tambi\u00e9n ha renovado la sala de comunicaci\u00f3n corporativa, que ahora ofrece un dise\u00f1o acorde a la imagen de la compa\u00f1\u00eda.<\/p>\n<p>La nueva sala de comunicaci\u00f3n de Volkswagen Group Espa\u00f1a Distribuci\u00f3n mantiene la direcci\u00f3n <strong><a href=\"http:\/\/www.comunicacion.volkswagengroupdistribucion.es\">www.comunicacion.volkswagengroupdistribucion.es<\/a> <\/strong>e incorpora las funcionalidades de cesta y b\u00fasqueda predictiva. La nueva sala de comunicaci\u00f3n corporativa cuenta con una secci\u00f3n de Compa\u00f1\u00eda en la que se puede consultar informaci\u00f3n sobre la empresa y los miembros del Comit\u00e9 Ejecutivo, entre otros contenidos.<\/p>\n<p>Tanto la sala de comunicaci\u00f3n corporativa como las salas de comunicaci\u00f3n de cada una de las marcas cuentan con una secci\u00f3n de Grupo Volkswagen en la que los periodistas podr\u00e1n consultar, tanto las notas de prensa como el material audiovisual del Grupo.<\/p>\n","protected":false},"excerpt":{"rendered":"El nuevo dise\u00f1o de la web permite una navegaci\u00f3n m\u00e1s r\u00e1pida e intuitiva Se han incorporado nuevas funcionalidades que agilizan la b\u00fasqueda y descarga del material de prensa La nueva sala de comunicaci\u00f3n mantiene la","protected":false},"author":7,"featured_media":52593,"comment_status":"open","ping_status":"open","sticky":false,"template":"","format":"standard","meta":{"_acf_changed":false,"ep_exclude_from_search":false,"footnotes":""},"categories":[302],"tags":[],"class_list":["post-52592","post","type-post","status-publish","format-standard","has-post-thumbnail","hentry","category-grupo-volkswagen"],"acf":[],"_links":{"self":[{"href":"https:\/\/www.volkswagen.es\/comunicacion\/wp-json\/wp\/v2\/posts\/52592","targetHints":{"allow":["GET"]}}],"collection":[{"href":"https:\/\/www.volkswagen.es\/comunicacion\/wp-json\/wp\/v2\/posts"}],"about":[{"href":"https:\/\/www.volkswagen.es\/comunicacion\/wp-json\/wp\/v2\/types\/post"}],"author":[{"embeddable":true,"href":"https:\/\/www.volkswagen.es\/comunicacion\/wp-json\/wp\/v2\/users\/7"}],"replies":[{"embeddable":true,"href":"https:\/\/www.volkswagen.es\/comunicacion\/wp-json\/wp\/v2\/comments?post=52592"}],"version-history":[{"count":8,"href":"https:\/\/www.volkswagen.es\/comunicacion\/wp-json\/wp\/v2\/posts\/52592\/revisions"}],"predecessor-version":[{"id":52604,"href":"https:\/\/www.volkswagen.es\/comunicacion\/wp-json\/wp\/v2\/posts\/52592\/revisions\/52604"}],"wp:featuredmedia":[{"embeddable":true,"href":"https:\/\/www.volkswagen.es\/comunicacion\/wp-json\/wp\/v2\/media\/52593"}],"wp:attachment":[{"href":"https:\/\/www.volkswagen.es\/comunicacion\/wp-json\/wp\/v2\/media?parent=52592"}],"wp:term":[{"taxonomy":"category","embeddable":true,"href":"https:\/\/www.volkswagen.es\/comunicacion\/wp-json\/wp\/v2\/categories?post=52592"},{"taxonomy":"post_tag","embeddable":true,"href":"https:\/\/www.volkswagen.es\/comunicacion\/wp-json\/wp\/v2\/tags?post=52592"}],"curies":[{"name":"wp","href":"https:\/\/api.w.org\/{rel}","templated":true}]}}