{"id":51727,"date":"2021-09-14T00:00:00","date_gmt":"2021-09-14T00:00:00","guid":{"rendered":"https:\/\/www.volkswagen.es\/2021\/09\/14\/volkswagen-introduce-actualizaciones-over-the-air-para-todos-los-modelos-id\/"},"modified":"2021-11-18T12:10:59","modified_gmt":"2021-11-18T12:10:59","slug":"volkswagen-introduce-actualizaciones-over-the-air-para-todos-los-modelos-id","status":"publish","type":"post","link":"https:\/\/www.volkswagen.es\/comunicacion\/volkswagen-introduce-actualizaciones-over-the-air-para-todos-los-modelos-id\/","title":{"rendered":"Volkswagen introduce actualizaciones Over-The-Air para todos los modelos ID."},"content":{"rendered":"<p >\u00abLa plena disponibilidad de nuestras actualizaciones Over-The-Air (OTA por sus siglas en ingl\u00e9s) subraya la capacidad innovadora de Volkswagen y constituye la base de una experiencia digital completamente nueva para el cliente\u00bb, afirma el consejero delegado de Volkswagen, Ralf Brandst\u00e4tter. \u00abAl mismo tiempo, estamos sentando las bases de nuevos modelos de negocio digitales y alcanzando un hito clave en nuestra estrategia ACCELERATE\u00bb.<\/p>\n<p ><b>Actualizaciones Over-the-Air como base de nuevos modelos de negocio e ingresos adicionales<\/b><\/p>\n<p >En el futuro, la compa\u00f1\u00eda tiene previsto ofrecer a sus clientes actualizaciones de software gratuitas cada doce semanas aproximadamente, para mantener los veh\u00edculos actualizados y mejorar la experiencia del cliente. Volkswagen tambi\u00e9n pretende generar mayores ingresos durante la fase de uso con nuevos modelos de negocio &#8211; basados en los datos- para servicios y funciones que el cliente puede solicitar seg\u00fan sus necesidades. Por ejemplo, podr\u00eda tratarse del Travel Assist o de una mejora del rendimiento de la bater\u00eda para viajes largos, o incluso de la conducci\u00f3n aut\u00f3noma, en el futuro. Volkswagen ve potencial para generar importantes ingresos adicionales en los pr\u00f3ximos a\u00f1os.<\/p>\n<p >Las actualizaciones Over-The-Air se est\u00e1n desarrollando en estrecha colaboraci\u00f3n con CARIAD, la empresa de software del Grupo Volkswagen. \u00abLas nuevas actualizaciones son una funcionalidad central del coche digital conectado. R\u00e1pidamente se convertir\u00e1n en algo normal para nuestros clientes, de la misma manera que lo son para sus smartphones\u00bb, dice Thomas Ulbrich, responsable de Desarrollo T\u00e9cnico del Comit\u00e9 Ejecutivo de Volkswagen. \u00abEl desarrollo de software es constante y r\u00e1pido. Trabajamos en ciclos cortos, como una empresa tecnol\u00f3gica, y proporcionamos actualizaciones a nuestros clientes en intervalos igualmente cortos.\u00bb<\/p>\n<p >Volkswagen tambi\u00e9n quiere seguir en contacto con sus clientes despu\u00e9s de vender o alquilar el coche, para ofrecerles servicios digitales. \u00abLos veh\u00edculos que siempre tienen el \u00faltimo software a bordo pueden ofrecer una excelente experiencia digital al cliente y, por lo tanto, son de suma importancia para nuestro \u00e9xito futuro\u00bb, a\u00f1ade Ulbrich. \u00abGracias a las actualizaciones peri\u00f3dicas, el coche no solo se mantendr\u00e1 al d\u00eda, sino que ser\u00e1 a\u00fan mejor\u00bb.<\/p>\n<p ><b>La actualizaci\u00f3n optimiza las funciones de seguridad y confort<\/b><b>\u00a0<\/b><\/p>\n<p >Algunas de las nuevas funciones afectan al ID. Light, una franja luminosa situada en la parte inferior del parabrisas. Ahora, proporciona al conductor informaci\u00f3n que puede servirle de apoyo intuitivo para la conducci\u00f3n con mayor ahorro de energ\u00eda y cuando se conduce con el sistema de control de crucero adaptativo \u00abActive Cruise Control\u00bb (ACC). Tambi\u00e9n se ha mejorado el procesamiento de im\u00e1genes de la c\u00e1mara multifunci\u00f3n, lo que le permite reconocer las motocicletas y otros usuarios de la carretera con mayor rapidez. Lo mismo ocurre cuando se conduce en la oscuridad. Si se instala, el control din\u00e1mico de las luces largas permite una regulaci\u00f3n a\u00fan m\u00e1s precisa de los faros. Los gr\u00e1ficos de la pantalla central de infoentretenimiento se vuelven m\u00e1s claros, con un manejo m\u00e1s intuitivo, mostrando c\u00f3mo Volkswagen reacciona a los comentarios de los primeros clientes de ID.<\/p>\n<p >La experiencia digital del cliente se est\u00e1 convirtiendo en un punto central para todos los pasos de desarrollo de productos y servicios a lo largo de todo el ciclo de vida del veh\u00edculo. Como parte de la estrategia ACCELERATE, las actualizaciones Over-The-Air (OTA) sientan las bases para nuevos modelos de negocio y la optimizaci\u00f3n de productos centrados en el cliente.<\/p>\n<p >\n<p ><sup>1<\/sup> ID.3 &#8211; consumo combinado en kWh\/100 km (NEFZ): 15,6-15,7; emisiones combinadas de CO2 en g\/km: 0; clasificaci\u00f3n de eficiencia: A+<\/p>\n<p ><sup>2<\/sup> ID.4 &#8211; consumo combinado en kWh\/100 km (NEFZ): 17,4-16,8; emisiones combinadas de CO2 en g\/km: 0; clasificaci\u00f3n de eficiencia: A+<\/p>\n<p ><sup>3<\/sup> ID.4 GTX &#8211; consumo combinado en kWh\/100 km (NEFZ): 18,2; emisiones combinadas de CO2 en g\/km: 0; clasificaci\u00f3n de eficiencia: A+<\/p>\n<p >\n","protected":false},"excerpt":{"rendered":"Volkswagen contin\u00faa su proceso de transformaci\u00f3n para convertirse en un proveedor de movilidad orientado al softwareLas actualizaciones gratuitas para el ID.3 [1], el ID.4 [2] y el ID.4 GTX [3] estar\u00e1n disponibles inmediatamenteBrandst\u00e4tter, consejero delegado","protected":false},"author":1,"featured_media":51729,"comment_status":"open","ping_status":"open","sticky":false,"template":"","format":"standard","meta":{"_acf_changed":false,"ep_exclude_from_search":false,"footnotes":""},"categories":[293],"tags":[],"class_list":["post-51727","post","type-post","status-publish","format-standard","has-post-thumbnail","hentry","category-familia-id"],"acf":[],"_links":{"self":[{"href":"https:\/\/www.volkswagen.es\/comunicacion\/wp-json\/wp\/v2\/posts\/51727","targetHints":{"allow":["GET"]}}],"collection":[{"href":"https:\/\/www.volkswagen.es\/comunicacion\/wp-json\/wp\/v2\/posts"}],"about":[{"href":"https:\/\/www.volkswagen.es\/comunicacion\/wp-json\/wp\/v2\/types\/post"}],"author":[{"embeddable":true,"href":"https:\/\/www.volkswagen.es\/comunicacion\/wp-json\/wp\/v2\/users\/1"}],"replies":[{"embeddable":true,"href":"https:\/\/www.volkswagen.es\/comunicacion\/wp-json\/wp\/v2\/comments?post=51727"}],"version-history":[{"count":2,"href":"https:\/\/www.volkswagen.es\/comunicacion\/wp-json\/wp\/v2\/posts\/51727\/revisions"}],"predecessor-version":[{"id":52254,"href":"https:\/\/www.volkswagen.es\/comunicacion\/wp-json\/wp\/v2\/posts\/51727\/revisions\/52254"}],"wp:featuredmedia":[{"embeddable":true,"href":"https:\/\/www.volkswagen.es\/comunicacion\/wp-json\/wp\/v2\/media\/51729"}],"wp:attachment":[{"href":"https:\/\/www.volkswagen.es\/comunicacion\/wp-json\/wp\/v2\/media?parent=51727"}],"wp:term":[{"taxonomy":"category","embeddable":true,"href":"https:\/\/www.volkswagen.es\/comunicacion\/wp-json\/wp\/v2\/categories?post=51727"},{"taxonomy":"post_tag","embeddable":true,"href":"https:\/\/www.volkswagen.es\/comunicacion\/wp-json\/wp\/v2\/tags?post=51727"}],"curies":[{"name":"wp","href":"https:\/\/api.w.org\/{rel}","templated":true}]}}