{"id":51721,"date":"2021-09-06T00:00:00","date_gmt":"2021-09-06T00:00:00","guid":{"rendered":"https:\/\/www.volkswagen.es\/2021\/09\/06\/una-mirada-al-futuro-de-la-movilidad-electrica-en-el-segmento-pequeno-presentacion-mundial-del-id-life\/"},"modified":"2022-04-11T09:56:52","modified_gmt":"2022-04-11T09:56:52","slug":"una-mirada-al-futuro-de-la-movilidad-electrica-en-el-segmento-pequeno-presentacion-mundial-del-id-life","status":"publish","type":"post","link":"https:\/\/www.volkswagen.es\/comunicacion\/una-mirada-al-futuro-de-la-movilidad-electrica-en-el-segmento-pequeno-presentacion-mundial-del-id-life\/","title":{"rendered":"Una mirada al futuro de la movilidad el\u00e9ctrica en el segmento peque\u00f1o: Volkswagen ID. LIFE"},"content":{"rendered":"<p >La visi\u00f3n de un coche totalmente el\u00e9ctrico para el entorno urbano est\u00e1 centrada en las personas y sus experiencias comunes. Este concept car combina sostenibilidad y digitalizaci\u00f3n con un uso extremadamente flexible: el ID. LIFE se puede convertir en una sala de cine o sal\u00f3n de juegos, por ejemplo, o simplemente puede ser usado para relajarse al aire libre.<\/p>\n<p >\u00abEl ID. LIFE es nuestra visi\u00f3n de la pr\u00f3xima generaci\u00f3n de la movilidad urbana totalmente el\u00e9ctrica. El prototipo proporciona una visi\u00f3n previa de un modelo de la gama ID. en el segmento de los coches peque\u00f1os que ser\u00e1 lanzado en 2025, con un precio en el entorno de los 20.000 euros. Esto significa que estamos haciendo la movilidad el\u00e9ctrica accesible para m\u00e1s personas\u00bb, explic\u00f3 Ralf Brandst\u00e4tter, CEO de la marca Volkswagen. \u00abEn la creaci\u00f3n del ID. LIFE, nos hemos enfocado en las necesidades de los clientes m\u00e1s j\u00f3venes. Creemos que, m\u00e1s todav\u00eda de lo que es hoy, el coche del futuro ser\u00e1 parte de la expresi\u00f3n personal y del estilo de vida de cada uno. El cliente del ma\u00f1ana, no querr\u00e1s implemente ir del punto A al punto B, sino que estar\u00e1 m\u00e1s interesado en todas las experiencias que un coche podr\u00e1 ofrecerle, y el ID. LIFE es nuestra respuesta.<\/p>\n<p ><b>Dise\u00f1o sencillo:<\/b> El dise\u00f1o del ID. LIFE es sorprendentemente claro, simple y de alta calidad. Hemos renunciado a los elementos decorativos y piezas superfluas, as\u00ed como a una mezcla compleja de materiales. La subdivisi\u00f3n horizontal entre carrocer\u00eda, superficies acristaladas y techo tambi\u00e9n contribuye a su aspecto purista. El techo personalizado y desmontable hecho de material textil con c\u00e1mara de aire reduce el peso del veh\u00edculo y permite disfrutar de la conducci\u00f3n al aire libre con el ID. LIFE.<\/p>\n<p ><b>El motor el\u00e9ctrico propulsa las ruedas delanteras<\/b>. El ID. LIFE est\u00e1 basado en una variante m\u00e1s peque\u00f1a, especialmente dise\u00f1ada para el segmento de coches peque\u00f1os, de la plataforma modular de propulsi\u00f3n el\u00e9ctrica (MEB) de Volkswagen. As\u00ed, es la primera vez que un veh\u00edculo concebido sobre la base de la MEB se equipa con tracci\u00f3n delantera. Con su motor el\u00e9ctrico de 172 kW (234CV), el ID. LIFE acelera de 0 a 100 km\/h en 6,9 segundos, mientras que su bater\u00eda de alta tensi\u00f3n con una capacidad energ\u00e9tica de 57 kWh permite alcanzar una autonom\u00eda de unos 400 kil\u00f3metros seg\u00fan el ciclo de pruebas WLTP.<\/p>\n<p >\u00a0\u00abEl ID. LIFE demuestra una vez m\u00e1s la flexibilidad \u00fanica de la plataforma MEB, que es adecuada para coches de todos los tipos, desde coches compactos hasta monovol\u00famenes de siete plazas\u00bb, coment\u00f3 Thomas Ulbrich, miembro del Consejo de Direcci\u00f3n de Volkswagen para Desarrollo. \u00abEs la arquitectura el\u00e9ctrica m\u00e1s escalable de la industria, y tan solo estamos empezando a aprovechar todo su potencial. El rendimiento, la capacidad de carga y la autonom\u00eda continuar\u00e1 mejorando con cada nuevo modelo y actualizaci\u00f3n de software.\u00bb<\/p>\n<p ><b>Materiales naturales y reciclados<\/b>. El car\u00e1cter sostenible del ID. LIFE se refleja con especial intensidad en la selecci\u00f3n de los materiales y la pintura. En el barniz transparente de la carrocer\u00eda se utilizan virutas de madera como colorante natural y un endurecedor de base biol\u00f3gica. El tejido de la c\u00e1mara de aire para el techo y la cubierta frontal est\u00e1 compuesto al cien por cien de botellas de PET recicladas. En el interior, la madera para el tablero de instrumentos y la zona de los asientos traseros se combina con tapizado Artvelours Eco para las superficies de los asientos y los revestimientos de las puertas. El aceite org\u00e1nico, el caucho natural y la cascarilla de arroz son algunas de las materias primas con las que se fabrican los neum\u00e1ticos del ID. LIFE.<\/p>\n<p ><b>Interior multifuncional:<\/b> El ID. LIFE es el mejor compa\u00f1ero para disfrutar de diferentes experiencias digitales. Por ejemplo, se puede convertir en una sala de cine o un sal\u00f3n de juegos en un abrir y cerrar de ojos. Incorpora una v\u00eddeo consola, un proyector y una pantalla de proyecci\u00f3n que puede desplegarse de la zona superior del tablero de instrumentos. Otros dispositivos pueden recibir corriente el\u00e9ctrica de una conexi\u00f3n de 230 voltios (16 A) del interior cuando se necesite. La disposici\u00f3n de los asientos tambi\u00e9n es muy vers\u00e1til y mantiene la idea de posicionar al coche como el mejor compa\u00f1ero para todas las actividades de ocio. Por ejemplo, los respaldos de los asientos delantero y trasero pueden abatirse completamente. Esto permite m\u00faltiples posibilidades, desde transformarse en asientos de sala de cine, crear una cama de 2 metros de largo, o convertirse en una versi\u00f3n con el m\u00e1ximo espacio para optimizar la capacidad de carga.<\/p>\n<p ><b>Innovador concepto operativo digital. <\/b>C\u00e1maras y una pantalla sustituyen a los espejos retrovisores interior y exteriores. Las principales funciones de conducci\u00f3n se controlan a trav\u00e9s de una pantalla t\u00e1ctil del volante hexagonal abierto en la parte superior, y los smartphones pueden integrarse en el sistema operativo. Los dispositivos personales ,tel\u00e9fono y tablets, pueden controlar funciones como la navegaci\u00f3n. M\u00fasica, pel\u00edculas y juegos guardados en los dispositivos se pueden utilizar en el ID.LIFE, con las im\u00e1genes mostradas en la pantalla de proyecci\u00f3n.<\/p>\n<p >La estrategia ACCELERATE est\u00e1 acelerando la transformaci\u00f3n del proceso. La ampliaci\u00f3n de la familia ID. hacia el segmento de los coches peque\u00f1os y con precios que parten de los 20.000 euros es otro paso importante hacia la movilidad 100% el\u00e9ctrica. En 2030, Volkswagen quiere aumentar su cuota de ventas de modelos completamente el\u00e9ctricos al 70% en Europa y hasta al menos un 50% en Norte Am\u00e9rica y China.<\/p>\n<p ><b><sup>\u00a0<\/sup><\/b><\/p>\n<p ><b><sup>1<\/sup><\/b> <b>El veh\u00edculo presentado es un Concept Car y todav\u00eda no est\u00e1 a la venta.<\/b><\/p>\n<p ><b>\u00a0<\/b><\/p>\n","protected":false},"excerpt":{"rendered":"Volkswagen present\u00f3 el prototipo de un crossover compacto en el Sal\u00f3n Internacional del Autom\u00f3vil IAA MOBILITY 2021 en Munich El ID. LIFE [1] encarna la sostenibilidad, tecnolog\u00eda digital, un dise\u00f1o atemporal y un innovador interior","protected":false},"author":1,"featured_media":51723,"comment_status":"open","ping_status":"open","sticky":false,"template":"","format":"standard","meta":{"_acf_changed":false,"ep_exclude_from_search":false,"footnotes":""},"categories":[293,267],"tags":[],"class_list":["post-51721","post","type-post","status-publish","format-standard","has-post-thumbnail","hentry","category-familia-id","category-concept-cars-concept-cars"],"acf":[],"_links":{"self":[{"href":"https:\/\/www.volkswagen.es\/comunicacion\/wp-json\/wp\/v2\/posts\/51721","targetHints":{"allow":["GET"]}}],"collection":[{"href":"https:\/\/www.volkswagen.es\/comunicacion\/wp-json\/wp\/v2\/posts"}],"about":[{"href":"https:\/\/www.volkswagen.es\/comunicacion\/wp-json\/wp\/v2\/types\/post"}],"author":[{"embeddable":true,"href":"https:\/\/www.volkswagen.es\/comunicacion\/wp-json\/wp\/v2\/users\/1"}],"replies":[{"embeddable":true,"href":"https:\/\/www.volkswagen.es\/comunicacion\/wp-json\/wp\/v2\/comments?post=51721"}],"version-history":[{"count":4,"href":"https:\/\/www.volkswagen.es\/comunicacion\/wp-json\/wp\/v2\/posts\/51721\/revisions"}],"predecessor-version":[{"id":53407,"href":"https:\/\/www.volkswagen.es\/comunicacion\/wp-json\/wp\/v2\/posts\/51721\/revisions\/53407"}],"wp:featuredmedia":[{"embeddable":true,"href":"https:\/\/www.volkswagen.es\/comunicacion\/wp-json\/wp\/v2\/media\/51723"}],"wp:attachment":[{"href":"https:\/\/www.volkswagen.es\/comunicacion\/wp-json\/wp\/v2\/media?parent=51721"}],"wp:term":[{"taxonomy":"category","embeddable":true,"href":"https:\/\/www.volkswagen.es\/comunicacion\/wp-json\/wp\/v2\/categories?post=51721"},{"taxonomy":"post_tag","embeddable":true,"href":"https:\/\/www.volkswagen.es\/comunicacion\/wp-json\/wp\/v2\/tags?post=51721"}],"curies":[{"name":"wp","href":"https:\/\/api.w.org\/{rel}","templated":true}]}}