{"id":51715,"date":"2021-09-01T00:00:00","date_gmt":"2021-09-01T00:00:00","guid":{"rendered":"https:\/\/www.volkswagen.es\/2021\/09\/01\/la-elegante-deportividad-se-conjuga-con-la-eficiencia-volkswagen-presentara-el-suv-coupe-id-5-gtx-en-el-salon-del-automovil-de-munich\/"},"modified":"2021-11-22T15:01:32","modified_gmt":"2021-11-22T15:01:32","slug":"la-elegante-deportividad-se-conjuga-con-la-eficiencia-volkswagen-presentara-el-suv-coupe-id-5-gtx-en-el-salon-del-automovil-de-munich","status":"publish","type":"post","link":"https:\/\/www.volkswagen.es\/comunicacion\/la-elegante-deportividad-se-conjuga-con-la-eficiencia-volkswagen-presentara-el-suv-coupe-id-5-gtx-en-el-salon-del-automovil-de-munich\/","title":{"rendered":"La elegante deportividad se conjuga con la eficiencia: Volkswagen presentar\u00e1 el SUV coup\u00e9 ID.5 GTX en el Sal\u00f3n del Autom\u00f3vil de Munich"},"content":{"rendered":"<p >El ID.5 GTX es el primer SUV coup\u00e9 totalmente el\u00e9ctrico de Volkswagen. Con sus l\u00edneas fluidas, el ID.5 GTX es elegante y deportivo. Sus voladizos cortos y sus grandes ruedas resaltan su fuerte car\u00e1cter.<\/p>\n<p ><b>Frontal robusto, carrocer\u00eda elegante<\/b><\/p>\n<p >En la parte superior del frontal, los faros matriciales IQ.Light LED generan una luz de carretera controlada deforma inteligente y dan a la parte delantera del coche un aspecto atractivo. La franja luminosa que se estrecha hacia el logotipo de Volkswagen se ha combinado con tres potentes elementos luminosos en forma de panal, tanto en el lado del conductor como en el del acompa\u00f1ante. As\u00ed, complementan la luz de cruce y transmiten el car\u00e1cter deportivo incluso en parado. Los pilares A planos e inclinados situados cerca del frontal delantero confieren a la l\u00ednea del techo una elegante fluidez, ya que se prolongan sobre la carrocer\u00eda y se estrechan en un aler\u00f3n trasero integrado. En la parte trasera, las l\u00edneas horizontales acent\u00faan la anchura del veh\u00edculo, siendo la franja luminosa el elemento que m\u00e1s llama la atenci\u00f3n. Los faros traseros LED con dise\u00f1o 3D completan la sensaci\u00f3n de lujo.<\/p>\n<p ><b>El GTX simboliza una nueva deportividad<\/b><\/p>\n<p >Las siglas GTX representan el nuevo car\u00e1cter deportivo de la marca Volkswagen, que contin\u00faa la tradici\u00f3n de los exitosos modelos GTI, GTD y GTE y la traslada al mundo de la movilidad el\u00e9ctrica. En elID.5 GTX hay un motor el\u00e9ctrico tanto en el eje delantero como en el trasero: el doble motor con tracci\u00f3n a las cuatro ruedas garantiza un gran rendimiento, una tracci\u00f3n superior y un manejo deportivo. La gran bater\u00eda de iones de litio situada entre los ejes permite una autonom\u00eda de hasta 497 km\u00a0<a href=\"\/Users\/e0uypta\/Downloads\/La%20elegante%20deportividad%20se%20conjuga%20con%20la%20eficiencia%20Volkswagen%20presentar%C3%A1%20el%20SUV%20coup%C3%A9%20ID.5%20GTX%20en%20la%20feria%20IAA_REV%20CRIS.docx#_ftn1\" name=\"_ftnref1\"><!-- [if !supportFootnotes]-->[2]<!--[endif]--><\/a>.<\/p>\n<p >Cuando el ID.5 GTX llegue a los concesionarios el pr\u00f3ximo a\u00f1o, ser\u00e1 el segundo modelo de la marca de productos deportivos GTX, y dar\u00e1 un nuevo impulso a la estrategia ACELERATE. Volkswagen aspira a convertirse en la marca m\u00e1s popular en lo que respecta a la movilidad sostenible. Su objetivo es aumentar la cuota de coches totalmente el\u00e9ctricos en Europa y que representen el 70% de las ventas de Volkswagen en 2030. Volkswagen aspira a ser neutral en emisiones de carbono en 2050.<\/p>\n<p ><i>\u00a0<\/i><\/p>\n<div>\n<p><!-- [if !supportFootnotes]--><\/p>\n<hr  align=\"left\" width=\"33%\" \/>\n<p><!--[endif]--><\/p>\n<div id=\"ftn1\">\n<p >[1] ID.5GTX &#8211; El coche es un prototipo de pre-producci\u00f3n camuflado.<\/p>\n<p >[2] Autonom\u00eda WLTP prevista para el ID.5 GTX con una densidad de energ\u00eda de la bater\u00eda de 77 kWh netos, con doble motor y tracci\u00f3n a cuatro ruedas. Los valores indicativos WLTP para los veh\u00edculos de producci\u00f3n pueden variar dependiendo de la especificaci\u00f3n.<\/p>\n<\/div>\n<\/div>\n","protected":false},"excerpt":{"rendered":"El ID.5 GTX [1] de propulsi\u00f3n el\u00e9ctrica ser\u00e1 el prototipo de pre-producci\u00f3n camuflado que se revelar\u00e1 en MunichPrimer SUV el\u00e9ctrico de Volkswagen con una elegante silueta coup\u00e9Tracci\u00f3n a las cuatro ruedas con dos motores el\u00e9ctricos","protected":false},"author":1,"featured_media":51717,"comment_status":"open","ping_status":"open","sticky":false,"template":"","format":"standard","meta":{"_acf_changed":false,"ep_exclude_from_search":false,"footnotes":""},"categories":[328],"tags":[],"class_list":["post-51715","post","type-post","status-publish","format-standard","has-post-thumbnail","hentry","category-id5"],"acf":[],"_links":{"self":[{"href":"https:\/\/www.volkswagen.es\/comunicacion\/wp-json\/wp\/v2\/posts\/51715","targetHints":{"allow":["GET"]}}],"collection":[{"href":"https:\/\/www.volkswagen.es\/comunicacion\/wp-json\/wp\/v2\/posts"}],"about":[{"href":"https:\/\/www.volkswagen.es\/comunicacion\/wp-json\/wp\/v2\/types\/post"}],"author":[{"embeddable":true,"href":"https:\/\/www.volkswagen.es\/comunicacion\/wp-json\/wp\/v2\/users\/1"}],"replies":[{"embeddable":true,"href":"https:\/\/www.volkswagen.es\/comunicacion\/wp-json\/wp\/v2\/comments?post=51715"}],"version-history":[{"count":2,"href":"https:\/\/www.volkswagen.es\/comunicacion\/wp-json\/wp\/v2\/posts\/51715\/revisions"}],"predecessor-version":[{"id":52251,"href":"https:\/\/www.volkswagen.es\/comunicacion\/wp-json\/wp\/v2\/posts\/51715\/revisions\/52251"}],"wp:featuredmedia":[{"embeddable":true,"href":"https:\/\/www.volkswagen.es\/comunicacion\/wp-json\/wp\/v2\/media\/51717"}],"wp:attachment":[{"href":"https:\/\/www.volkswagen.es\/comunicacion\/wp-json\/wp\/v2\/media?parent=51715"}],"wp:term":[{"taxonomy":"category","embeddable":true,"href":"https:\/\/www.volkswagen.es\/comunicacion\/wp-json\/wp\/v2\/categories?post=51715"},{"taxonomy":"post_tag","embeddable":true,"href":"https:\/\/www.volkswagen.es\/comunicacion\/wp-json\/wp\/v2\/tags?post=51715"}],"curies":[{"name":"wp","href":"https:\/\/api.w.org\/{rel}","templated":true}]}}