{"id":51704,"date":"2021-07-21T00:00:00","date_gmt":"2021-07-21T00:00:00","guid":{"rendered":"https:\/\/www.volkswagen.es\/2021\/07\/21\/volkswagen-navarra-gana-el-automotive-lean-production-award-a-la-mejor-fabrica-europea\/"},"modified":"2021-11-19T18:05:20","modified_gmt":"2021-11-19T18:05:20","slug":"volkswagen-navarra-gana-el-automotive-lean-production-award-a-la-mejor-fabrica-europea","status":"publish","type":"post","link":"https:\/\/www.volkswagen.es\/comunicacion\/volkswagen-navarra-gana-el-automotive-lean-production-award-a-la-mejor-fabrica-europea\/","title":{"rendered":"Volkswagen Navarra gana el Automotive Lean Production Award a la mejor f\u00e1brica europea"},"content":{"rendered":"<p >Se trata de la decimoquinta edici\u00f3n de los premios que, bajo el lema \u00abAprendiendo de los mejores\u00bb, tiene como objetivo \u00abel establecimiento de un <i>benchmark\u00a0<\/i>que marque la orientaci\u00f3n de la producci\u00f3n <i>lean\u00a0<\/i>y la digitalizaci\u00f3n\u00bb. Los organizadores han destacado que \u00abNavarra nos ha convencido por c\u00f3mo aprovecha las oportunidades de la industria 4.0 sin tirar los principios<i> lean<\/i> por la borda\u00bb.<\/p>\n<p ><b>Orgulloso del trabajo en equipo<\/b><\/p>\n<p >Christian Vollmer, director de Producci\u00f3n y Log\u00edstica de la marca Volkswagen y presidente del consejo de administraci\u00f3n de Volkswagen Navarra, est\u00e1 orgulloso del excelente trabajo del equipo de la f\u00e1brica: \u00abEstoy muy contento de que hayamos sido capaces de quedarnos con el premio gracias a una planta Volkswagen. Por este motivo, quiero transmitir mis felicitaciones a todo el equipo y a los representantes delos trabajadores de Pamplona por este gran \u00e9xito\u00bb.<\/p>\n<p ><b>Una edici\u00f3n especial<\/b><\/p>\n<p >La edici\u00f3n 2021 del Automotive Lean Production Award cobra mayor relevancia si cabe porque, debido a la pandemia, el an\u00e1lisis no se llev\u00f3 a cabo en 2020, de tal forma que el galard\u00f3n que acaba de ganar Volkswagen Navarra abarca dos a\u00f1os completos de an\u00e1lisis. Los miembros del jurado que visitaron las f\u00e1bricas analizadas se centraron en las respuestas que cada empresa daba a las siguientes preguntas:<\/p>\n<p ><!-- [if !supportLists]-->\u00b7\u00a0\u00a0\u00a0\u00a0\u00a0\u00a0 <!--[endif]-->\u00bfCu\u00e1les son los factores de \u00e9xito de la producci\u00f3n <i>lean<\/i>?<\/p>\n<p ><!-- [if !supportLists]-->\u00b7\u00a0\u00a0\u00a0\u00a0\u00a0\u00a0 <!--[endif]-->\u00bfHasta qu\u00e9 extremo llegan las estrategias y m\u00e9todos <i>lean<\/i>?<\/p>\n<p ><!-- [if !supportLists]-->\u00b7\u00a0\u00a0\u00a0\u00a0\u00a0\u00a0 <!--[endif]-->\u00bfCu\u00e1les son los resultados en t\u00e9rminos de calidad, costes y resultados?<\/p>\n<p ><!-- [if !supportLists]-->\u00b7\u00a0\u00a0\u00a0\u00a0\u00a0\u00a0 <!--[endif]-->\u00bfC\u00f3mo afecta a los sistemas de producci\u00f3n la reciente digitalizaci\u00f3n?<\/p>\n<p ><!-- [if !supportLists]-->\u00b7\u00a0\u00a0\u00a0\u00a0\u00a0\u00a0 <!--[endif]-->\u00bfQu\u00e9 soluciones efectivas de la industria 4.0 ya se aplican? \u00bfCu\u00e1les son los planes para el futuro inmediato?<\/p>\n<p >Desde la primera edici\u00f3n de los galardones, se han estudiado m\u00e1s de 1.200 plantas de 17 pa\u00edses y se han llevado a cabo m\u00e1s de 250 evaluaciones sobre el terreno en las principales factor\u00edas.<\/p>\n","protected":false},"excerpt":{"rendered":"Concedido por la consultora Agamus y la publicaci\u00f3n especializada Automobil Produktion, la distinguen como la mejor f\u00e1brica europea del sector de la automoci\u00f3nVolkswagen Navarra ha ganado el Automotive Lean Production Award 2021 organizado por la","protected":false},"author":1,"featured_media":51705,"comment_status":"open","ping_status":"open","sticky":false,"template":"","format":"standard","meta":{"_acf_changed":false,"ep_exclude_from_search":false,"footnotes":""},"categories":[303],"tags":[],"class_list":["post-51704","post","type-post","status-publish","format-standard","has-post-thumbnail","hentry","category-vw-navarra"],"acf":[],"_links":{"self":[{"href":"https:\/\/www.volkswagen.es\/comunicacion\/wp-json\/wp\/v2\/posts\/51704","targetHints":{"allow":["GET"]}}],"collection":[{"href":"https:\/\/www.volkswagen.es\/comunicacion\/wp-json\/wp\/v2\/posts"}],"about":[{"href":"https:\/\/www.volkswagen.es\/comunicacion\/wp-json\/wp\/v2\/types\/post"}],"author":[{"embeddable":true,"href":"https:\/\/www.volkswagen.es\/comunicacion\/wp-json\/wp\/v2\/users\/1"}],"replies":[{"embeddable":true,"href":"https:\/\/www.volkswagen.es\/comunicacion\/wp-json\/wp\/v2\/comments?post=51704"}],"version-history":[{"count":3,"href":"https:\/\/www.volkswagen.es\/comunicacion\/wp-json\/wp\/v2\/posts\/51704\/revisions"}],"predecessor-version":[{"id":52301,"href":"https:\/\/www.volkswagen.es\/comunicacion\/wp-json\/wp\/v2\/posts\/51704\/revisions\/52301"}],"wp:featuredmedia":[{"embeddable":true,"href":"https:\/\/www.volkswagen.es\/comunicacion\/wp-json\/wp\/v2\/media\/51705"}],"wp:attachment":[{"href":"https:\/\/www.volkswagen.es\/comunicacion\/wp-json\/wp\/v2\/media?parent=51704"}],"wp:term":[{"taxonomy":"category","embeddable":true,"href":"https:\/\/www.volkswagen.es\/comunicacion\/wp-json\/wp\/v2\/categories?post=51704"},{"taxonomy":"post_tag","embeddable":true,"href":"https:\/\/www.volkswagen.es\/comunicacion\/wp-json\/wp\/v2\/tags?post=51704"}],"curies":[{"name":"wp","href":"https:\/\/api.w.org\/{rel}","templated":true}]}}