{"id":51700,"date":"2021-07-20T00:00:00","date_gmt":"2021-07-20T00:00:00","guid":{"rendered":"https:\/\/www.volkswagen.es\/2021\/07\/20\/cambios-en-la-cupula-de-volkswagen-navarra\/"},"modified":"2021-11-30T11:35:08","modified_gmt":"2021-11-30T11:35:08","slug":"cambios-en-la-cupula-de-volkswagen-navarra","status":"publish","type":"post","link":"https:\/\/www.volkswagen.es\/comunicacion\/cambios-en-la-cupula-de-volkswagen-navarra\/","title":{"rendered":"Cambios en la c\u00fapula de Volkswagen Navarra"},"content":{"rendered":"<p >Christian Vollmer, director de Producci\u00f3n y Log\u00edstica de la marca Volkswagen y presidente del Consejo de Administraci\u00f3n de Volkswagen Navarra, dice: \u00abMe alegro de que con Markus Haupt hayamos podido ganar un experto reconocido de producci\u00f3n para el producto y los procesos. Con una fuerte direcci\u00f3n estrat\u00e9gica, en suposici\u00f3n actual ha impulsado el cambio en la producci\u00f3n de todo el Grupo hacia la movilidad el\u00e9ctrica. Esencial ha sido tambi\u00e9n el reforzar los efectos de las sinergias entre las marcas. Nuestra planta en Pamplona se convertir\u00e1 en parte de la transformaci\u00f3n acelerada hacia la electrificaci\u00f3n dentro de la estrategia ACCELERATE de Volkswagen. Markus Haupt impulsar\u00e1 dicho cambio hac\u00eda una movilidad sostenible en la planta de Pamplona con celeridad y de manera sistem\u00e1tica\u00bb.<\/p>\n<p >Markus Haupt se form\u00f3 en gesti\u00f3n empresarial en Barcelona y comenz\u00f3 su trayectoria profesional en el Grupo Volkswagen en 2001, concretamente en el Departamento de Prototipos en SEAT Martorell. En 2002 cambi\u00f3 al Departamento de Prototipos de Audi, antes de que, en el 2004, otra vez en SEAT, se hiciese cargo de nuevo en el Departamento de Prototipos de los proyectos Plataforma&amp; Grupo. A partir del 2007, Haupt fue responsable de la gesti\u00f3n de Procesos y Proyectos en el Departamento de Preseries de SEAT y actu\u00f3 de forma decisiva en el lanzamiento del Audi Q3 en la planta de Martorell. Cuatro a\u00f1os m\u00e1s tarde se hizo cargo de la direcci\u00f3n de Proyectos de Producci\u00f3n de la Clase A0 en Volkswagen AG en Wolfsburg.<\/p>\n<p >En 2014, se incorpor\u00f3 como manager de Product Management &amp; Planning a VW Autoeuropa (Palmela), en donde, con todo el equipo de dicha planta, llev\u00f3 a cabo con \u00e9xito el lanzamiento en serie del T-Roc. En 2018 asumi\u00f3 en Volkswagen AG (Wolfsburg) la funci\u00f3n de Gesti\u00f3n de Modificaci\u00f3n de Productos &amp; Construcciones Modulares, y ese mismo a\u00f1o se hizo cargo de la Planificaci\u00f3n de Producci\u00f3n del Grupo Volkswagen.<\/p>\n","protected":false},"excerpt":{"rendered":"Markus Haupt ser\u00e1 el futuro presidente de Volkswagen Navarra SA y director general de la planta de PamplonaMarkus Haupt, jefe de Planificaci\u00f3n de Producci\u00f3n del Grupo Volkswagen AG, ser\u00e1 el futuro director general de la","protected":false},"author":1,"featured_media":0,"comment_status":"open","ping_status":"open","sticky":false,"template":"","format":"standard","meta":{"_acf_changed":false,"ep_exclude_from_search":false,"footnotes":""},"categories":[303],"tags":[],"class_list":["post-51700","post","type-post","status-publish","format-standard","hentry","category-vw-navarra"],"acf":[],"_links":{"self":[{"href":"https:\/\/www.volkswagen.es\/comunicacion\/wp-json\/wp\/v2\/posts\/51700","targetHints":{"allow":["GET"]}}],"collection":[{"href":"https:\/\/www.volkswagen.es\/comunicacion\/wp-json\/wp\/v2\/posts"}],"about":[{"href":"https:\/\/www.volkswagen.es\/comunicacion\/wp-json\/wp\/v2\/types\/post"}],"author":[{"embeddable":true,"href":"https:\/\/www.volkswagen.es\/comunicacion\/wp-json\/wp\/v2\/users\/1"}],"replies":[{"embeddable":true,"href":"https:\/\/www.volkswagen.es\/comunicacion\/wp-json\/wp\/v2\/comments?post=51700"}],"version-history":[{"count":3,"href":"https:\/\/www.volkswagen.es\/comunicacion\/wp-json\/wp\/v2\/posts\/51700\/revisions"}],"predecessor-version":[{"id":52607,"href":"https:\/\/www.volkswagen.es\/comunicacion\/wp-json\/wp\/v2\/posts\/51700\/revisions\/52607"}],"wp:attachment":[{"href":"https:\/\/www.volkswagen.es\/comunicacion\/wp-json\/wp\/v2\/media?parent=51700"}],"wp:term":[{"taxonomy":"category","embeddable":true,"href":"https:\/\/www.volkswagen.es\/comunicacion\/wp-json\/wp\/v2\/categories?post=51700"},{"taxonomy":"post_tag","embeddable":true,"href":"https:\/\/www.volkswagen.es\/comunicacion\/wp-json\/wp\/v2\/tags?post=51700"}],"curies":[{"name":"wp","href":"https:\/\/api.w.org\/{rel}","templated":true}]}}