{"id":51694,"date":"2021-07-06T00:00:00","date_gmt":"2021-07-06T00:00:00","guid":{"rendered":"https:\/\/www.volkswagen.es\/2021\/07\/06\/nuevas-funciones-y-mayor-confort-volkswagen-lanza-las-actualizaciones-over-the-air-para-la-familia-id\/"},"modified":"2021-11-19T17:55:35","modified_gmt":"2021-11-19T17:55:35","slug":"nuevas-funciones-y-mayor-confort-volkswagen-lanza-las-actualizaciones-over-the-air-para-la-familia-id","status":"publish","type":"post","link":"https:\/\/www.volkswagen.es\/comunicacion\/nuevas-funciones-y-mayor-confort-volkswagen-lanza-las-actualizaciones-over-the-air-para-la-familia-id\/","title":{"rendered":"Nuevas funciones y mayor confort: Volkswagen lanza las actualizaciones Over-The-Air para la Familia ID."},"content":{"rendered":"<p >Ralf Brandst\u00e4tter, CEO de Volkswagen Turismos, explica: \u00abVolkswagen est\u00e1 subiendo una marcha en lo que se refiere a digitalizaci\u00f3n. Despu\u00e9s del exitoso lanzamiento de nuestra familia ID. totalmente el\u00e9ctrica, la marca est\u00e1 liderando otra vez esta nueva fase con la creaci\u00f3n de una experiencia de cliente totalmente nueva y digital con nuevas funciones y confort cada doce semanas. Esto nos convierte en el primer fabricante de volumen en lanzar amplias actualizaciones Over-the-Air\u00bb.<\/p>\n<p ><b>Amplias mejoras gracias a las actualizaciones Over-the-Air<\/b><\/p>\n<p >La primera actualizaci\u00f3n para todos los modelos el\u00e9ctricos ID. supondr\u00e1 varias mejoras funcionales: mayores funciones del ID.Ligth, reconocimiento del entorno mejorado y control din\u00e1mico de las luces largas; y para el sistema de infoentretenimiento, mejora de la operabilidad y modificaciones de dise\u00f1o, as\u00ed como mejoras de rendimiento y estabilidad.<\/p>\n<p >Las actualizaciones de software se env\u00edan mediante transferencia inal\u00e1mbrica de datos directamente a los servidores de alto rendimiento de los modelos ID. (In Car ApplicationServer: ICAS). En el caso de los coches basados en la plataforma MEB, estos se encargan de funciones que hasta ahora, en veh\u00edculos de generaciones anteriores, se distribu\u00edan en diversas centralitas repartidas en el coche. Esto simplifica enormemente el intercambio de datos entre los sistemas y el coche y hace posible alcanzar y actualizar hasta 35 centros de control a trav\u00e9s de las actualizaciones Over-the-Air.<\/p>\n<p ><b>El foco siempre en los clientes con ID. Digital<\/b><\/p>\n<p >\u00abQue los coches siempre tengan el \u00faltimo software a bordo y ofrezcan una excelente experiencia digital al cliente es extremadamente importante para el \u00e9xito futuro de la marca Volkswagen\u00bb, comenta Thomas Ulbrich, miembro Comit\u00e9 Ejecutivo de Volkswagen, del \u00e1rea de Desarrollo. \u00abEstablecimos la unidad de proyectos agile ID.Digital espec\u00edficamente para permitirnos actualizar continuamente el software en el coche. De este modo, podemos recoger r\u00e1pidamente los comentarios de los clientes y reaccionar con flexibilidad a sus necesidades. Esto significa que los modelos ID. se mantienen constantemente actualizados despu\u00e9s de la entrega, y los coches de los clientes conservan mejor su valor.\u00bb<\/p>\n<p >El motor de la digitalizaci\u00f3n de la marca es la estrecha colaboraci\u00f3n entre ID.Digital y CARIAD, la organizaci\u00f3n de software para autom\u00f3viles del Grupo Volkswagen. Esta colaboraci\u00f3n supone una gran experiencia en software. La marca se beneficia de la experiencia de la empresa, as\u00ed como de la rapidez en el desarrollo de una empresa de software agile como CARIAD. \u00abLas actualizaciones Over-the-Air son una funcionalidad central del coche digital y conectado\u00bb, explica el director general de CARIAD, Dirk Hilgenberg. \u00abSe convertir\u00e1n en la norma para los clientes, al igual que la descarga del \u00faltimo sistema operativo o de las aplicaciones en su smartphone\u00bb.<\/p>\n<p ><b>Modelo de negocio 2.0: el futuro de la movilidad<\/b><\/p>\n<p >Con las actualizaciones de software \u00abOver-the-Air\u00bb, la marca Volkswagen est\u00e1 sentando las bases de nuevos modelos de negocio, tal y como se establece en la estrategia ACCELERATE. En el futuro, los clientes ya no tendr\u00e1n que decidir sobre las funciones de su coche cuando lo compren, o sobre qu\u00e9 configuraci\u00f3n tendr\u00e1 un mayor valor si deciden vender sus veh\u00edculos. Esto se debe a que el hardware se estandarizar\u00e1 en gran medida y, en el futuro, las funciones adicionales y la tecnolog\u00eda innovadora podr\u00e1n a\u00f1adirse posteriormente mediante actualizaciones de software.<\/p>\n<p >1 ID.3 \u00bb consumo combinado en kWh\/100 km (NEDC): 17.7&#8243;14.5; emisiones de CO2 combinadas en g\/km:0; clasificaci\u00f3n de eficiencia energ\u00e9tica: A+<\/p>\n<p >2 ID.4 \u00bb consumo combinado en kWh\/100 km (NEDC): 16.9&#8243;15.5; emisiones de CO2 combinadas en g\/km:0; clasificaci\u00f3n de eficiencia energ\u00e9tica: A+<\/p>\n<p >3 ID.4 GTX, 220 kW\u00bb consumo combinado en kWh\/100 km (NEDC): 16.3 (combinado); emisiones de CO2 combinadas en g\/km: 0; clasificaci\u00f3n de eficiencia energ\u00e9tica: A+<\/p>\n<p >\n","protected":false},"excerpt":{"rendered":"Un paso clave para convertirse en un proveedor de movilidad basado en software Volkswagen se convierte en la primera marca de volumen en actualizar regularmente el software de los veh\u00edculos de sus clientes a trav\u00e9s","protected":false},"author":1,"featured_media":51696,"comment_status":"open","ping_status":"open","sticky":false,"template":"","format":"standard","meta":{"_acf_changed":false,"ep_exclude_from_search":false,"footnotes":""},"categories":[299,293],"tags":[],"class_list":["post-51694","post","type-post","status-publish","format-standard","has-post-thumbnail","hentry","category-conectividad","category-familia-id"],"acf":[],"_links":{"self":[{"href":"https:\/\/www.volkswagen.es\/comunicacion\/wp-json\/wp\/v2\/posts\/51694","targetHints":{"allow":["GET"]}}],"collection":[{"href":"https:\/\/www.volkswagen.es\/comunicacion\/wp-json\/wp\/v2\/posts"}],"about":[{"href":"https:\/\/www.volkswagen.es\/comunicacion\/wp-json\/wp\/v2\/types\/post"}],"author":[{"embeddable":true,"href":"https:\/\/www.volkswagen.es\/comunicacion\/wp-json\/wp\/v2\/users\/1"}],"replies":[{"embeddable":true,"href":"https:\/\/www.volkswagen.es\/comunicacion\/wp-json\/wp\/v2\/comments?post=51694"}],"version-history":[{"count":4,"href":"https:\/\/www.volkswagen.es\/comunicacion\/wp-json\/wp\/v2\/posts\/51694\/revisions"}],"predecessor-version":[{"id":52293,"href":"https:\/\/www.volkswagen.es\/comunicacion\/wp-json\/wp\/v2\/posts\/51694\/revisions\/52293"}],"wp:featuredmedia":[{"embeddable":true,"href":"https:\/\/www.volkswagen.es\/comunicacion\/wp-json\/wp\/v2\/media\/51696"}],"wp:attachment":[{"href":"https:\/\/www.volkswagen.es\/comunicacion\/wp-json\/wp\/v2\/media?parent=51694"}],"wp:term":[{"taxonomy":"category","embeddable":true,"href":"https:\/\/www.volkswagen.es\/comunicacion\/wp-json\/wp\/v2\/categories?post=51694"},{"taxonomy":"post_tag","embeddable":true,"href":"https:\/\/www.volkswagen.es\/comunicacion\/wp-json\/wp\/v2\/tags?post=51694"}],"curies":[{"name":"wp","href":"https:\/\/api.w.org\/{rel}","templated":true}]}}