{"id":51692,"date":"2021-06-30T00:00:00","date_gmt":"2021-06-30T00:00:00","guid":{"rendered":"https:\/\/www.volkswagen.es\/2021\/06\/30\/comunicado-oficial-volkswagen-navarra\/"},"modified":"2021-11-19T17:57:46","modified_gmt":"2021-11-19T17:57:46","slug":"comunicado-oficial-volkswagen-navarra","status":"publish","type":"post","link":"https:\/\/www.volkswagen.es\/comunicacion\/comunicado-oficial-volkswagen-navarra\/","title":{"rendered":"Comunicado Oficial Volkswagen Navarra"},"content":{"rendered":"<p ><b>Pamplona, 30 de junio<\/b> &#8211; El consejo de administraci\u00f3n de Volkswagen Navarra informa que Emilio S\u00e1enz deja sus funciones como presidente de Volkswagen Navarra.<\/p>\n<p >Los directores de Producci\u00f3n y Recursos Humanos, Miguel \u00c1ngel Grijalba Blanco y Kai Feuerherdt, asumir\u00e1n de forma interina las funciones de presidente de la f\u00e1brica.<\/p>\n<p >Este cambio entra en vigor a partir de hoy 30 de junio de 2021.<\/p>\n","protected":false},"excerpt":{"rendered":"<p>Pamplona, 30 de junio &#8211; El consejo de administraci\u00f3n de Volkswagen Navarra informa que Emilio S\u00e1enz deja sus funciones como presidente de Volkswagen Navarra. Los directores de Producci\u00f3n y Recursos Humanos, Miguel \u00c1ngel Grijalba Blanco y Kai Feuerherdt, asumir\u00e1n de forma interina las funciones de presidente de la f\u00e1brica. Este cambio entra en vigor a [&hellip;]<\/p>\n","protected":false},"author":1,"featured_media":0,"comment_status":"open","ping_status":"open","sticky":false,"template":"","format":"standard","meta":{"_acf_changed":false,"ep_exclude_from_search":false,"footnotes":""},"categories":[303],"tags":[],"class_list":["post-51692","post","type-post","status-publish","format-standard","hentry","category-vw-navarra"],"acf":[],"_links":{"self":[{"href":"https:\/\/www.volkswagen.es\/comunicacion\/wp-json\/wp\/v2\/posts\/51692","targetHints":{"allow":["GET"]}}],"collection":[{"href":"https:\/\/www.volkswagen.es\/comunicacion\/wp-json\/wp\/v2\/posts"}],"about":[{"href":"https:\/\/www.volkswagen.es\/comunicacion\/wp-json\/wp\/v2\/types\/post"}],"author":[{"embeddable":true,"href":"https:\/\/www.volkswagen.es\/comunicacion\/wp-json\/wp\/v2\/users\/1"}],"replies":[{"embeddable":true,"href":"https:\/\/www.volkswagen.es\/comunicacion\/wp-json\/wp\/v2\/comments?post=51692"}],"version-history":[{"count":2,"href":"https:\/\/www.volkswagen.es\/comunicacion\/wp-json\/wp\/v2\/posts\/51692\/revisions"}],"predecessor-version":[{"id":52296,"href":"https:\/\/www.volkswagen.es\/comunicacion\/wp-json\/wp\/v2\/posts\/51692\/revisions\/52296"}],"wp:attachment":[{"href":"https:\/\/www.volkswagen.es\/comunicacion\/wp-json\/wp\/v2\/media?parent=51692"}],"wp:term":[{"taxonomy":"category","embeddable":true,"href":"https:\/\/www.volkswagen.es\/comunicacion\/wp-json\/wp\/v2\/categories?post=51692"},{"taxonomy":"post_tag","embeddable":true,"href":"https:\/\/www.volkswagen.es\/comunicacion\/wp-json\/wp\/v2\/tags?post=51692"}],"curies":[{"name":"wp","href":"https:\/\/api.w.org\/{rel}","templated":true}]}}