{"id":51497,"date":"2021-06-15T11:18:15","date_gmt":"2021-06-15T11:18:15","guid":{"rendered":"https:\/\/www.volkswagen.es\/?p=51497"},"modified":"2021-07-29T13:52:57","modified_gmt":"2021-07-29T13:52:57","slug":"la-eurocopa-mas-electrica-arranca-en-sevilla-de-la-mano-de-volkswagen","status":"publish","type":"post","link":"https:\/\/www.volkswagen.es\/comunicacion\/la-eurocopa-mas-electrica-arranca-en-sevilla-de-la-mano-de-volkswagen\/","title":{"rendered":"La Eurocopa m\u00e1s el\u00e9ctrica arranca en Sevilla de la mano de Volkswagen"},"content":{"rendered":"<p>La Eurocopa es uno de los eventos deportivos m\u00e1s seguidos del mundo y una ocasi\u00f3n perfecta para acercar la movilidad el\u00e9ctrica y sin emisiones locales al p\u00fablico espa\u00f1ol y europeo, aprovechando el inmejorable escenario que brinda el campeonato continental. Como \u201cPartner Oficial de Movilidad\u201d de la Eurocopa 2020, Volkswagen ha puesto numerosos veh\u00edculos al servicio de los organizadores locales de cada sede. Entre estos, se incluyen los nuevos modelos totalmente el\u00e9ctricos del compacto ID.3, que los fans ya tuvieron la ocasi\u00f3n de presenciar hace unas semanas durante el Trophy Tour, as\u00ed como del SUV ID.4.<\/p>\n<p>Adem\u00e1s, Volkswagen ha sorteado, entre m\u00e1s de 8.000 ni\u00f1os de entre 10 y 14 a\u00f1os, la oportunidad de saltar al terreno de juego como Official Matchball Carriers de los tres primeros partidos de la Selecci\u00f3n Espa\u00f1ola en la EURO 2020. Los ganadores vivir\u00e1n la experiencia irrepetible de llevar el bal\u00f3n hasta el centro del campo.<\/p>\n<p>Pero eso no es todo. La Eurocopa es una experiencia para ser vivida con los amigos y los seres queridos. Conscientes de ello, diversos concesionarios de Volkswagen de toda Espa\u00f1a ceder\u00e1n parte de sus instalaciones para instalar Fan Zones, para que los seguidores de la selecci\u00f3n puedan seguir en directo los partidos que la Roja jugar\u00e1 en Sevilla. Finalmente, los fans podr\u00e1n participar en la Quiniela de Volkswagen, en la que tendr\u00e1n que indicar qu\u00e9 equipo creen que ganar\u00e1 la Eurocopa. Entre todos los participantes, la marca sortear\u00e1 una plaza en su Escuela One To One, en la que el ganador recibir\u00e1 un curso individual de conducci\u00f3n en tr\u00e1fico abierto, impartido por un piloto profesional. El ganador podr\u00e1 probar uno de los \u00faltimos modelos el\u00e9ctricos (ID.3 o ID.4) de Volkswagen.<\/p>\n<p>Los partidos de la Eurocopa 2020 se celebrar\u00e1n entre el 11 de junio y el 11 de julio en los estadios de Budapest, Londres, M\u00fanich, Bak\u00fa, San Petersburgo, Roma, Copenhague, Bucarest, \u00c1msterdam, Glasgow y Sevilla. En el estadio de La Cartuja de la capital andaluza se disputar\u00e1n la fase de grupos y los octavos de final. La Roja ejercer\u00e1 de anfitriona en los tres partidos de la fase de grupos, primero ante Suecia (14 de junio), luego Polonia (19 de junio) y finalmente Eslovaquia (23 de junio).<\/p>\n","protected":false},"excerpt":{"rendered":"Como socio de movilidad, Volkswagen cede sus nuevos modelos 100% el\u00e9ctricos de la nueva familia ID. a la UEFA para sus desplazamientos El trofeo de la EURO 2020 recorri\u00f3 hace unas semanas Sevilla a bordo","protected":false},"author":7,"featured_media":51499,"comment_status":"open","ping_status":"open","sticky":false,"template":"","format":"standard","meta":{"_acf_changed":false,"ep_exclude_from_search":false,"footnotes":""},"categories":[287],"tags":[],"class_list":["post-51497","post","type-post","status-publish","format-standard","has-post-thumbnail","hentry","category-acciones-de-marketing"],"acf":[],"_links":{"self":[{"href":"https:\/\/www.volkswagen.es\/comunicacion\/wp-json\/wp\/v2\/posts\/51497","targetHints":{"allow":["GET"]}}],"collection":[{"href":"https:\/\/www.volkswagen.es\/comunicacion\/wp-json\/wp\/v2\/posts"}],"about":[{"href":"https:\/\/www.volkswagen.es\/comunicacion\/wp-json\/wp\/v2\/types\/post"}],"author":[{"embeddable":true,"href":"https:\/\/www.volkswagen.es\/comunicacion\/wp-json\/wp\/v2\/users\/7"}],"replies":[{"embeddable":true,"href":"https:\/\/www.volkswagen.es\/comunicacion\/wp-json\/wp\/v2\/comments?post=51497"}],"version-history":[{"count":1,"href":"https:\/\/www.volkswagen.es\/comunicacion\/wp-json\/wp\/v2\/posts\/51497\/revisions"}],"predecessor-version":[{"id":51500,"href":"https:\/\/www.volkswagen.es\/comunicacion\/wp-json\/wp\/v2\/posts\/51497\/revisions\/51500"}],"wp:featuredmedia":[{"embeddable":true,"href":"https:\/\/www.volkswagen.es\/comunicacion\/wp-json\/wp\/v2\/media\/51499"}],"wp:attachment":[{"href":"https:\/\/www.volkswagen.es\/comunicacion\/wp-json\/wp\/v2\/media?parent=51497"}],"wp:term":[{"taxonomy":"category","embeddable":true,"href":"https:\/\/www.volkswagen.es\/comunicacion\/wp-json\/wp\/v2\/categories?post=51497"},{"taxonomy":"post_tag","embeddable":true,"href":"https:\/\/www.volkswagen.es\/comunicacion\/wp-json\/wp\/v2\/tags?post=51497"}],"curies":[{"name":"wp","href":"https:\/\/api.w.org\/{rel}","templated":true}]}}