{"id":50829,"date":"2021-04-21T00:00:00","date_gmt":"2021-04-21T00:00:00","guid":{"rendered":"https:\/\/www.volkswagen.es\/2021\/04\/21\/la-ofensiva-electrica-en-china-sigue-ganando-impulso-estreno-mundial-del-id-6\/"},"modified":"2021-06-03T11:51:39","modified_gmt":"2021-06-03T11:51:39","slug":"la-ofensiva-electrica-en-china-sigue-ganando-impulso-estreno-mundial-del-id-6","status":"publish","type":"post","link":"https:\/\/www.volkswagen.es\/comunicacion\/la-ofensiva-electrica-en-china-sigue-ganando-impulso-estreno-mundial-del-id-6\/","title":{"rendered":"La ofensiva el\u00e9ctrica en China sigue ganando impulso: Estreno mundial del ID.6"},"content":{"rendered":"<p ><span>\u00abCon el nuevo ID.6, estamos sentando las bases para que, por lo menos, el 50% de nuestros coches vendidos en China sean el\u00e9ctricos de aqu\u00ed a 2030\u00bb, dijo Ralf Brandst\u00e4tter, Consejero Delegado de la marca Volkswagen. \u00abEstamos manteniendo el impulso y ampliando gradualmente nuestra gama de coches MEB: para el 2023, Volkswagen tendr\u00e1 un total de ocho modelos ID. en China, llevando la MEB al conjunto del pa\u00eds. Las econom\u00edas de escala que hemos logrado nos permiten ofrecer la \u00faltima tecnolog\u00eda a un precio asequible y, por lo tanto, expandir nuestra ofensiva el\u00e9ctrica\u00bb.<\/span><\/p>\n<p ><span>Como los compactos ID.3 e ID.4, el tercer miembro de la familia totalmente el\u00e9ctrica tambi\u00e9n se basa en la Plataforma Modular de Propulsi\u00f3n El\u00e9ctrica (MEB). El ID.6 aprovecha plenamente las ventajas de la MEB: esta permite ofrecer de forma consistente productos de alta calidad por todo el mundo, con est\u00e1ndares igualmente elevados, y tambi\u00e9n deja margen suficiente para desarrollar modelos individuales espec\u00edficamente adaptados a ciertos mercados y regiones del mundo. El ID.6 est\u00e1 hecho espec\u00edficamente a medida de las necesidades y deseos de los clientes chinos en t\u00e9rminos de espacio, funcionalidad, dise\u00f1o y, en particular, experiencia de usuario.<\/span><\/p>\n<p ><span>El ID.6 incluye numerosas innovaciones: el modelo m\u00e1s espacioso de la familia ID. hasta la fecha ha optado por ofrecer una gran cantidad de espacio interior, y crea acentos de dise\u00f1o con la iluminaci\u00f3n y los materiales utilizados. Disponible en cuatro configuraciones, con una autonom\u00eda de hasta 588 km (China NEDC) y 225 kW de potencia, as\u00ed como los sistemas MEB IQ.Drive de serie, con el ID.6 pueden viajar hasta siete personas con poder\u00edo, estilo y seguridad.<\/span><\/p>\n<p ><span>Las dos bater\u00edas disponibles tienen una capacidad neta de 58 kWh y 77 kWh, y permiten alcanzar autonom\u00edas de entre 436 y 588 km (China NEDC). La bater\u00eda est\u00e1 situada debajo de la cabina de los pasajeros, lo que garantiza un centro de gravedad bajo. Los <a>motores el\u00e9ctricos <\/a><span>de la versi\u00f3n 4MOTION entregan una potencia de 225 kW (305 CV), suficiente para acelerar de 0 a 100 km\/h en 6,6 segundos y alcanzar una velocidad punta de 160 km\/h.<\/span><\/span><\/p>\n<p ><b>La familia ID. est\u00e1 creciendo: una gran distancia entre ejes y 30 cent\u00edmetros de longitud adicionales se traducen en mucho espacio para los pasajeros<\/b><\/p>\n<p ><span>El ID.6, de 4,88 metros, utiliza la arquitectura de la Plataforma Modular de Propulsi\u00f3n El\u00e9ctrica (MEB) del Grupo Volkswagen, introduciendo una separaci\u00f3n innovadora ente las \u00e1reas para las personas y la tecnolog\u00eda, lo que supone un beneficio para los pasajeros. Con la ayuda de 30 cent\u00edmetros de longitud adicionales respecto al ID.4, el ID.6 acomoda una tercera fila de asientos. Los equipamientos del ID.6 incluyen llantas de entre 19 y 21 pulgadas, una segunda fila de asientos longitudinalmente ajustables y un gran techo panor\u00e1mico de cristal. Opcionalmente, puede equiparse con un techo solar que se abre.<\/span><\/p>\n<p ><b>Un concepto operativo contempor\u00e1neo y t\u00edpico del ID.<\/b><\/p>\n<p ><span>El SUV el\u00e9ctrico viene sin ning\u00fan bot\u00f3n o interruptor f\u00edsico. El concepto operativo utiliza un monitor de 12 pulgadas con pantalla t\u00e1ctil \u00bb y el control de voz \u00abHello ID.\u00bb. La innovadora funci\u00f3n ID. Light \u00bb una delgada tira luminosa situada debajo del parabrisas \u00bb proporciona apoyo intuitivo al conductor. Opcionalmente, est\u00e1 disponible el head-up display con realidad aumentada, que fusiona algunas notificaciones con la realidad. Por ejemplo, las flechas de direcci\u00f3n del sistema de navegaci\u00f3n se proyectan en el carril correcto de la calzada. Los sistemas de asistencia IQ.Drive hacen que conducir sea una actividad m\u00e1s relajada, en particular el Travel Assist. El software y el hardware del ID.6 tienen una arquitectura de dise\u00f1o innovadora, que permite a los clientes seguir actualizando su coche tras la compra.<\/span><\/p>\n<p ><b>La estrategia ACCELERATE de Volkswagen: el futuro de la movilidad es el\u00e9ctrico<\/b><\/p>\n<p ><span>Volkswagen enfoca con determinaci\u00f3n las tem\u00e1ticas de futuro que son la digitalizaci\u00f3n, los nuevos modelos de negocio y la conducci\u00f3n aut\u00f3noma. Recientemente, con la familia ID., una nueva gama independiente de productos, Volkswagen ha ampliado el porfolio de productos tradicional de la marca. Tras el compacto ID.3 y el SUV ID.4, el ID.6 es el tercer modelo totalmente el\u00e9ctrico. Con el ID.6, Volkswagen estar\u00e1 representado en el segmento SUV, que actualmente est\u00e1 experimentando un boom a nivel global.<\/span><\/p>\n<p ><span>El ID.6 se producir\u00e1 en las plantas chinas de Anting y Foshang, y solo estar\u00e1 disponible para el mercado chino en estas dos variantes. En el marco de la estrategia ACCELERATE de la marca, Volkswagen est\u00e1 acelerando la ofensiva de electrificaci\u00f3n para convertirse en el l\u00edder global en materia de movilidad el\u00e9ctrica. Esta se fundamenta en el lanzamiento de un nuevo coche MEB cada a\u00f1o, con el objetivo de alcanzar vol\u00famenes elevados y cubrir todos los segmentos. Ello pone de relieve el objetivo de la marca de que por lo menos el 70% de los coches vendidos en Europa sean el\u00e9ctricos de aqu\u00ed a 2030 y, por lo menos, un 50% en Am\u00e9rica del Norte y China.<\/span><\/p>\n","protected":false},"excerpt":{"rendered":"Revelada la familia SUV completamente el\u00e9ctrica en el Auto Shanghai 2021 Regionalizaci\u00f3n de la Plataforma Modular de Propulsi\u00f3n El\u00e9ctrica (MEB): primer modelo de la familia ID. desarrollado espec\u00edficamente para un solo mercado El ID.6 tiene","protected":false},"author":1,"featured_media":50834,"comment_status":"open","ping_status":"open","sticky":false,"template":"","format":"standard","meta":{"_acf_changed":false,"ep_exclude_from_search":false,"footnotes":""},"categories":[293],"tags":[],"class_list":["post-50829","post","type-post","status-publish","format-standard","has-post-thumbnail","hentry","category-familia-id"],"acf":[],"_links":{"self":[{"href":"https:\/\/www.volkswagen.es\/comunicacion\/wp-json\/wp\/v2\/posts\/50829","targetHints":{"allow":["GET"]}}],"collection":[{"href":"https:\/\/www.volkswagen.es\/comunicacion\/wp-json\/wp\/v2\/posts"}],"about":[{"href":"https:\/\/www.volkswagen.es\/comunicacion\/wp-json\/wp\/v2\/types\/post"}],"author":[{"embeddable":true,"href":"https:\/\/www.volkswagen.es\/comunicacion\/wp-json\/wp\/v2\/users\/1"}],"replies":[{"embeddable":true,"href":"https:\/\/www.volkswagen.es\/comunicacion\/wp-json\/wp\/v2\/comments?post=50829"}],"version-history":[{"count":1,"href":"https:\/\/www.volkswagen.es\/comunicacion\/wp-json\/wp\/v2\/posts\/50829\/revisions"}],"predecessor-version":[{"id":51391,"href":"https:\/\/www.volkswagen.es\/comunicacion\/wp-json\/wp\/v2\/posts\/50829\/revisions\/51391"}],"wp:featuredmedia":[{"embeddable":true,"href":"https:\/\/www.volkswagen.es\/comunicacion\/wp-json\/wp\/v2\/media\/50834"}],"wp:attachment":[{"href":"https:\/\/www.volkswagen.es\/comunicacion\/wp-json\/wp\/v2\/media?parent=50829"}],"wp:term":[{"taxonomy":"category","embeddable":true,"href":"https:\/\/www.volkswagen.es\/comunicacion\/wp-json\/wp\/v2\/categories?post=50829"},{"taxonomy":"post_tag","embeddable":true,"href":"https:\/\/www.volkswagen.es\/comunicacion\/wp-json\/wp\/v2\/tags?post=50829"}],"curies":[{"name":"wp","href":"https:\/\/api.w.org\/{rel}","templated":true}]}}