{"id":50821,"date":"2021-04-20T00:00:00","date_gmt":"2021-04-20T00:00:00","guid":{"rendered":"https:\/\/www.volkswagen.es\/2021\/04\/20\/el-volkswagen-id-4-nombrado-world-car-of-the-year-2021\/"},"modified":"2021-06-03T11:52:43","modified_gmt":"2021-06-03T11:52:43","slug":"el-volkswagen-id-4-nombrado-world-car-of-the-year-2021","status":"publish","type":"post","link":"https:\/\/www.volkswagen.es\/comunicacion\/el-volkswagen-id-4-nombrado-world-car-of-the-year-2021\/","title":{"rendered":"El Volkswagen ID.4 nombrado World Car Of The Year 2021"},"content":{"rendered":"<p ><span>\u00abEstamos especialmente satisfechos de que nuestro ID.4 haya sido nombrado World Car of the Year\u00bb, afirma Ralf Brandst\u00e4tter, Consejero Delegado de Volkswagen. \u00abNo solo porque es uno de los premios automovil\u00edsticos m\u00e1s importantes del mundo, sino porque el jurado tambi\u00e9n reconoci\u00f3 una gran idea y un gran equipo. El primer modelo ID. dirigido a los mercados clave de Europa, China y EE. UU. lleva nuestra ofensiva el\u00e9ctrica por todo el mundo. Un coche convincente, una gran idea, \u00bfy el premio al coche mundial del a\u00f1o? \u00a1Es una gran combinaci\u00f3n!\u00bb.<\/span><\/p>\n<p ><span>Los veh\u00edculos candidatos al premio World Car of the Year deben cumplir los requisitos m\u00ednimos de 10.000 unidades por a\u00f1o fabricadas y ofrecerse en al menos dos continentes.<\/span><\/p>\n<p ><span>\u00abEl premio al World Car of the Year marca un gran \u00e9xito para todo nuestro equipo ID.\u00bb, dice Thomas Ulbrich, responsable de Desarrollo T\u00e9cnico de la marca Volkswagen. \u00abHemos tenido \u00e9xito en el desarrollo de un autom\u00f3vil que inicia el cambio de sistema a la movilidad el\u00e9ctrica en el segmento m\u00e1s importante de SUV compactos del mundo y, adem\u00e1s, ofrece una excelente usabilidad diaria. Con \u00e9l, el ID.3 y los pr\u00f3ximos modelos ID. estamos consiguiendo que la movilidad el\u00e9ctrica en el mercado de volumen sea algo que todos puedan experimentar\u00bb.<\/span><\/p>\n<p >El jurado elogi\u00f3 el respeto al medio ambiente que supone la ausencia de emisiones directas, as\u00ed como alguna de las caracter\u00edsticas m\u00e1s innovadoras del ID.4. Un ejemplo es el Head-up display con realidad aumentada, disponible opcionalmente, que proyecta informaci\u00f3n importante en el parabrisas, como las flechas de giro del sistema de navegaci\u00f3n. El conductor ve esta informaci\u00f3n como una imagen tridimensional situada a una distancia virtual de entre tres y diez metros por delante del veh\u00edculo, lo que supone que la pantalla se integra perfectamente en el mundo exterior real. Cuando el Control de Crucero Adaptativo (ACC) o el Travel Assist (opcional) est\u00e1n activos, el veh\u00edculo frente al ID.4 se resalta con una marca luminosa en la pantalla de visualizaci\u00f3n frontal para poder mantener la distancia requerida.<\/p>\n<p >El ID.4 tambi\u00e9n establece nuevos est\u00e1ndares en cuanto a digitalizaci\u00f3n. Antes del final de verano podr\u00e1 recibir actualizaciones peri\u00f3dicas y nuevas funciones de manera inal\u00e1mbrica \u00abOver the Air\u00bb, convirtiendo a Volkswagen es la primera marca en el segmento de volumen en ofrecerlas. De esta manera, el veh\u00edculo estar\u00e1 siempre actualizado, un requisito clave para desarrollar nuevos modelos comerciales.<\/p>\n<p >Con este galard\u00f3n en la 17\u00aa edici\u00f3n del premio World Car of the Year, el ID.4 contin\u00faa la historia de \u00e9xito de Volkswagen en este certamen. El nuevo SUV el\u00e9ctrico no solo est\u00e1 recibiendo una buena acogida por parte de la prensa especializada, sino tambi\u00e9n por los clientes. Volkswagen planea entregar alrededor de 150.000 ID.4 en todo el mundo a lo largo de este a\u00f1o. La ofensiva el\u00e9ctrica es uno de los pilares centrales de la estrategia ACCELERATE de Volkswagen. La compa\u00f1\u00eda planea lanzar al menos un nuevo modelo totalmente el\u00e9ctrico al mercado cada a\u00f1o.<\/p>\n<p >Debido a la pandemia de COVID 19, la ceremonia de entrega de premios de los World Car Awards se llev\u00f3 a cabo de forma digital. Puede verse completa a trav\u00e9s de YouTube: <a href=\"https:\/\/www.youtube.com\/channel\/UCtyNFX50FY21kAq9N1RMINg\">YouTube.com\/worldcartv<\/a>.<\/p>\n<p ><b>Ganadores Volkswagen en los World Car Awards: <\/b><\/p>\n<p >2009: Golf (World Car of the Year) <\/p>\n<p >2010: Polo (World Car of the Year)<\/p>\n<p >2011: up! (World Car of the Year)<\/p>\n<p >2013: Golf (World Car of the Year)<\/p>\n<p >2021: ID.4 (World Car of the Year)<\/p>\n","protected":false},"excerpt":{"rendered":"El primer SUV basado en la innovadora matriz de propulsi\u00f3n el\u00e9ctrica modular (MEB) recibe la mayor cantidad de votos de los 93 jurados internacionales El ID.4 convence por su innovaci\u00f3n y por su tecnolog\u00eda sin","protected":false},"author":1,"featured_media":50824,"comment_status":"open","ping_status":"open","sticky":false,"template":"","format":"standard","meta":{"_acf_changed":false,"ep_exclude_from_search":false,"footnotes":""},"categories":[205],"tags":[],"class_list":["post-50821","post","type-post","status-publish","format-standard","has-post-thumbnail","hentry","category-id-4"],"acf":[],"_links":{"self":[{"href":"https:\/\/www.volkswagen.es\/comunicacion\/wp-json\/wp\/v2\/posts\/50821","targetHints":{"allow":["GET"]}}],"collection":[{"href":"https:\/\/www.volkswagen.es\/comunicacion\/wp-json\/wp\/v2\/posts"}],"about":[{"href":"https:\/\/www.volkswagen.es\/comunicacion\/wp-json\/wp\/v2\/types\/post"}],"author":[{"embeddable":true,"href":"https:\/\/www.volkswagen.es\/comunicacion\/wp-json\/wp\/v2\/users\/1"}],"replies":[{"embeddable":true,"href":"https:\/\/www.volkswagen.es\/comunicacion\/wp-json\/wp\/v2\/comments?post=50821"}],"version-history":[{"count":2,"href":"https:\/\/www.volkswagen.es\/comunicacion\/wp-json\/wp\/v2\/posts\/50821\/revisions"}],"predecessor-version":[{"id":51393,"href":"https:\/\/www.volkswagen.es\/comunicacion\/wp-json\/wp\/v2\/posts\/50821\/revisions\/51393"}],"wp:featuredmedia":[{"embeddable":true,"href":"https:\/\/www.volkswagen.es\/comunicacion\/wp-json\/wp\/v2\/media\/50824"}],"wp:attachment":[{"href":"https:\/\/www.volkswagen.es\/comunicacion\/wp-json\/wp\/v2\/media?parent=50821"}],"wp:term":[{"taxonomy":"category","embeddable":true,"href":"https:\/\/www.volkswagen.es\/comunicacion\/wp-json\/wp\/v2\/categories?post=50821"},{"taxonomy":"post_tag","embeddable":true,"href":"https:\/\/www.volkswagen.es\/comunicacion\/wp-json\/wp\/v2\/tags?post=50821"}],"curies":[{"name":"wp","href":"https:\/\/api.w.org\/{rel}","templated":true}]}}