{"id":50817,"date":"2021-04-20T00:00:00","date_gmt":"2021-04-20T00:00:00","guid":{"rendered":"https:\/\/www.volkswagen.es\/2021\/04\/20\/nuevo-volkswagen-polo-el-estreno-mundial-virtual-sera-el-22-de-abril\/"},"modified":"2021-06-03T11:53:14","modified_gmt":"2021-06-03T11:53:14","slug":"nuevo-volkswagen-polo-el-estreno-mundial-virtual-sera-el-22-de-abril","status":"publish","type":"post","link":"https:\/\/www.volkswagen.es\/comunicacion\/nuevo-volkswagen-polo-el-estreno-mundial-virtual-sera-el-22-de-abril\/","title":{"rendered":"Nuevo Volkswagen Polo: El estreno mundial virtual ser\u00e1 el 22 de abril"},"content":{"rendered":"<p >Ya sea como la versi\u00f3n notchback en los a\u00f1os 70, el legendario Polo Coup\u00e9 G40, el moderno Cross Polo, el Polo TGI<sup>1\u00a0<\/sup>impulsado por gas natural o el extremadamente deportivo Polo GTI<sup>2<\/sup>, Volkswagen ha producido a lo largo de d\u00e9cadas modelos de Polo pioneros, econ\u00f3micos, deportivos y, a veces, poco convencionales. Al igual que hizo con el Golf, Volkswagen consigui\u00f3 casi lo imposible en t\u00e9rminos de dise\u00f1o: cre\u00f3 un coche peque\u00f1o que es elegante y tiene un dise\u00f1o atemporal, y lo situ\u00f3 en un segmento sensible al precio, algo que se ha mantenido con todas las generaciones del Polo. La nueva versi\u00f3n del Polo tambi\u00e9n contin\u00faa esta evoluci\u00f3n. Los bocetos que muestran las nuevas bandas luminosas y los faros LED en la parrilla delantera dan una primera impresi\u00f3n de su dise\u00f1o optimizado.<\/p>\n<p >Pronto se dispondr\u00e1 de toda la informaci\u00f3n, ya que el estreno mundial virtual del nuevo Polo tendr\u00e1 lugar este jueves, 22 de abril, a las 11 horas (<a href=\"https:\/\/www.volkswagen-newsroom.com\/en\/live-stream-5455\"><b><font color=\"#3300ff\">enlace<\/font><\/b><\/a>). Pero hay algo que est\u00e1 claro: adem\u00e1s del dise\u00f1o, tambi\u00e9n se ha revisado la estructura de la oferta de este superventas. Las nuevas tecnolog\u00edas se abren paso, los instrumentos se vuelven m\u00e1s digitales y, gracias a una mayor interconexi\u00f3n, los ocupantes est\u00e1n \u00absiempre conectados\u00bb \u00bb todo para que pueda continuar la historia de \u00e9xito de este veh\u00edculo.<\/p>\n<p >1. Polo TGI GNC &#8211; consumo de combustible en kg\/100 km: urbano 4,2-4,1 \/ extraurbano 2,9-2,7 \/ combinado 3,4-3,3; emisiones combinadas de CO2 en g\/km: 93-89; categor\u00eda de eficiencia: A+<\/p>\n<p >2. Polo GTI &#8211; consumo de combustible en l\/100 km: urbano 7,7, extraurbano 4,9, combinado 5,9; emisiones combinadas de CO2 en g\/km: 134; categor\u00eda de eficiencia: C.<\/p>\n","protected":false},"excerpt":{"rendered":"El dise\u00f1o, las tecnolog\u00edas y la matriz de especificaciones del superventas han sido objeto de una amplia actualizaci\u00f3n Un primer boceto muestra un anticipo del dise\u00f1o de la luz en el frontal del nuevo modelo","protected":false},"author":1,"featured_media":50820,"comment_status":"open","ping_status":"open","sticky":false,"template":"","format":"standard","meta":{"_acf_changed":false,"ep_exclude_from_search":false,"footnotes":""},"categories":[213],"tags":[],"class_list":["post-50817","post","type-post","status-publish","format-standard","has-post-thumbnail","hentry","category-polo-polo"],"acf":[],"_links":{"self":[{"href":"https:\/\/www.volkswagen.es\/comunicacion\/wp-json\/wp\/v2\/posts\/50817","targetHints":{"allow":["GET"]}}],"collection":[{"href":"https:\/\/www.volkswagen.es\/comunicacion\/wp-json\/wp\/v2\/posts"}],"about":[{"href":"https:\/\/www.volkswagen.es\/comunicacion\/wp-json\/wp\/v2\/types\/post"}],"author":[{"embeddable":true,"href":"https:\/\/www.volkswagen.es\/comunicacion\/wp-json\/wp\/v2\/users\/1"}],"replies":[{"embeddable":true,"href":"https:\/\/www.volkswagen.es\/comunicacion\/wp-json\/wp\/v2\/comments?post=50817"}],"version-history":[{"count":1,"href":"https:\/\/www.volkswagen.es\/comunicacion\/wp-json\/wp\/v2\/posts\/50817\/revisions"}],"predecessor-version":[{"id":51394,"href":"https:\/\/www.volkswagen.es\/comunicacion\/wp-json\/wp\/v2\/posts\/50817\/revisions\/51394"}],"wp:featuredmedia":[{"embeddable":true,"href":"https:\/\/www.volkswagen.es\/comunicacion\/wp-json\/wp\/v2\/media\/50820"}],"wp:attachment":[{"href":"https:\/\/www.volkswagen.es\/comunicacion\/wp-json\/wp\/v2\/media?parent=50817"}],"wp:term":[{"taxonomy":"category","embeddable":true,"href":"https:\/\/www.volkswagen.es\/comunicacion\/wp-json\/wp\/v2\/categories?post=50817"},{"taxonomy":"post_tag","embeddable":true,"href":"https:\/\/www.volkswagen.es\/comunicacion\/wp-json\/wp\/v2\/tags?post=50817"}],"curies":[{"name":"wp","href":"https:\/\/api.w.org\/{rel}","templated":true}]}}