{"id":50813,"date":"2021-04-16T00:00:00","date_gmt":"2021-04-16T00:00:00","guid":{"rendered":"https:\/\/www.volkswagen.es\/2021\/04\/16\/la-nueva-marca-deportiva-gtx-llega-a-la-familia-id\/"},"modified":"2021-06-03T11:53:40","modified_gmt":"2021-06-03T11:53:40","slug":"la-nueva-marca-deportiva-gtx-llega-a-la-familia-id","status":"publish","type":"post","link":"https:\/\/www.volkswagen.es\/comunicacion\/la-nueva-marca-deportiva-gtx-llega-a-la-familia-id\/","title":{"rendered":"La nueva marca deportiva GTX llega a la familia ID."},"content":{"rendered":"<p >\u00abLas letras GT representan desde hace mucho tiempo el placer de conducir\u00bb, explica Klaus Zellmer, miembro del Consejo para Marketing y Ventas de la marca Volkswagen. \u00abAhora, la X construye el puente hacia la movilidad del futuro. La sostenibilidad y la deportividad no se excluyen mutuamente, sino que se complementan de forma inteligente\u00bb.<\/p>\n<p >Los\u00a0modelos GTX destacan por su rendimiento y dise\u00f1o. Un motor el\u00e9ctrico adicional en el eje delantero lleva la tracci\u00f3n total el\u00e9ctrica a la familia ID. dise\u00f1ada para la m\u00e1xima eficiencia. El motor adicional se enciende de forma inteligente en pocos milisegundos cuando se exigen las m\u00e1ximas prestaciones o se requiere una mayor tracci\u00f3n. En el nuevo modo de conducci\u00f3n \u00abTracci\u00f3n\u00bb, incluso se activa permanentemente. Adem\u00e1s, los detalles de dise\u00f1o deportivo y su propia firma luminosa subrayan el rendimiento superior de los modelos GTX.<\/p>\n<p><!--[if gte vml 1]&gt;                               &lt;![endif]--><!--[if !vml]--><\/p>\n<p >La nueva marca dentro de la familia ID. da un nuevo impulso a la estrategia corporativa ACCELERATE. Volkswagen quiere convertirse en la marca m\u00e1s deseada para la movilidad sostenible. El objetivo es aumentar el porcentaje de ventas de veh\u00edculos el\u00e9ctricos puros en Europa al 70 por ciento para 2030. Volkswagen quiere convertirse en una compa\u00f1\u00eda CO<sup>2<\/sup> neutral para 2050, y hasta 2025 se invertir\u00e1n alrededor de 16.000 millones de euros en movilidad el\u00e9ctrica, hibridaci\u00f3n y digitalizaci\u00f3n.<\/p>\n","protected":false},"excerpt":{"rendered":". Despu\u00e9s de GTI y GTE, la nueva marca contin\u00faa la exitosa historia de los modelos de altas prestaciones de Volkswagen, ahora en el mundo el\u00e9ctrico Tracci\u00f3n integral a las cuatro ruedas con rendimiento inteligente:","protected":false},"author":1,"featured_media":50816,"comment_status":"open","ping_status":"open","sticky":false,"template":"","format":"standard","meta":{"_acf_changed":false,"ep_exclude_from_search":false,"footnotes":""},"categories":[293],"tags":[],"class_list":["post-50813","post","type-post","status-publish","format-standard","has-post-thumbnail","hentry","category-familia-id"],"acf":[],"_links":{"self":[{"href":"https:\/\/www.volkswagen.es\/comunicacion\/wp-json\/wp\/v2\/posts\/50813","targetHints":{"allow":["GET"]}}],"collection":[{"href":"https:\/\/www.volkswagen.es\/comunicacion\/wp-json\/wp\/v2\/posts"}],"about":[{"href":"https:\/\/www.volkswagen.es\/comunicacion\/wp-json\/wp\/v2\/types\/post"}],"author":[{"embeddable":true,"href":"https:\/\/www.volkswagen.es\/comunicacion\/wp-json\/wp\/v2\/users\/1"}],"replies":[{"embeddable":true,"href":"https:\/\/www.volkswagen.es\/comunicacion\/wp-json\/wp\/v2\/comments?post=50813"}],"version-history":[{"count":1,"href":"https:\/\/www.volkswagen.es\/comunicacion\/wp-json\/wp\/v2\/posts\/50813\/revisions"}],"predecessor-version":[{"id":51395,"href":"https:\/\/www.volkswagen.es\/comunicacion\/wp-json\/wp\/v2\/posts\/50813\/revisions\/51395"}],"wp:featuredmedia":[{"embeddable":true,"href":"https:\/\/www.volkswagen.es\/comunicacion\/wp-json\/wp\/v2\/media\/50816"}],"wp:attachment":[{"href":"https:\/\/www.volkswagen.es\/comunicacion\/wp-json\/wp\/v2\/media?parent=50813"}],"wp:term":[{"taxonomy":"category","embeddable":true,"href":"https:\/\/www.volkswagen.es\/comunicacion\/wp-json\/wp\/v2\/categories?post=50813"},{"taxonomy":"post_tag","embeddable":true,"href":"https:\/\/www.volkswagen.es\/comunicacion\/wp-json\/wp\/v2\/tags?post=50813"}],"curies":[{"name":"wp","href":"https:\/\/api.w.org\/{rel}","templated":true}]}}