{"id":50799,"date":"2021-03-31T00:00:00","date_gmt":"2021-03-31T00:00:00","guid":{"rendered":"https:\/\/www.volkswagen.es\/2021\/03\/31\/volkswagen-comienza-las-entregas-del-nuevo-id-4-en-espana\/"},"modified":"2021-06-03T12:45:45","modified_gmt":"2021-06-03T12:45:45","slug":"volkswagen-comienza-las-entregas-del-nuevo-id-4-en-espana","status":"publish","type":"post","link":"https:\/\/www.volkswagen.es\/comunicacion\/volkswagen-comienza-las-entregas-del-nuevo-id-4-en-espana\/","title":{"rendered":"Volkswagen comienza las entregas del nuevo ID.4 en Espa\u00f1a"},"content":{"rendered":"<p >Los veh\u00edculos que se han comenzado a entregar corresponden a las dos versiones especiales de lanzamiento, 1<sup>st<\/sup> y 1<sup>st<\/sup> Max, que equipan un motor de 150 kW (204 CV) de potencia, con una velocidad punta de 160 km\/h y una aceleraci\u00f3n de 0 a 100 km\/h en 8,5 segundos. Su bater\u00eda de 77 kWh les permite alcanzar una autonom\u00eda de 522 km en ciclo WLTP.<\/p>\n<p >Hasta finales de febrero ya se hab\u00edan recibido 23.500 pedidos de ID.4 en toda Europa y Volkswagen planea entregar en 2021 alrededor de 150.000 unidades de este modelo en todo el mundo. Esto supone aproximadamente un tercio de la producci\u00f3n total de veh\u00edculos el\u00e9ctricos en el a\u00f1o.<\/p>\n<p >La fuerte ofensiva el\u00e9ctrica es un punto clave de la reci\u00e9n presentada estrategia ACCELERATE, que contempla a\u00f1adir este a\u00f1o a la gama el ID.4 GTX, el ID.5 coup\u00e9 y el ID.6 X\/CROZZ para el mercado chino.<\/p>\n<p ><b>Liderazgo digital<\/b>\u00a0<\/p>\n<p >Adem\u00e1s de representar un hito en la apuesta el\u00e9ctrica de Volkswagen, el ID.4 tambi\u00e9n establece nuevos est\u00e1ndares en digitalizaci\u00f3n. Por ejemplo, podr\u00e1 recibir actualizaciones y nuevas funciones peri\u00f3dicamente de forma inal\u00e1mbrica. Volkswagen ser\u00e1 el primer fabricante de volumen en ofrecer esta caracter\u00edstica a partir del verano de este a\u00f1o y como resultado, el veh\u00edculo que hoy recogen estos primeros clientes, estar\u00e1 siempre actualizado.<\/p>\n","protected":false},"excerpt":{"rendered":"Los primeros clientes de ID.4 ya han podido recoger esta semana sus veh\u00edculos en diferentes concesionarios de todo el pa\u00eds Los coches entregados corresponden a las versiones especiales de lanzamiento 1st y 1st Max Gran","protected":false},"author":1,"featured_media":50803,"comment_status":"open","ping_status":"open","sticky":false,"template":"","format":"standard","meta":{"_acf_changed":false,"ep_exclude_from_search":false,"footnotes":""},"categories":[205],"tags":[],"class_list":["post-50799","post","type-post","status-publish","format-standard","has-post-thumbnail","hentry","category-id-4"],"acf":[],"_links":{"self":[{"href":"https:\/\/www.volkswagen.es\/comunicacion\/wp-json\/wp\/v2\/posts\/50799","targetHints":{"allow":["GET"]}}],"collection":[{"href":"https:\/\/www.volkswagen.es\/comunicacion\/wp-json\/wp\/v2\/posts"}],"about":[{"href":"https:\/\/www.volkswagen.es\/comunicacion\/wp-json\/wp\/v2\/types\/post"}],"author":[{"embeddable":true,"href":"https:\/\/www.volkswagen.es\/comunicacion\/wp-json\/wp\/v2\/users\/1"}],"replies":[{"embeddable":true,"href":"https:\/\/www.volkswagen.es\/comunicacion\/wp-json\/wp\/v2\/comments?post=50799"}],"version-history":[{"count":2,"href":"https:\/\/www.volkswagen.es\/comunicacion\/wp-json\/wp\/v2\/posts\/50799\/revisions"}],"predecessor-version":[{"id":51398,"href":"https:\/\/www.volkswagen.es\/comunicacion\/wp-json\/wp\/v2\/posts\/50799\/revisions\/51398"}],"wp:featuredmedia":[{"embeddable":true,"href":"https:\/\/www.volkswagen.es\/comunicacion\/wp-json\/wp\/v2\/media\/50803"}],"wp:attachment":[{"href":"https:\/\/www.volkswagen.es\/comunicacion\/wp-json\/wp\/v2\/media?parent=50799"}],"wp:term":[{"taxonomy":"category","embeddable":true,"href":"https:\/\/www.volkswagen.es\/comunicacion\/wp-json\/wp\/v2\/categories?post=50799"},{"taxonomy":"post_tag","embeddable":true,"href":"https:\/\/www.volkswagen.es\/comunicacion\/wp-json\/wp\/v2\/tags?post=50799"}],"curies":[{"name":"wp","href":"https:\/\/api.w.org\/{rel}","templated":true}]}}