{"id":50796,"date":"2021-03-30T00:00:00","date_gmt":"2021-03-30T00:00:00","guid":{"rendered":"https:\/\/www.volkswagen.es\/2021\/03\/30\/el-tercer-modelo-de-volkswagen-navarra-ya-tiene-nombre-taigo\/"},"modified":"2021-11-19T18:12:30","modified_gmt":"2021-11-19T18:12:30","slug":"el-tercer-modelo-de-volkswagen-navarra-ya-tiene-nombre-taigo","status":"publish","type":"post","link":"https:\/\/www.volkswagen.es\/comunicacion\/el-tercer-modelo-de-volkswagen-navarra-ya-tiene-nombre-taigo\/","title":{"rendered":"El tercer modelo de Volkswagen Navarra ya tiene nombre: Taigo"},"content":{"rendered":"<p >Se incorpora al creciente segmento CUV (Veh\u00edculo Utilitario Crossover) que combina la posici\u00f3n elevada de los asientos con una silueta coup\u00e9 deportiva. El nuevo Taigo se lanzar\u00e1 al mercado con eficientes motores TSI, faros delanteros LED de serie, un concepto operativo moderno, un interior completamente digitalizado y una multitud de sistemas de asistencia.<\/p>\n<p >El Taigo est\u00e1 basado en el exitoso modelo Nivus de Brasil, y se fabricar\u00e1 para el mercado europeo en Pamplona, Espa\u00f1a. El nuevo CUV se estrenar\u00e1 este verano y se lanzar\u00e1 al mercado a finales de 2021.<\/p>\n<p ><i><sup>1<\/sup><\/i><i>Este veh\u00edculo es un prototipo cercano a la producci\u00f3n en serie y todav\u00eda no est\u00e1 disponible para la venta en Europa.<\/i><\/p>\n","protected":false},"excerpt":{"rendered":"Volkswagen ofrece un primer vistazo de su nuevo SUV coup\u00e9 deportivo, que se lanzar\u00e1 a finales de a\u00f1o Con el Taigo la marca incorpora un modelo crossover deportivo a la gama SUV de Volkswagen, en","protected":false},"author":1,"featured_media":50798,"comment_status":"open","ping_status":"open","sticky":false,"template":"","format":"standard","meta":{"_acf_changed":false,"ep_exclude_from_search":false,"footnotes":""},"categories":[325,303],"tags":[],"class_list":["post-50796","post","type-post","status-publish","format-standard","has-post-thumbnail","hentry","category-taigo","category-vw-navarra"],"acf":[],"_links":{"self":[{"href":"https:\/\/www.volkswagen.es\/comunicacion\/wp-json\/wp\/v2\/posts\/50796","targetHints":{"allow":["GET"]}}],"collection":[{"href":"https:\/\/www.volkswagen.es\/comunicacion\/wp-json\/wp\/v2\/posts"}],"about":[{"href":"https:\/\/www.volkswagen.es\/comunicacion\/wp-json\/wp\/v2\/types\/post"}],"author":[{"embeddable":true,"href":"https:\/\/www.volkswagen.es\/comunicacion\/wp-json\/wp\/v2\/users\/1"}],"replies":[{"embeddable":true,"href":"https:\/\/www.volkswagen.es\/comunicacion\/wp-json\/wp\/v2\/comments?post=50796"}],"version-history":[{"count":2,"href":"https:\/\/www.volkswagen.es\/comunicacion\/wp-json\/wp\/v2\/posts\/50796\/revisions"}],"predecessor-version":[{"id":52306,"href":"https:\/\/www.volkswagen.es\/comunicacion\/wp-json\/wp\/v2\/posts\/50796\/revisions\/52306"}],"wp:featuredmedia":[{"embeddable":true,"href":"https:\/\/www.volkswagen.es\/comunicacion\/wp-json\/wp\/v2\/media\/50798"}],"wp:attachment":[{"href":"https:\/\/www.volkswagen.es\/comunicacion\/wp-json\/wp\/v2\/media?parent=50796"}],"wp:term":[{"taxonomy":"category","embeddable":true,"href":"https:\/\/www.volkswagen.es\/comunicacion\/wp-json\/wp\/v2\/categories?post=50796"},{"taxonomy":"post_tag","embeddable":true,"href":"https:\/\/www.volkswagen.es\/comunicacion\/wp-json\/wp\/v2\/tags?post=50796"}],"curies":[{"name":"wp","href":"https:\/\/api.w.org\/{rel}","templated":true}]}}