{"id":50760,"date":"2021-02-26T00:00:00","date_gmt":"2021-02-26T00:00:00","guid":{"rendered":"https:\/\/www.volkswagen.es\/2021\/02\/26\/los-concesionarios-de-volkswagen-en-espana-cierran-2020-con-una-rentabilidad-media-del-19\/"},"modified":"2021-06-03T12:54:22","modified_gmt":"2021-06-03T12:54:22","slug":"los-concesionarios-de-volkswagen-en-espana-cierran-2020-con-una-rentabilidad-media-del-19","status":"publish","type":"post","link":"https:\/\/www.volkswagen.es\/comunicacion\/los-concesionarios-de-volkswagen-en-espana-cierran-2020-con-una-rentabilidad-media-del-19\/","title":{"rendered":"Los concesionario de Espa\u00f1a cierra 2020 con una rentabilidad media del 1,9%"},"content":{"rendered":"<p ><span>\u00abReaccionamos muy r\u00e1pido\u00bb explica Laura Ros, directora general de Volkswagen Espa\u00f1a. \u00abDesde el momento en que estall\u00f3 la pandemia nuestra m\u00e1xima prioridad fue proteger a nuestra red de concesionarios y para eso lanzamos un robusto plan de contingencia s\u00f3lo apenas unos d\u00edas despu\u00e9s de que se decretase el estado de alarma. La agilidad y rapidez de actuaci\u00f3n durante esos d\u00edas han sido claves para lograr este resultado\u00bb, explica la directiva.<\/span><\/p>\n<p ><span>Un plan muy ambicioso que inclu\u00eda medidas orientadas a mitigar el impacto en la liquidez de los concesionarios tras el cierre de las instalaciones y las perspectivas en la ca\u00edda de las ventas. \u00abEstamos muy satisfechos y orgullosos del trabajo que hemos hecho juntos. Gracias a una muy buena coordinaci\u00f3n con nuestra red y una contenci\u00f3n en los costes hemos logrado cerrar 2020 incrementando cuota de mercado y con una rentabilidad media por encima de las previsiones que hicimos durante el primer semestre del a\u00f1o pasado\u00bb, continua Laura Ros.<\/span><\/p>\n<p ><span>2020 ha sido un a\u00f1o muy importante para la marca en su ofensiva de producto, lo que ha ayudado a la consecuci\u00f3n de estos buenos resultados. Durante el pasado a\u00f1o, Volkswagen ha lanzado al mercado modelos tan importantes como el ID.3, el primer coche del mundo CO2 neutral, y el Golf 8 y ha habido tambi\u00e9n una clara apuesta por modelos electrificados, que se mantendr\u00e1 durante este a\u00f1o.<\/span><\/p>\n<p ><span>De esta forma, tras la reciente presentaci\u00f3n en Espa\u00f1a del ID.4, Volkswagen completar\u00e1 a final de a\u00f1o su gama el\u00e9ctrica con el nuevo GTX y un nuevo modelo de la familia ID., el ID.5.\u00a0 Por otra parte, los nuevos Tiguan eHybrid, Arteon y Arteon Shooting Brake eHybrid completan la oferta en el segmento de veh\u00edculos h\u00edbridos enchufables, en el que la marca ya cuenta con las versiones hibridas enchufables del Golf, el Passat, el Passat Variant y el Touareg.<\/span><\/p>\n<p ><span>A estos lanzamientos se sumar\u00e1n otros modelos tan relevantes como el nuevo Polo y el A0 CUV, un modelo que se producir\u00e1 tambi\u00e9n en la f\u00e1brica de Volkswagen en Navarra, o el T-Roc y Tiguan Allspace. \u00abContamos con una ofensiva de nuevos lanzamientos muy atractiva para este a\u00f1o que nos tiene que ayudar a fortalecer nuestra posici\u00f3n en el mercado\u00bb, concluye la directiva.<\/span><\/p>\n","protected":false},"excerpt":{"rendered":". La red de Volkswagen logra un resultado por encima de la media del sector, cuya rentabilidad sobre facturaci\u00f3n se situ\u00f3 en el 1,2% Laura Ros, directora general de Volkswagen Espa\u00f1a: \"Proteger a nuestra red","protected":false},"author":1,"featured_media":50763,"comment_status":"open","ping_status":"open","sticky":false,"template":"","format":"standard","meta":{"_acf_changed":false,"ep_exclude_from_search":false,"footnotes":""},"categories":[279],"tags":[],"class_list":["post-50760","post","type-post","status-publish","format-standard","has-post-thumbnail","hentry","category-corporativo"],"acf":[],"_links":{"self":[{"href":"https:\/\/www.volkswagen.es\/comunicacion\/wp-json\/wp\/v2\/posts\/50760","targetHints":{"allow":["GET"]}}],"collection":[{"href":"https:\/\/www.volkswagen.es\/comunicacion\/wp-json\/wp\/v2\/posts"}],"about":[{"href":"https:\/\/www.volkswagen.es\/comunicacion\/wp-json\/wp\/v2\/types\/post"}],"author":[{"embeddable":true,"href":"https:\/\/www.volkswagen.es\/comunicacion\/wp-json\/wp\/v2\/users\/1"}],"replies":[{"embeddable":true,"href":"https:\/\/www.volkswagen.es\/comunicacion\/wp-json\/wp\/v2\/comments?post=50760"}],"version-history":[{"count":1,"href":"https:\/\/www.volkswagen.es\/comunicacion\/wp-json\/wp\/v2\/posts\/50760\/revisions"}],"predecessor-version":[{"id":51408,"href":"https:\/\/www.volkswagen.es\/comunicacion\/wp-json\/wp\/v2\/posts\/50760\/revisions\/51408"}],"wp:featuredmedia":[{"embeddable":true,"href":"https:\/\/www.volkswagen.es\/comunicacion\/wp-json\/wp\/v2\/media\/50763"}],"wp:attachment":[{"href":"https:\/\/www.volkswagen.es\/comunicacion\/wp-json\/wp\/v2\/media?parent=50760"}],"wp:term":[{"taxonomy":"category","embeddable":true,"href":"https:\/\/www.volkswagen.es\/comunicacion\/wp-json\/wp\/v2\/categories?post=50760"},{"taxonomy":"post_tag","embeddable":true,"href":"https:\/\/www.volkswagen.es\/comunicacion\/wp-json\/wp\/v2\/tags?post=50760"}],"curies":[{"name":"wp","href":"https:\/\/api.w.org\/{rel}","templated":true}]}}