{"id":26086,"date":"2020-11-30T00:00:00","date_gmt":"2020-11-30T00:00:00","guid":{"rendered":"https:\/\/www.volkswagen.es\/2020\/11\/30\/mundo-real-vs-mundo-virtual-volkswagen-presenta-un-duelo-apasionante-en-el-segundo-capitulo-de-livedrive\/"},"modified":"2021-05-18T13:40:47","modified_gmt":"2021-05-18T13:40:47","slug":"mundo-real-vs-mundo-virtual-volkswagen-presenta-un-duelo-apasionante-en-el-segundo-capitulo-de-livedrive","status":"publish","type":"post","link":"https:\/\/www.volkswagen.es\/comunicacion\/mundo-real-vs-mundo-virtual-volkswagen-presenta-un-duelo-apasionante-en-el-segundo-capitulo-de-livedrive\/","title":{"rendered":"Mundo real VS. Mundo virtual: Volkswagen presenta un duelo apasionante en el segundo cap\u00edtulo de \u00abLive&amp;Drive\u00bb"},"content":{"rendered":"<p >Una de las pruebas que veremos en este cap\u00edtulo la protagonizan Luis Moya, bicampe\u00f3n del mundo de rallyes, y Araceli Segarra. Ambos tendr\u00e1n el reto de mostrar qu\u00e9 papel juega la resistencia aerodin\u00e1mica gracias a un paraca\u00eddas. Primero, en un sprint, y despu\u00e9s enganchado a un ID.3, el nuevo modelo 100% el\u00e9ctrico de la gama Volkswagen.<\/p>\n<\/p>\n<p >En la segunda parte del show, Andy Soucek, piloto profesional de GT, enfrentar\u00e1 el mundo real al virtual. A los mandos del nuevo Golf GTI, el madrile\u00f1o dar\u00e1 una vuelta r\u00e1pida al circuito exprimiendo los 245 caballos del deportivo compacto. Mientras, Nico Romero, piloto de simulaci\u00f3n, har\u00e1 lo propio con un Golf GTI VII, pero en el mundo virtual. \u00bfQui\u00e9n ganar\u00e1 el duelo? Pronto saldremos de dudas.<\/p>\n<\/p>\n<p >\u00abEn Volkswagen siempre buscamos nuevos retos, estar del lado de la innovaci\u00f3n y acercarnos a todas aquellas tendencias que atraen a nuestros clientes. Prueba de ello es el apasionante reto que protagonizar\u00e1n Andy y Nico, un duelo que enfrenta el mundo real con el mundo virtual\u00bb, explica Albert Garc\u00eda, director de marketing de Volkswagen Espa\u00f1a.<\/p>\n<\/p>\n<p >\u00abLive&amp;Drive\u00bb llega al circuito de Montmel\u00f3, en donde tendr\u00e1 lugar un nuevo curso de conducci\u00f3n de la escuela Volkswagen Driving Experience. Los participantes podr\u00e1n probar los \u00faltimos lanzamientos de la marca y acercarse al mundo de la electromovilidad con el nuevo ID.3.<\/p>\n<\/p>\n<p >M\u00e1s informaci\u00f3n: <a href=\"https:\/\/drivingexperience.volkswagen.es\/\">https:\/\/drivingexperience.volkswagen.es\/<\/a><\/p>\n<\/p>\n<p >Para todos aquellos que no puedan disfrutar de \u00abLive&amp;Drive\u00bb en directo el mi\u00e9rcoles 2 de diciembre a las 20.00h, tanto este cap\u00edtulo como los siguientes estar\u00e1n disponibles siempre en el canal de YouTube de Volkswagen Espa\u00f1a:\u00a0<a href=\"https:\/\/www.youtube.com\/user\/volkswagenesp\">https:\/\/www.youtube.com\/user\/volkswagenesp<\/a><\/p>\n<\/p>\n<p >Puedes ver el tr\u00e1iler en el siguiente enlace:\u00a0<a href=\"https:\/\/youtu.be\/Cps4n9RQMDI\">https:\/\/youtu.be\/Cps4n9RQMDI<\/a><\/p>\n<p class=\"MsoNormal\"><\/p>\n","protected":false},"excerpt":{"rendered":"El episodio 1x02 se retransmitir\u00e1 en streaming este mi\u00e9rcoles a las 20:00h, desde el circuito de Montmel\u00f3 El primer stream show de motor se emite a trav\u00e9s del canal de YouTube de Volkswagen Espa\u00f1a https:\/\/www.youtube.com\/user\/volkswagenesp","protected":false},"author":1,"featured_media":26089,"comment_status":"open","ping_status":"open","sticky":false,"template":"","format":"standard","meta":{"_acf_changed":false,"ep_exclude_from_search":false,"footnotes":""},"categories":[287],"tags":[],"class_list":["post-26086","post","type-post","status-publish","format-standard","has-post-thumbnail","hentry","category-acciones-de-marketing"],"acf":[],"_links":{"self":[{"href":"https:\/\/www.volkswagen.es\/comunicacion\/wp-json\/wp\/v2\/posts\/26086","targetHints":{"allow":["GET"]}}],"collection":[{"href":"https:\/\/www.volkswagen.es\/comunicacion\/wp-json\/wp\/v2\/posts"}],"about":[{"href":"https:\/\/www.volkswagen.es\/comunicacion\/wp-json\/wp\/v2\/types\/post"}],"author":[{"embeddable":true,"href":"https:\/\/www.volkswagen.es\/comunicacion\/wp-json\/wp\/v2\/users\/1"}],"replies":[{"embeddable":true,"href":"https:\/\/www.volkswagen.es\/comunicacion\/wp-json\/wp\/v2\/comments?post=26086"}],"version-history":[{"count":1,"href":"https:\/\/www.volkswagen.es\/comunicacion\/wp-json\/wp\/v2\/posts\/26086\/revisions"}],"predecessor-version":[{"id":50528,"href":"https:\/\/www.volkswagen.es\/comunicacion\/wp-json\/wp\/v2\/posts\/26086\/revisions\/50528"}],"wp:featuredmedia":[{"embeddable":true,"href":"https:\/\/www.volkswagen.es\/comunicacion\/wp-json\/wp\/v2\/media\/26089"}],"wp:attachment":[{"href":"https:\/\/www.volkswagen.es\/comunicacion\/wp-json\/wp\/v2\/media?parent=26086"}],"wp:term":[{"taxonomy":"category","embeddable":true,"href":"https:\/\/www.volkswagen.es\/comunicacion\/wp-json\/wp\/v2\/categories?post=26086"},{"taxonomy":"post_tag","embeddable":true,"href":"https:\/\/www.volkswagen.es\/comunicacion\/wp-json\/wp\/v2\/tags?post=26086"}],"curies":[{"name":"wp","href":"https:\/\/api.w.org\/{rel}","templated":true}]}}