{"id":26072,"date":"2020-10-30T00:00:00","date_gmt":"2020-10-30T00:00:00","guid":{"rendered":"https:\/\/www.volkswagen.es\/2020\/10\/30\/volkswagen-recibe-el-prestigioso-galardon-trayectoria-publicitaria-de-una-marca-en-los-premios-a-la-eficacia-2020\/"},"modified":"2021-04-27T17:46:53","modified_gmt":"2021-04-27T17:46:53","slug":"volkswagen-recibe-el-prestigioso-galardon-trayectoria-publicitaria-de-una-marca-en-los-premios-a-la-eficacia-2020","status":"publish","type":"post","link":"https:\/\/www.volkswagen.es\/comunicacion\/volkswagen-recibe-el-prestigioso-galardon-trayectoria-publicitaria-de-una-marca-en-los-premios-a-la-eficacia-2020\/","title":{"rendered":"Volkswagen recibe el prestigioso galard\u00f3n \u00abTrayectoria publicitaria de una marca\u00bb en los premios a la eficacia 2020"},"content":{"rendered":"<p >Los Premios a la Eficacia de la Asociaci\u00f3n Espa\u00f1ola de Anunciantes (AEA) se posicionan como el mayor reconocimiento profesional de publicidad en Espa\u00f1a. Nacieron en 1997 para responder a una necesidad com\u00fan del sector publicitario: reconocer la contribuci\u00f3n de la comunicaci\u00f3n comercial a la consecuci\u00f3n de los objetivos empresariales de las empresas anunciantes.<\/p>\n<p >El jurado de los Premios est\u00e1 formado por m\u00e1s de 240 profesionales de la industria de la comunicaci\u00f3n comercial. Estos expertos han puesto en valor la creatividad de Volkswagen y su liderazgo en la categor\u00eda, con un galard\u00f3n que reconoce todo el camino recorrido a los largo de los a\u00f1os por la marca.<\/p>\n<p >Albert Garc\u00eda, director de Marketing de Volkswagen en Espa\u00f1a, fue el encargado de recoger el galard\u00f3n en la ceremonia que se celebr\u00f3 en el Teatro Real de Madrid: \u00abEntendemos la publicidad como parte clave en la estrategia para la construcci\u00f3n de la imagen de marca, la definici\u00f3n del posicionamiento y el \u00e9xito de una compa\u00f1\u00eda.<\/p>\n<p >\u00abEn Volkswagen nos gusta apostar por la creatividad y hablar de lo que culturalmente nos afecta como sociedad y de lo que es relevante para las personas\u00bb, explic\u00f3 el directivo, que quiso poner en valor el papel de las agencias. \u00abEl entendimiento, la colaboraci\u00f3n y la coordinaci\u00f3n cliente-agencias son claves para el \u00e9xito. Este premio es fruto del trabajo de todos y de ah\u00ed mi reconocimiento tanto a nuestra agencia de medios, PHD, como a nuestra agencia de creatividad, DDB, con la que nos une una relaci\u00f3n de m\u00e1s de treinta a\u00f1os\u00bb.<\/p>\n<p >Los Premios a la Eficacia son los \u00fanicos galardones en Espa\u00f1a que se centran en resultados conseguidos gracias a la acci\u00f3n de comunicaci\u00f3n (notoriedad, ventas u otro tipo de rentabilidad), y sit\u00faan la Eficacia como aut\u00e9ntico fin de la actividad publicitaria.<\/p>\n","protected":false},"excerpt":{"rendered":". Volkswagen recibe el m\u00e1ximo reconocimiento con un premio que distingue el exitoso camino recorrido por la marca en el mundo de la publicidad Albert Garc\u00eda, director de Marketing de Volkswagen Espa\u00f1a: \"Entendemos la publicidad","protected":false},"author":1,"featured_media":26075,"comment_status":"open","ping_status":"open","sticky":false,"template":"","format":"standard","meta":{"_acf_changed":false,"ep_exclude_from_search":false,"footnotes":""},"categories":[286],"tags":[],"class_list":["post-26072","post","type-post","status-publish","format-standard","has-post-thumbnail","hentry","category-publicidad-y-galardones"],"acf":[],"_links":{"self":[{"href":"https:\/\/www.volkswagen.es\/comunicacion\/wp-json\/wp\/v2\/posts\/26072","targetHints":{"allow":["GET"]}}],"collection":[{"href":"https:\/\/www.volkswagen.es\/comunicacion\/wp-json\/wp\/v2\/posts"}],"about":[{"href":"https:\/\/www.volkswagen.es\/comunicacion\/wp-json\/wp\/v2\/types\/post"}],"author":[{"embeddable":true,"href":"https:\/\/www.volkswagen.es\/comunicacion\/wp-json\/wp\/v2\/users\/1"}],"replies":[{"embeddable":true,"href":"https:\/\/www.volkswagen.es\/comunicacion\/wp-json\/wp\/v2\/comments?post=26072"}],"version-history":[{"count":1,"href":"https:\/\/www.volkswagen.es\/comunicacion\/wp-json\/wp\/v2\/posts\/26072\/revisions"}],"predecessor-version":[{"id":47975,"href":"https:\/\/www.volkswagen.es\/comunicacion\/wp-json\/wp\/v2\/posts\/26072\/revisions\/47975"}],"wp:featuredmedia":[{"embeddable":true,"href":"https:\/\/www.volkswagen.es\/comunicacion\/wp-json\/wp\/v2\/media\/26075"}],"wp:attachment":[{"href":"https:\/\/www.volkswagen.es\/comunicacion\/wp-json\/wp\/v2\/media?parent=26072"}],"wp:term":[{"taxonomy":"category","embeddable":true,"href":"https:\/\/www.volkswagen.es\/comunicacion\/wp-json\/wp\/v2\/categories?post=26072"},{"taxonomy":"post_tag","embeddable":true,"href":"https:\/\/www.volkswagen.es\/comunicacion\/wp-json\/wp\/v2\/tags?post=26072"}],"curies":[{"name":"wp","href":"https:\/\/api.w.org\/{rel}","templated":true}]}}