{"id":26066,"date":"2020-10-27T00:00:00","date_gmt":"2020-10-27T00:00:00","guid":{"rendered":"https:\/\/www.volkswagen.es\/2020\/10\/27\/volkswagen-golf-gti-el-equilibrio-perfecto-entre-dinamica-y-confort\/"},"modified":"2021-05-18T14:51:32","modified_gmt":"2021-05-18T14:51:32","slug":"volkswagen-golf-gti-el-equilibrio-perfecto-entre-dinamica-y-confort","status":"publish","type":"post","link":"https:\/\/www.volkswagen.es\/comunicacion\/volkswagen-golf-gti-el-equilibrio-perfecto-entre-dinamica-y-confort\/","title":{"rendered":"Volkswagen Golf GTI: El equilibrio perfecto entre din\u00e1mica y confort"},"content":{"rendered":"<p ><span>En verano de 1976, irrump\u00eda el primer Golf GTI de la historia, un deportivo compacto de tracci\u00f3n delantera que revolucionar\u00eda el mundo del autom\u00f3vil. Con un precio asequible y unas cualidades din\u00e1micas envidiables, est\u00e1 considerado un referente, y se ha convertido en un aut\u00e9ntico cl\u00e1sico.<\/span><\/p>\n<p ><span>El Golf es el icono de la marca y el GTI su mejor embajador. Estas siglas tan especiales son sin\u00f3nimo de deportividad, dise\u00f1o, tecnolog\u00eda y deseabilidad en el mundo de la automoci\u00f3n. Casi 45 a\u00f1os despu\u00e9s de su presentaci\u00f3n y tras 8 generaciones, la historia de este modelo tan especial sigue creciendo.<\/span><\/p>\n<p ><span>Inicialmente se present\u00f3 como un proyecto que contar\u00eda con 5.000 unidades, pero a d\u00eda de hoy, ya se han vendido m\u00e1s de 2,3 millones de Golf GTI, Volkswagen lanza la octava generaci\u00f3n del compacto deportivo con las mismas se\u00f1as de identidad de sus predecesores, pero ahora completamente digitalizado, m\u00e1s din\u00e1mico y potente que nunca, llegando a duplicar la potencia del GTI de la primera edici\u00f3n.<\/span><\/p>\n<p ><b><span>Un motor con ADN GTI<\/span><\/b>. Bajo el cap\u00f3 se ubica un poderoso propulsor turbo de inyecci\u00f3n directa de 2.0 litros (TSI) y cuatro cilindros, que genera una potencia de 180 kW (245 CV) con un par m\u00e1ximo de 370 Nm, perteneciente a la familia EA888 (evo4). Como novedad, la octava generaci\u00f3n del Golf GTI cuenta con una entrega m\u00e1s poderosa del par motor, prolongada de 1.600 a 4.300 rpm.<\/p>\n<p ><span>Este propulsor se asocia a la extraordinaria transmisi\u00f3n de doble embrague DSG de 7 velocidades \u00abshift by wire\u00bb. Esta combinaci\u00f3n permite realizar el 0 a 100 km\/h en 6,3 segundos (DSG) con una velocidad m\u00e1xima limitada electr\u00f3nicamente a 250 km\/h. M\u00e1s adelante, tambi\u00e9n se podr\u00e1 configurar con una caja de cambios manual de 6 relaciones y adem\u00e1s se incorporar\u00e1 a la gama el GTI Clubsport con una motorizaci\u00f3n 2.0 TSI de 300 CV, que se situar\u00e1 como el modelo m\u00e1s potente de la \u00faltima generaci\u00f3n del GTI.<\/span><\/p>\n<p ><b><span>100% digital y conectado.<\/span><\/b> <span>La tecnolog\u00eda est\u00e1 presente en todos los \u00e1mbitos del nuevo Golf GTI. La nueva generaci\u00f3n de software y hardware se aprecia tanto al volante como en el interior. La presencia del \u00abDigital Cockpit\u00bb de serie incluye un nuevo gr\u00e1fico GTI creado espec\u00edficamente para el modelo. Este se combina con el sistema de infoentretenimiento \u00abDiscover Media\u00bb en una pantalla de 10&#8243;, que permite crear una completa experiencia de conducci\u00f3n denominada \u00abInnovision Cockpit\u00bb. Tambi\u00e9n incluye de serie el Head Up Display.<\/span><\/p>\n<p ><span>No s\u00f3lo podemos personalizar par\u00e1metros como el sonido del motor, el modelo tambi\u00e9n equipa una iluminaci\u00f3n ambiental configurable de 30 colores distintos, que incluye una configuraci\u00f3n especial GTI. El tradicional volante de tres radios ha sido sustituido por un volante multifunci\u00f3n con controles t\u00e1ctiles. Los asientos deportivos tipo \u00abbucket\u00bb tambi\u00e9n est\u00e1n presentes, sin olvidar la cl\u00e1sica tapicer\u00eda dise\u00f1o tart\u00e1n \u00abScale Paper\u00bb, se\u00f1a de identidad del modelo.<\/span><\/p>\n<p ><b><span>M\u00e1s \u00e1gil, m\u00e1s preciso.<\/span><\/b> La octava generaci\u00f3n del Golf GTI incluye numerosas mejoras t\u00e9cnicas que se traducen en un mayor rendimiento sobre el asfalto. Destaca el Gestor Din\u00e1mico de Marcha que interconecta los componentes electromec\u00e1nicos del tren de rodaje y que permite controlar el ESP con bloqueo electr\u00f3nico de diferencial (XDS), las funciones del bloqueo transversal del eje delantero, as\u00ed como la suspensi\u00f3n adaptativa DCC (opcional) con amortiguadores regulables hasta en 15 posiciones y nuevas opciones de software, que permite elevar al Golf GTI a una nueva experiencia de conducci\u00f3n. Estas caracter\u00edsticas convierten al compacto en un referente din\u00e1mico, con una mayor precisi\u00f3n en curvas, una mayor estabilidad y una conducci\u00f3n m\u00e1s deportiva.<\/p>\n<p ><b><span>Un dise\u00f1o m\u00e1s aerodin\u00e1mico.<\/span><\/b> <span>El nuevo Golf GTI mantiene la identidad de sus predecesores, pero con un aspecto m\u00e1s bajo, alargado y din\u00e1mico. Los dise\u00f1adores de Volkswagen han puesto especial hincapi\u00e9 en redise\u00f1ar las piezas de la carrocer\u00eda y mejorar la aerodin\u00e1mica del veh\u00edculo. El resultado es un coeficiente aerodin\u00e1mico de 0,275 mejorando en un -8% el coeficiente anterior<\/span><\/p>\n<p ><span>Las caracter\u00edsticas GTI siguen presentes en el modelo con la l\u00ednea roja en la parrilla del radiador que, por primera vez, est\u00e1 acabada en un embellecedor transversal LED Face Light que discurre en paralelo a ella. Por otro lado, la zona inferior del frontal est\u00e1 equipada con una entrada de aire en color negro en forma de panal de abeja \u00abHoneycomb\u00bb. Las llantas de aleaci\u00f3n de 17 pulgadas \u00abRichmond\u00bb han sido dise\u00f1adas exclusivamente para la 8 generaci\u00f3n del Golf GTI, al igual que las salidas de escape dispuestas de izquierda a derecha en la zaga como el s\u00edmbolo GTI presente en el port\u00f3n trasero y la parrilla delantera. Tambi\u00e9n se puede equipar como opci\u00f3n llantas Richmond de 18&#8243; y Adelaide de 19&#8243;.<\/span><\/p>\n<p ><b><span>Disponible en el mercado.<\/span><\/b> La nueva generaci\u00f3n del modelo ya se comercializa en nuestro pa\u00eds. Con el potente motor TSI de 245 CV y 370 Nm de par motor, asociado a la transmisi\u00f3n DSG de 7 velocidades, llega con un precio de 42.290 euros. <\/p>\n","protected":false},"excerpt":{"rendered":"GTI: tres siglas sin\u00f3nimo de deportividad, dise\u00f1o, tecnolog\u00eda y deseabilidad. Motor 2.0 litros (TSI) de cuatro cilindros y turbo inyecci\u00f3n directa, con 180 kW (245 CV) y 370 Nm de par motor. El interior, 100%","protected":false},"author":1,"featured_media":26068,"comment_status":"open","ping_status":"open","sticky":false,"template":"","format":"standard","meta":{"_acf_changed":false,"ep_exclude_from_search":false,"footnotes":""},"categories":[217],"tags":[],"class_list":["post-26066","post","type-post","status-publish","format-standard","has-post-thumbnail","hentry","category-golf-gti"],"acf":[],"_links":{"self":[{"href":"https:\/\/www.volkswagen.es\/comunicacion\/wp-json\/wp\/v2\/posts\/26066","targetHints":{"allow":["GET"]}}],"collection":[{"href":"https:\/\/www.volkswagen.es\/comunicacion\/wp-json\/wp\/v2\/posts"}],"about":[{"href":"https:\/\/www.volkswagen.es\/comunicacion\/wp-json\/wp\/v2\/types\/post"}],"author":[{"embeddable":true,"href":"https:\/\/www.volkswagen.es\/comunicacion\/wp-json\/wp\/v2\/users\/1"}],"replies":[{"embeddable":true,"href":"https:\/\/www.volkswagen.es\/comunicacion\/wp-json\/wp\/v2\/comments?post=26066"}],"version-history":[{"count":2,"href":"https:\/\/www.volkswagen.es\/comunicacion\/wp-json\/wp\/v2\/posts\/26066\/revisions"}],"predecessor-version":[{"id":50532,"href":"https:\/\/www.volkswagen.es\/comunicacion\/wp-json\/wp\/v2\/posts\/26066\/revisions\/50532"}],"wp:featuredmedia":[{"embeddable":true,"href":"https:\/\/www.volkswagen.es\/comunicacion\/wp-json\/wp\/v2\/media\/26068"}],"wp:attachment":[{"href":"https:\/\/www.volkswagen.es\/comunicacion\/wp-json\/wp\/v2\/media?parent=26066"}],"wp:term":[{"taxonomy":"category","embeddable":true,"href":"https:\/\/www.volkswagen.es\/comunicacion\/wp-json\/wp\/v2\/categories?post=26066"},{"taxonomy":"post_tag","embeddable":true,"href":"https:\/\/www.volkswagen.es\/comunicacion\/wp-json\/wp\/v2\/tags?post=26066"}],"curies":[{"name":"wp","href":"https:\/\/api.w.org\/{rel}","templated":true}]}}