{"id":26062,"date":"2020-10-23T00:00:00","date_gmt":"2020-10-23T00:00:00","guid":{"rendered":"https:\/\/www.volkswagen.es\/2020\/10\/23\/volkswagen-estrena-este-domingo-livedrive-el-primer-stream-show-de-motor\/"},"modified":"2021-05-18T14:52:11","modified_gmt":"2021-05-18T14:52:11","slug":"volkswagen-estrena-este-domingo-livedrive-el-primer-stream-show-de-motor","status":"publish","type":"post","link":"https:\/\/www.volkswagen.es\/comunicacion\/volkswagen-estrena-este-domingo-livedrive-el-primer-stream-show-de-motor\/","title":{"rendered":"Volkswagen estrena este domingo \u00abLive&amp;Drive\u00bb, el primer Stream Show de motor"},"content":{"rendered":"<p>Los episodios de \u00abLive&amp;Drive\u00bb tendr\u00e1n una duraci\u00f3n de 30 minutos, y el primero de ellos estar\u00e1 conducido por el periodista Santi Ayala. Contar\u00e1n con la presencia en directo de diferentes invitados como el campe\u00f3n del mundo de rallies y embajador de la marca, Luis Moya y expertos del equipo de Volkswagen. \u00abLive&amp;Drive\u00bb tendr\u00e1 reportajes desenfadados y con un toque canalla sobre motor y el mundo Volkswagen y, gracias a su retransmisi\u00f3n a trav\u00e9s de YouTube, contar\u00e1 con la participaci\u00f3n interactiva del p\u00fablico que podr\u00e1 comentar y preguntar a los presentadores e invitados, que le responder\u00e1n en directo.<\/p>\n<p>\u00abHay muchas maneras de hablar de coches, y en <i>Live&amp;Drive<\/i> elegimos la emoci\u00f3n\u00bb, explica Albert Garc\u00eda, director de Marketing de Volkswagen Espa\u00f1a e invitado en el primer episodio. \u00abSer\u00e1 un programa en primera persona. Vamos a compartir nuestra pasi\u00f3n por el mundo del motor en directo para que cualquiera pueda experimentar lo mismo que nosotros sentimos. Y por eso la participaci\u00f3n de los espectadores ser\u00e1 clave, que nos pregunten, comenten o que nos sugieran nuevos contenidos\u00bb<\/p>\n<p>El primero de los programas de \u00abLive&amp;Drive\u00bb se emitir\u00e1 en streaming en YouTube (<a href=\"https:\/\/youtu.be\/SgPguYAvQFg\">https:\/\/youtu.be\/SgPguYAvQFg<\/a>) este domingo a las 17.30 horas desde el Circuito del Jarama, donde se est\u00e1 celebrando el Volkswagen Driving experience, con un t\u00edtulo que deja claras las intenciones del stream show: <i>La revoluci\u00f3n de los el\u00e9ctricos nos est\u00e1 volviendo definitivamente locos<\/i>. En este primer cap\u00edtulo, adem\u00e1s de conocer al equipo, sabremos cu\u00e1ntas vueltas puede dar un ID.3 al Jarama en lo que tardan una bici o un patinete en dar un giro al circuito y pondremos a prueba las sensaciones que provoca una aceleraci\u00f3n en recta de 0 a 50 kil\u00f3metros\/hora.<\/p>\n<p>Para todos aquellos que no puedan disfrutar de \u00abLive&amp;Drive\u00bb en directo el domingo a las 17:30, tanto este cap\u00edtulo como los siguientes estar\u00e1n disponibles siempre en el canal de YouTube de Volkswagen Espa\u00f1a. <a href=\"https:\/\/www.youtube.com\/user\/volkswagenesp\">https:\/\/www.youtube.com\/user\/volkswagenesp<\/a><\/p>\n","protected":false},"excerpt":{"rendered":"El episodio 1x01 se retransmitir\u00e1 en streaming este domingo a las 17:30 desde el Circuito del Jarama Accesible en directo para todo el mundo a trav\u00e9s del canal de YouTube de Volkswagen Espa\u00f1a: https:\/\/youtu.be\/SgPguYAvQFg Reportajes","protected":false},"author":1,"featured_media":26065,"comment_status":"open","ping_status":"open","sticky":false,"template":"","format":"standard","meta":{"_acf_changed":false,"ep_exclude_from_search":false,"footnotes":""},"categories":[287],"tags":[],"class_list":["post-26062","post","type-post","status-publish","format-standard","has-post-thumbnail","hentry","category-acciones-de-marketing"],"acf":[],"_links":{"self":[{"href":"https:\/\/www.volkswagen.es\/comunicacion\/wp-json\/wp\/v2\/posts\/26062","targetHints":{"allow":["GET"]}}],"collection":[{"href":"https:\/\/www.volkswagen.es\/comunicacion\/wp-json\/wp\/v2\/posts"}],"about":[{"href":"https:\/\/www.volkswagen.es\/comunicacion\/wp-json\/wp\/v2\/types\/post"}],"author":[{"embeddable":true,"href":"https:\/\/www.volkswagen.es\/comunicacion\/wp-json\/wp\/v2\/users\/1"}],"replies":[{"embeddable":true,"href":"https:\/\/www.volkswagen.es\/comunicacion\/wp-json\/wp\/v2\/comments?post=26062"}],"version-history":[{"count":1,"href":"https:\/\/www.volkswagen.es\/comunicacion\/wp-json\/wp\/v2\/posts\/26062\/revisions"}],"predecessor-version":[{"id":50533,"href":"https:\/\/www.volkswagen.es\/comunicacion\/wp-json\/wp\/v2\/posts\/26062\/revisions\/50533"}],"wp:featuredmedia":[{"embeddable":true,"href":"https:\/\/www.volkswagen.es\/comunicacion\/wp-json\/wp\/v2\/media\/26065"}],"wp:attachment":[{"href":"https:\/\/www.volkswagen.es\/comunicacion\/wp-json\/wp\/v2\/media?parent=26062"}],"wp:term":[{"taxonomy":"category","embeddable":true,"href":"https:\/\/www.volkswagen.es\/comunicacion\/wp-json\/wp\/v2\/categories?post=26062"},{"taxonomy":"post_tag","embeddable":true,"href":"https:\/\/www.volkswagen.es\/comunicacion\/wp-json\/wp\/v2\/tags?post=26062"}],"curies":[{"name":"wp","href":"https:\/\/api.w.org\/{rel}","templated":true}]}}