{"id":26055,"date":"2020-10-15T00:00:00","date_gmt":"2020-10-15T00:00:00","guid":{"rendered":"https:\/\/www.volkswagen.es\/2020\/10\/15\/miguel-angel-grijalba-premio-dirigente-del-ano-de-la-industria-de-automocion-2020\/"},"modified":"2021-11-19T18:13:51","modified_gmt":"2021-11-19T18:13:51","slug":"miguel-angel-grijalba-premio-dirigente-del-ano-de-la-industria-de-automocion-2020","status":"publish","type":"post","link":"https:\/\/www.volkswagen.es\/comunicacion\/miguel-angel-grijalba-premio-dirigente-del-ano-de-la-industria-de-automocion-2020\/","title":{"rendered":"Miguel \u00c1ngel Grijalba, premio Dirigente del A\u00f1o de la Industria de Automoci\u00f3n 2020"},"content":{"rendered":"<p >La mayor\u00eda de los votantes ha destacado que Miguel \u00c1ngel Grijalba ejerce su responsabilidad \u00abdesde hace cinco a\u00f1os con resultados sobresalientes para la factor\u00eda navarra, que han continuado a pesar de la compleja situaci\u00f3n actual\u00bb. As\u00ed mismo, destacan del premiado su \u00abclara definici\u00f3n de objetivos, la humildad y la reinvenci\u00f3n de ideas, persiguiendo la mejora continua incluso en aquello que ya se ha mejorado\u00bb.<\/p>\n<p >Grijalba es ingeniero industrial especializado en organizaci\u00f3n de empresas por la Universidad P\u00fablica de Navarra y la Technische Hochschule Darmstadt y ha cursado el Programa de Direcci\u00f3n General del IESE de la Universidad de Navarra. Forma parte de Volkswagen Navarra desde 1995, donde comenz\u00f3 como ingeniero en la Oficina de Direcci\u00f3n en Pamplona y Wolfsburg. Posteriormente desempe\u00f1\u00f3 funciones de mando intermedio, Jefe de Turno y Soporte T\u00e9cnico en Chapister\u00eda. Planific\u00f3 tambi\u00e9n en Alemania las instalaciones del Polo A04 y ha sido jefe de Mantenimiento del Taller de Chapister\u00eda, gerente del proyecto del Polo A05 y gerente de Planificaci\u00f3n Industrial y Sistema de Producci\u00f3n. Asumi\u00f3 la Direcci\u00f3n de Producci\u00f3n en 2012, cargo que dej\u00f3 temporalmente entre 2013 y 2015 para desde la central en Wolfsburg ser Jefe del Proyecto de Productividad de la Marca Volkswagen.<\/p>\n<p >\u00abAgradezco a AutoRevista este premio, que asumo en representaci\u00f3n de todo el equipo humano que forma Volkswagen Navarra y que comparto con todos ellos, ya que gracias a su compromiso con los objetivos, y fruto del trabajo diario en equipo, se consiguen las metas definidas desde el punto de vista productivo y de calidad, que hacen de Volkswagen Navarra una de las f\u00e1bricas de referencia dentro del Grupo Volkswagen\u00bb, dice Grijalba.<\/p>\n<p >Otros premiados<\/p>\n<p >El premiado como Dirigente del A\u00f1o de la Industria de Automoci\u00f3n 2020 en la categor\u00eda de Proveedor ha sido Arsenio Hidalgo, director general de EPP Natur. De manera paralela, en AutoRevista <strong>se han concedido los galardones que se vienen otorgando desde 2006:<\/strong> el Premio Dirigente de Honor en la categor\u00eda de Constructor\/OEM, a Vicen\u00e7 Aguilera; el Premio Dirigente de Honor en la categor\u00eda de Proveedor\/Supplier, a Jos\u00e9 Manuel Temi\u00f1o; y el Premio a la Innovaci\u00f3n Tecnol\u00f3gica, a la empresa ZEISS. En esta ocasi\u00f3n, adem\u00e1s, con motivo de las tres d\u00e9cadas de los premios, se ha concedido tambi\u00e9n un premio extraordinario que reconoce \u00abla sobresaliente labor realizada en los \u00faltimos a\u00f1os por <strong>la ministra de Industria, Turismo y Comercio, Reyes Maroto\u00bb.<\/strong><\/p>\n<p>&nbsp;<\/p>\n","protected":false},"excerpt":{"rendered":"El galard\u00f3n, concedido por AutoRevista y otorgado en la categor\u00eda de Constructor, se entregar\u00e1 en Madrid el 19 de noviembreMiguel \u00c1ngel Grijalba Blanco, director de Producci\u00f3n de Volkswagen Navarra, ha sido distinguido con el Premio","protected":false},"author":1,"featured_media":26058,"comment_status":"open","ping_status":"open","sticky":false,"template":"","format":"standard","meta":{"_acf_changed":false,"ep_exclude_from_search":false,"footnotes":""},"categories":[303],"tags":[],"class_list":["post-26055","post","type-post","status-publish","format-standard","has-post-thumbnail","hentry","category-vw-navarra"],"acf":[],"_links":{"self":[{"href":"https:\/\/www.volkswagen.es\/comunicacion\/wp-json\/wp\/v2\/posts\/26055","targetHints":{"allow":["GET"]}}],"collection":[{"href":"https:\/\/www.volkswagen.es\/comunicacion\/wp-json\/wp\/v2\/posts"}],"about":[{"href":"https:\/\/www.volkswagen.es\/comunicacion\/wp-json\/wp\/v2\/types\/post"}],"author":[{"embeddable":true,"href":"https:\/\/www.volkswagen.es\/comunicacion\/wp-json\/wp\/v2\/users\/1"}],"replies":[{"embeddable":true,"href":"https:\/\/www.volkswagen.es\/comunicacion\/wp-json\/wp\/v2\/comments?post=26055"}],"version-history":[{"count":4,"href":"https:\/\/www.volkswagen.es\/comunicacion\/wp-json\/wp\/v2\/posts\/26055\/revisions"}],"predecessor-version":[{"id":52308,"href":"https:\/\/www.volkswagen.es\/comunicacion\/wp-json\/wp\/v2\/posts\/26055\/revisions\/52308"}],"wp:featuredmedia":[{"embeddable":true,"href":"https:\/\/www.volkswagen.es\/comunicacion\/wp-json\/wp\/v2\/media\/26058"}],"wp:attachment":[{"href":"https:\/\/www.volkswagen.es\/comunicacion\/wp-json\/wp\/v2\/media?parent=26055"}],"wp:term":[{"taxonomy":"category","embeddable":true,"href":"https:\/\/www.volkswagen.es\/comunicacion\/wp-json\/wp\/v2\/categories?post=26055"},{"taxonomy":"post_tag","embeddable":true,"href":"https:\/\/www.volkswagen.es\/comunicacion\/wp-json\/wp\/v2\/tags?post=26055"}],"curies":[{"name":"wp","href":"https:\/\/api.w.org\/{rel}","templated":true}]}}