{"id":26029,"date":"2020-09-23T00:00:00","date_gmt":"2020-09-23T00:00:00","guid":{"rendered":"https:\/\/www.volkswagen.es\/2020\/09\/23\/retransmision-en-directo-de-la-world-premiere-del-id-4\/"},"modified":"2021-03-25T08:56:57","modified_gmt":"2021-03-25T08:56:57","slug":"retransmision-en-directo-de-la-world-premiere-del-id-4","status":"publish","type":"post","link":"https:\/\/www.volkswagen.es\/comunicacion\/retransmision-en-directo-de-la-world-premiere-del-id-4\/","title":{"rendered":"RETRANSMISI\u00d3N EN DIRECTO DE LA WORLD PREMIERE DEL ID.4"},"content":{"rendered":"<p ><span>La World Premiere del ID.4 tendr\u00e1 lugar esta tarde a las 17.00 horas. La presentaci\u00f3n se podr\u00e1 seguir a trav\u00e9s de la web internacional <a href=\"https:\/\/www.volkswagen-newsroom.com\/en\"><span>Volkswagen Newsroom<\/span><\/a><span>. <\/span><\/span><\/p>\n","protected":false},"excerpt":{"rendered":"Primer SUV totalmente el\u00e9ctrico de VolkswagenLa presentaci\u00f3n tendr\u00e1 lugar hoy a las 17.00 horasSe podr\u00e1 seguir a trav\u00e9s de la web Volkswagen Newsroom Volkswagen contin\u00faa con su ofensiva el\u00e9ctrica y, tras el lanzamiento del ID.3,","protected":false},"author":1,"featured_media":26031,"comment_status":"open","ping_status":"open","sticky":false,"template":"","format":"standard","meta":{"_acf_changed":false,"ep_exclude_from_search":false,"footnotes":""},"categories":[205],"tags":[],"class_list":["post-26029","post","type-post","status-publish","format-standard","has-post-thumbnail","hentry","category-id-4"],"acf":[],"_links":{"self":[{"href":"https:\/\/www.volkswagen.es\/comunicacion\/wp-json\/wp\/v2\/posts\/26029","targetHints":{"allow":["GET"]}}],"collection":[{"href":"https:\/\/www.volkswagen.es\/comunicacion\/wp-json\/wp\/v2\/posts"}],"about":[{"href":"https:\/\/www.volkswagen.es\/comunicacion\/wp-json\/wp\/v2\/types\/post"}],"author":[{"embeddable":true,"href":"https:\/\/www.volkswagen.es\/comunicacion\/wp-json\/wp\/v2\/users\/1"}],"replies":[{"embeddable":true,"href":"https:\/\/www.volkswagen.es\/comunicacion\/wp-json\/wp\/v2\/comments?post=26029"}],"version-history":[{"count":1,"href":"https:\/\/www.volkswagen.es\/comunicacion\/wp-json\/wp\/v2\/posts\/26029\/revisions"}],"predecessor-version":[{"id":26132,"href":"https:\/\/www.volkswagen.es\/comunicacion\/wp-json\/wp\/v2\/posts\/26029\/revisions\/26132"}],"wp:featuredmedia":[{"embeddable":true,"href":"https:\/\/www.volkswagen.es\/comunicacion\/wp-json\/wp\/v2\/media\/26031"}],"wp:attachment":[{"href":"https:\/\/www.volkswagen.es\/comunicacion\/wp-json\/wp\/v2\/media?parent=26029"}],"wp:term":[{"taxonomy":"category","embeddable":true,"href":"https:\/\/www.volkswagen.es\/comunicacion\/wp-json\/wp\/v2\/categories?post=26029"},{"taxonomy":"post_tag","embeddable":true,"href":"https:\/\/www.volkswagen.es\/comunicacion\/wp-json\/wp\/v2\/tags?post=26029"}],"curies":[{"name":"wp","href":"https:\/\/api.w.org\/{rel}","templated":true}]}}