{"id":26013,"date":"2020-09-04T00:00:00","date_gmt":"2020-09-04T00:00:00","guid":{"rendered":"https:\/\/www.volkswagen.es\/2020\/09\/04\/sientete-como-en-casa-asi-es-el-interior-del-nuevo-id-4\/"},"modified":"2021-02-18T23:02:49","modified_gmt":"2021-02-18T23:02:49","slug":"sientete-como-en-casa-asi-es-el-interior-del-nuevo-id-4","status":"publish","type":"post","link":"https:\/\/www.volkswagen.es\/comunicacion\/sientete-como-en-casa-asi-es-el-interior-del-nuevo-id-4\/","title":{"rendered":"\u00abSI\u00c9NTETE COMO EN CASA\u00bb: AS\u00cd ES EL INTERIOR DEL NUEVO ID.4"},"content":{"rendered":"<p>El ID.4 se acerca r\u00e1pidamente al momento de su lanzamiento, y las entregas de los primeros est\u00e1n previstas para finales de este a\u00f1o. En el futuro, el ID.4 de Volkswagen formar\u00e1 parte del creciente segmento de los SUV compactos, y hay planes para producir y vender el SUV el\u00e9ctrico no solo en Europa, sino tambi\u00e9n en China y, m\u00e1s tarde, en EE.UU. A diferencia de otros modelos Volkswagen similares, el interior del veh\u00edculo demuestra su nuevo car\u00e1cter, ya que la incorporaci\u00f3n de la propulsi\u00f3n el\u00e9ctrica se traduce en un interior muy espacioso. Klaus Zyciora, director de Dise\u00f1o del Grupo Volkswagen, resume el interior del vers\u00e1til SUV con una impactante f\u00f3rmula: \u00ablibertad por fuera, espacio por dentro.\u00bb Junto con su equipo, Zyciora desarroll\u00f3 el veh\u00edculo en su anterior cargo como director de Dise\u00f1o de la marca Volkswagen. Seg\u00fan explica, \u00abel ID.4 aporta una nueva sensaci\u00f3n de espacio a su categor\u00eda gracias a la nueva plataforma MEB, nuestra plataforma modular de propulsi\u00f3n el\u00e9ctrica\u00bb.<\/p>\n<\/p>\n<p >T\u00edpicamente SUV: puertas grandes y asientos en una agradable posici\u00f3n elevada<\/p>\n<p>Entrar en el veh\u00edculo ya es de por s\u00ed un placer. Las manillas de las puertas del ID.4 est\u00e1n integradas en la carrocer\u00eda y vienen con cierre el\u00e9ctrico. El conductor y los pasajeros pueden acceder al veh\u00edculo a trav\u00e9s de las grandes puertas y se benefician de unos asientos en posici\u00f3n elevada, mientras que la banqueta trasera ofrece tanto espacio como un SUV convencional del segmento superior. Tambi\u00e9n es f\u00e1cil guardar una gran cantidad de equipaje &#8211; el maletero ofrece un volumen de 543 litros con los respaldos de los asientos traseros en posici\u00f3n vertical.<\/p>\n<\/p>\n<p>El dise\u00f1o interior del ID.4 subraya la amplia sensaci\u00f3n de espacio: de forma similar al dise\u00f1o exterior, es fluido y ligero, focaliz\u00e1ndose en lo esencial. El salpicadero parece flotar, ya que no est\u00e1 conectado a la consola central, que se ha dise\u00f1ado como un componente independiente. Un gran techo panor\u00e1mico basculante de cristal (opcional) permite una visi\u00f3n sin obst\u00e1culos del cielo. A medida que cae la noche, la iluminaci\u00f3n ambiental puede ajustarse con hasta 30 colores distintos, para crear impactantes reflejos en el interior del veh\u00edculo. Klaus Zyciora remarca que la disposici\u00f3n de los elementos y el concepto operativo han sido dise\u00f1ados de forma l\u00f3gica y directa, a\u00f1adiendo que \u00abel manejo intuitivo del ID.4 aporta sencillez el\u00e9ctrica al segmento SUV crossover\u00bb.<\/p>\n<\/p>\n<p>ID. Light es una nueva caracter\u00edstica de todos los modelos ID. &#8211; una l\u00ednea luminosa situada por debajo del parabrisas. Da apoyo a los conductores en multitud de situaciones con efectos de luz intuitivos. En consecuencia, el ID. Light avisa al conductor de que el sistema de propulsi\u00f3n del veh\u00edculo est\u00e1 activo y de que el coche est\u00e1 cerrado o abierto. Acent\u00faa la informaci\u00f3n proporcionada por los sistemas de asistencia al conductor y de navegaci\u00f3n, e indica cu\u00e1ndo hay que frenar, as\u00ed como la entrada de llamadas telef\u00f3nicas. Junto con el sistema de navegaci\u00f3n, ID. Light ayuda a guiar al conductor a trav\u00e9s del tr\u00e1fico: recomienda un cambio de carril parpadeando, y puede avisar al conductor si el ID.4 est\u00e1 en el carril equivocado.<\/p>\n<\/p>\n<p >Asientos: muy c\u00f3modos, con materiales no derivados de animales<\/p>\n<p>Los asientos delanteros del ID.4 son deportivos y c\u00f3modos. En el modelo de edici\u00f3n limitada ID.4 1<sup>ST<\/sup> Max<sup>1<\/sup>, que se estrenar\u00e1 en Alemania con el lanzamiento al mercado, los asientos llevan el sello de aprobaci\u00f3n de la Campa\u00f1a Alemana por una Espalda m\u00e1s Sana (AGR, por sus siglas en alem\u00e1n). Incorporan una gran cantidad de opciones de ajuste el\u00e9ctrico, mientras que sus soportes lumbares neum\u00e1ticos vienen con una funci\u00f3n de masaje integrada. Los materiales resaltan su confort. Los dos futuros modelos de edici\u00f3n limitada<sup>1<\/sup> del ID.4 vienen con tapicer\u00edas hechas con materiales que no est\u00e1n derivados de animales. Est\u00e1n hechas con una combinaci\u00f3n de polypiel y ArtVelours &#8211; un material de microfibra que consiste en un 20% de botellas PET recicladas.<\/p>\n<\/p>\n<p>El interior de los modelos de edici\u00f3n limitada ID.4 1<sup>ST 1<\/sup> y del ID.4 1<sup>ST<\/sup> Max est\u00e1 dominado por colores tranquilos y sofisticados llamados Gris Platino y Marr\u00f3n Florencia. El volante, el \u00e1rbol de direcci\u00f3n, las carcasas de la pantalla y de los paneles de control de las puertas vienen con el moderno Negro Piano o con el m\u00e1s purista Blanco El\u00e9ctrico. El color claro introduce un aspecto futurista en todo el interior del veh\u00edculo, y resalta su dise\u00f1o despejado y limpio.<\/p>\n<p><span> <\/span><\/p>\n<p>El futuro de la movilidad es el\u00e9ctrico. Por este motivo, la marca Volkswagen invertir\u00e1 once mil millones de euros en movilidad el\u00e9ctrica hasta 2024, como parte de su estrategia Transform 2025+. Como primer SUV totalmente el\u00e9ctrico de Volkswagen, el ID.4 es el segundo modelo de la gama ID. tras el ID.3<sup>2<\/sup>. Esta nueva e individual gama de productos ha sido la \u00faltima en sumarse al porfolio tradicional de productos de la marca. En este proceso, la designaci\u00f3n ID. significa dise\u00f1o inteligente, identidad y tecnolog\u00edas visionarias. El ID.4 celebrar\u00e1 su estreno mundial antes de que acabe el mes de septiembre de 2020.<\/p>\n<\/p>\n<p><i><sup><span>1<\/span><\/sup><\/i><i>ID.4, ID.4 1<sup>ST<\/sup> Max, ID.4 1<sup>ST<\/sup>: estos veh\u00edculos son prototipos cercanos a la producci\u00f3n en serie y todav\u00eda no est\u00e1n a la venta<\/i><\/p>\n<p><i><sup><span>2<\/span><\/sup><\/i><i><span>ID.3 &#8211; consumo de energ\u00eda en kWh\/100 km: 15.4-14.5 (combinado); emisiones CO<sub>2<\/sub> en g\/km: 0; categor\u00eda de eficiencia: A+.<\/span><\/i><\/p>\n","protected":false},"excerpt":{"rendered":"Habitabilidad similar a la de un SUV convencional del segmento superiorDise\u00f1o interior fluido y ligeroLa elegante iluminaci\u00f3n ambiental y el ID.Light destacan especialmente y apoyan al conductorAmplio espacio, dise\u00f1o purista, iluminaci\u00f3n de alta eficacia y","protected":false},"author":1,"featured_media":26015,"comment_status":"open","ping_status":"open","sticky":false,"template":"","format":"standard","meta":{"_acf_changed":false,"ep_exclude_from_search":false,"footnotes":""},"categories":[205],"tags":[],"class_list":["post-26013","post","type-post","status-publish","format-standard","has-post-thumbnail","hentry","category-id-4"],"acf":[],"_links":{"self":[{"href":"https:\/\/www.volkswagen.es\/comunicacion\/wp-json\/wp\/v2\/posts\/26013","targetHints":{"allow":["GET"]}}],"collection":[{"href":"https:\/\/www.volkswagen.es\/comunicacion\/wp-json\/wp\/v2\/posts"}],"about":[{"href":"https:\/\/www.volkswagen.es\/comunicacion\/wp-json\/wp\/v2\/types\/post"}],"author":[{"embeddable":true,"href":"https:\/\/www.volkswagen.es\/comunicacion\/wp-json\/wp\/v2\/users\/1"}],"replies":[{"embeddable":true,"href":"https:\/\/www.volkswagen.es\/comunicacion\/wp-json\/wp\/v2\/comments?post=26013"}],"version-history":[{"count":1,"href":"https:\/\/www.volkswagen.es\/comunicacion\/wp-json\/wp\/v2\/posts\/26013\/revisions"}],"predecessor-version":[{"id":26137,"href":"https:\/\/www.volkswagen.es\/comunicacion\/wp-json\/wp\/v2\/posts\/26013\/revisions\/26137"}],"wp:featuredmedia":[{"embeddable":true,"href":"https:\/\/www.volkswagen.es\/comunicacion\/wp-json\/wp\/v2\/media\/26015"}],"wp:attachment":[{"href":"https:\/\/www.volkswagen.es\/comunicacion\/wp-json\/wp\/v2\/media?parent=26013"}],"wp:term":[{"taxonomy":"category","embeddable":true,"href":"https:\/\/www.volkswagen.es\/comunicacion\/wp-json\/wp\/v2\/categories?post=26013"},{"taxonomy":"post_tag","embeddable":true,"href":"https:\/\/www.volkswagen.es\/comunicacion\/wp-json\/wp\/v2\/tags?post=26013"}],"curies":[{"name":"wp","href":"https:\/\/api.w.org\/{rel}","templated":true}]}}