{"id":26008,"date":"2020-09-01T00:00:00","date_gmt":"2020-09-01T00:00:00","guid":{"rendered":"https:\/\/www.volkswagen.es\/2020\/09\/01\/el-id-r-ha-vuelto-volkswagen-electrifica-goodwood\/"},"modified":"2021-11-19T15:33:56","modified_gmt":"2021-11-19T15:33:56","slug":"el-id-r-ha-vuelto-volkswagen-electrifica-goodwood","status":"publish","type":"post","link":"https:\/\/www.volkswagen.es\/comunicacion\/el-id-r-ha-vuelto-volkswagen-electrifica-goodwood\/","title":{"rendered":"EL ID.R HA VUELTO: VOLKSWAGEN ELECTRIFICA GOODWOOD"},"content":{"rendered":"<p ><span>\u00abDurante d\u00e9cadas, Goodwood ha sido una aut\u00e9ntica atracci\u00f3n para los entusiastas del motor de todo el mundo, y estamos encantados de que los organizadores hayan lanzado la Semana de la Velocidad en estos tiempos tan dif\u00edciles\u00bb, dijo el Director de Volkswagen Motorsport, Sven Smeets. \u00abComo uno de los pocos eventos autom\u00f3viles que se celebrar\u00e1n este a\u00f1o, la Semana de la Velocidad ofrece una amplia cobertura. De esta forma, podemos volver a demostrar el fant\u00e1stico desarrollo de la movilidad el\u00e9ctrica en Volkswagen ante una audiencia de millones de personas, aunque, por desgracia, solo pueda ser por TV o por retransmisi\u00f3n en directo v\u00eda streaming.<\/span><\/p>\n<p ><span>ID.R, la figura deportiva de la familia ID.<\/span><\/p>\n<p ><span>Como figura deportiva de la familia ID., el ID.R acompa\u00f1ar\u00e1 el lanzamiento del ID.3<sup>1<\/sup> y el estreno mundial del ID.4<sup>2<\/sup>, los dos primeros modelos de serie totalmente el\u00e9ctricos de Volkswagen. La entrega del ID.3 S1<sup>st<\/sup> Edition, que est\u00e1 limitada a 30.000 coches, empezar\u00e1 en septiembre. El ID.3 se puede encargar desde este verano. El estreno mundial del ID.4 vendr\u00e1 poco despu\u00e9s. Esto permite a Volkswagen subrayar su ambici\u00f3n de convertirse en un l\u00edder global en el \u00e1mbito de la movilidad el\u00e9ctrica. La marca prev\u00e9 que en 2025 se produzcan 1,5 millones de coches el\u00e9ctricos.<\/span><\/p>\n<p ><span>Para el ID.R, la participaci\u00f3n en la Semana de la Velocidad supone un puente entre el pasado y el presente. El actual record de vuelta del Circuito de Goodwood se remonta a 1965 &#8211; y fue fijado por el F\u00f3rmula 1 de Jim Clark y Jackie Stewart, que consiguieron un tiempo de 1:20.4 minutos al volante de un coche de F\u00f3rmula 1 no oficial. Si el ID.R, que ya tiene el r\u00e9cord absoluto de la Colina de Goodwood, lograse un nuevo r\u00e9cord durante la Semana de la Velocidad, se convertir\u00eda en el coche m\u00e1s r\u00e1pido en ambos circuitos de Goodwood (la Colina y el Circuito). En total, el ID.R tiene actualmente cuatro r\u00e9cords en tres continentes: adem\u00e1s de los r\u00e9cords absolutos en la Colina de Goodwood, Pikes Peak (Colorado, EE.UU.) y la Monta\u00f1a de Tianmen (Zhangjiajie, China), tambi\u00e9n tiene el r\u00e9cord de vuelta m\u00e1s r\u00e1pida para coches el\u00e9ctricos en N\u00fcrburgring-Nordschleife (Alemania).<\/span><\/p>\n<p><span> <\/span><\/p>\n<p>\u00a0<\/p>\n<div ><sup>1<\/sup> ID.3 &#8211; Consumo de energ\u00eda NEDC en kWh\/100 km: combinado 14,5; emisiones de CO2 en g\/km: 0; categor\u00eda de eficiencia: A+.\u00a0<\/div>\n<p><span><\/p>\n<div ><sup>2<\/sup> ID.4 &#8211; El coche todav\u00eda no est\u00e1 a la venta en Europa<\/div>\n<p>  <\/span><\/p>\n<p>\u00a0<\/p>\n","protected":false},"excerpt":{"rendered":"Volkswagen Motorsport participar\u00e1 en la Semana de la Velocidad de Goodwood con el coche de carreras el\u00e9ctrico ID.REl que es uno de los mayores eventos para entusiastas del motor se celebra en el Circuito de","protected":false},"author":1,"featured_media":26012,"comment_status":"open","ping_status":"open","sticky":false,"template":"","format":"standard","meta":{"_acf_changed":false,"ep_exclude_from_search":false,"footnotes":""},"categories":[1],"tags":[],"class_list":["post-26008","post","type-post","status-publish","format-standard","has-post-thumbnail","hentry","category-pendiente_categorizar"],"acf":[],"_links":{"self":[{"href":"https:\/\/www.volkswagen.es\/comunicacion\/wp-json\/wp\/v2\/posts\/26008","targetHints":{"allow":["GET"]}}],"collection":[{"href":"https:\/\/www.volkswagen.es\/comunicacion\/wp-json\/wp\/v2\/posts"}],"about":[{"href":"https:\/\/www.volkswagen.es\/comunicacion\/wp-json\/wp\/v2\/types\/post"}],"author":[{"embeddable":true,"href":"https:\/\/www.volkswagen.es\/comunicacion\/wp-json\/wp\/v2\/users\/1"}],"replies":[{"embeddable":true,"href":"https:\/\/www.volkswagen.es\/comunicacion\/wp-json\/wp\/v2\/comments?post=26008"}],"version-history":[{"count":1,"href":"https:\/\/www.volkswagen.es\/comunicacion\/wp-json\/wp\/v2\/posts\/26008\/revisions"}],"predecessor-version":[{"id":26138,"href":"https:\/\/www.volkswagen.es\/comunicacion\/wp-json\/wp\/v2\/posts\/26008\/revisions\/26138"}],"wp:featuredmedia":[{"embeddable":true,"href":"https:\/\/www.volkswagen.es\/comunicacion\/wp-json\/wp\/v2\/media\/26012"}],"wp:attachment":[{"href":"https:\/\/www.volkswagen.es\/comunicacion\/wp-json\/wp\/v2\/media?parent=26008"}],"wp:term":[{"taxonomy":"category","embeddable":true,"href":"https:\/\/www.volkswagen.es\/comunicacion\/wp-json\/wp\/v2\/categories?post=26008"},{"taxonomy":"post_tag","embeddable":true,"href":"https:\/\/www.volkswagen.es\/comunicacion\/wp-json\/wp\/v2\/tags?post=26008"}],"curies":[{"name":"wp","href":"https:\/\/api.w.org\/{rel}","templated":true}]}}