{"id":25996,"date":"2020-08-13T00:00:00","date_gmt":"2020-08-13T00:00:00","guid":{"rendered":"https:\/\/www.volkswagen.es\/2020\/08\/13\/con-el-nuevo-renting-online-volkswagen-hace-mas-facil-disfrutar-de-un-id-3-1st\/"},"modified":"2021-11-24T11:53:29","modified_gmt":"2021-11-24T11:53:29","slug":"con-el-nuevo-renting-online-volkswagen-hace-mas-facil-disfrutar-de-un-id-3-1st","status":"publish","type":"post","link":"https:\/\/www.volkswagen.es\/comunicacion\/con-el-nuevo-renting-online-volkswagen-hace-mas-facil-disfrutar-de-un-id-3-1st\/","title":{"rendered":"Con el nuevo renting online Volkswagen hace m\u00e1s f\u00e1cil disfrutar de un ID.3 1ST"},"content":{"rendered":"<p ><span>Con este planteamiento como punto de partida, el \u00e1rea de Experiencia de Cliente de Volkswagen Espa\u00f1a ha desarrollado un nuevo servicio mediante el cual los clientes podr\u00e1n contratar de manera online, y sin necesidad de desplazarse al concesionario, el renting del ID.3 1st, la edici\u00f3n limitada del nuevo modelo de la marca, ya a la venta en nuestro pa\u00eds.<\/span><\/p>\n<p><span> <\/span><\/p>\n<p ><span>A trav\u00e9s de la web de Volkswagen, se podr\u00e1 formalizar el contrato de renting de manera r\u00e1pida, c\u00f3moda y sencilla.  Si el cliente lo desea, durante el proceso online podr\u00e1 contar con la ayuda de un ID Genius, un especialista en electromovilidad de la red de concesionarios Volkswagen, que le ofrecer\u00e1 un asesoramiento integral.<\/span><\/p>\n<p><span> <\/span><\/p>\n<p><span> <\/span><\/p>\n<p ><span>Este nuevo servicio online -prueba piloto de la marca en Espa\u00f1a- responde a la voluntad de Volkswagen de simplificar procesos y ofrecer servicios que se adaptan a las particularidades de cada cliente. \u00abNuestro principal objetivo es hacerle la vida m\u00e1s f\u00e1cil a nuestros clientes y poner a su disposici\u00f3n experiencias que les aporten valor. Con la contrataci\u00f3n online del renting del ID.3 1st queremos adaptarnos a sus necesidades, ya que la mayor\u00eda de los clientes del nuevo ID.3 son &#8216;early adopters&#8217;, personas que abrazan la tecnolog\u00eda y la digitalizaci\u00f3n en todos los aspectos de su vida, y la contrataci\u00f3n del renting de su veh\u00edculo debe ser uno m\u00e1s de ellos\u00bb, comenta Mateos. \u00abA trav\u00e9s de nuestra web, podr\u00e1n contatar el renting de acuerdo con las condiciones que elijan. Ser\u00e1 un proceso similar al de cualquier otro servicio de pago por uso como Netflix o Spotify, por ejemplo\u00bb.<\/span><\/p>\n<p><span> <\/span><\/p>\n<p ><span>La llegada del ID.3 representa, sin duda, un importante impulso a la estrategia de Experiencia de Cliente de Volkswagen ya que, adem\u00e1s de esta novedosa iniciativa online, la marca ha desarrollado un completo ecosistema de servicios alrededor del coche -Volkswagen We- que har\u00e1 la experiencia de cliente mucho m\u00e1s completa.<\/span><\/p>\n<p><span> <\/span><\/p>\n<p >Ventajas para los clientes del ID.3 1st<\/p>\n<p ><span>Todos aquellos clientes que formalicen su pedido del ID.3 1st antes del 10 de septiembre -ya sea a trav\u00e9s de la web o acudiendo a un concesionario de la marca- <span>recibir\u00e1n una serie de ventajas y ayudas, y formar\u00e1n parte del Club ID.3 1st Mover Club, que les proporcionar\u00e1 atenci\u00f3n personalizada.<\/span><\/span><\/p>\n<p ><span>En lo que respecta a la financiaci\u00f3n, al realizar la operaci\u00f3n a trav\u00e9s de MyRenting con Volkswagen Financial Services, el cliente obtendr\u00e1 3 cuotas mensuales gratis. Adem\u00e1s, recibir\u00e1 un a\u00f1o de carga gratuita con una capacidad m\u00e1xima de 2.000kWh \u00f3 600\u20ac en puntos de carga Ionity, y en todos los puntos de carga conectados al servicio We Charge repartidos por Europa. Actualmente, Volkswagen cuenta en Espa\u00f1a con 500 puntos de carga, pero la previsi\u00f3n es finalizar 2020 con 1.300 puntos adheridos a We Charge.<\/span><\/p>\n<p><span> <\/span><\/p>\n<p ><span>Los clientes se podr\u00e1n beneficiar de las ayudas del Plan Moves II del Gobierno para la contrataci\u00f3n del Renting de su ID.3.<\/span><\/p>\n","protected":false},"excerpt":{"rendered":"Se podr\u00e1 contratar a trav\u00e9s de la web de Volkswagen de manera sencilla y en pocos pasosUn asesor especializado en la gama el\u00e9ctrica ID asistir\u00e1 al cliente durante todo el proceso onlineAquellos clientes que formalicen","protected":false},"author":1,"featured_media":25999,"comment_status":"open","ping_status":"open","sticky":false,"template":"","format":"standard","meta":{"_acf_changed":false,"ep_exclude_from_search":false,"footnotes":""},"categories":[202],"tags":[],"class_list":["post-25996","post","type-post","status-publish","format-standard","has-post-thumbnail","hentry","category-id-3"],"acf":[],"_links":{"self":[{"href":"https:\/\/www.volkswagen.es\/comunicacion\/wp-json\/wp\/v2\/posts\/25996","targetHints":{"allow":["GET"]}}],"collection":[{"href":"https:\/\/www.volkswagen.es\/comunicacion\/wp-json\/wp\/v2\/posts"}],"about":[{"href":"https:\/\/www.volkswagen.es\/comunicacion\/wp-json\/wp\/v2\/types\/post"}],"author":[{"embeddable":true,"href":"https:\/\/www.volkswagen.es\/comunicacion\/wp-json\/wp\/v2\/users\/1"}],"replies":[{"embeddable":true,"href":"https:\/\/www.volkswagen.es\/comunicacion\/wp-json\/wp\/v2\/comments?post=25996"}],"version-history":[{"count":2,"href":"https:\/\/www.volkswagen.es\/comunicacion\/wp-json\/wp\/v2\/posts\/25996\/revisions"}],"predecessor-version":[{"id":52482,"href":"https:\/\/www.volkswagen.es\/comunicacion\/wp-json\/wp\/v2\/posts\/25996\/revisions\/52482"}],"wp:featuredmedia":[{"embeddable":true,"href":"https:\/\/www.volkswagen.es\/comunicacion\/wp-json\/wp\/v2\/media\/25999"}],"wp:attachment":[{"href":"https:\/\/www.volkswagen.es\/comunicacion\/wp-json\/wp\/v2\/media?parent=25996"}],"wp:term":[{"taxonomy":"category","embeddable":true,"href":"https:\/\/www.volkswagen.es\/comunicacion\/wp-json\/wp\/v2\/categories?post=25996"},{"taxonomy":"post_tag","embeddable":true,"href":"https:\/\/www.volkswagen.es\/comunicacion\/wp-json\/wp\/v2\/tags?post=25996"}],"curies":[{"name":"wp","href":"https:\/\/api.w.org\/{rel}","templated":true}]}}